{"id":263,"date":"2005-03-05T19:32:22","date_gmt":"2005-03-05T18:32:22","guid":{"rendered":"http:\/\/textundblog.de\/?p=263"},"modified":"2005-03-05T19:36:40","modified_gmt":"2005-03-05T18:36:40","slug":"lomografia","status":"publish","type":"post","link":"https:\/\/textundblog.de\/?p=263","title":{"rendered":"Lomograf\u00eda"},"content":{"rendered":"<p><a href=\"http:\/\/pjorge.com\/archivo\/2005\/3\/3\/15:23:05\/\"><img loading=\"lazy\" decoding=\"async\" src=\".\/wp-content\/supersampler.jpg\" width=\"187\" height=\"140\" alt=\"Supersampler\" title=\"Supersampler\" \/><img loading=\"lazy\" decoding=\"async\" src=\".\/wp-content\/supersamplerspan.jpg\" width=\"210\" height=\"140\" alt=\"Supersampler Pedro Jorge Romero\" title=\"Supersampler Pedro Jorge Romero\" \/><\/a><br \/>\nPedro Jorge Romero aus Spanien <a href=\"http:\/\/pjorge.com\/archivo\/2005\/3\/3\/15:23:05\/\">entdeckt die Lomographie<\/a> am Beispiel des Supersamplers. Und er sch\u00e4tzt die Tatsache, dass hier noch analog fotografiert wird:<\/p>\n<blockquote><p>No creo que esta c\u00e1mara ganase nada siendo digital. Digitalmente supongo que ser\u00eda trivial hacer algo as\u00ed, pero parte de la gracia consiste precisamente en no saber qu\u00e9 est\u00e1s haciendo y tener que esperar al revelado para comprobar qu\u00e9 ha salido. Es m\u00e1s, incluso los fallos tienen su gracia.<\/p><\/blockquote>\n","protected":false},"excerpt":{"rendered":"<p>Pedro Jorge Romero aus Spanien entdeckt die Lomographie am Beispiel des Supersamplers. Und er sch\u00e4tzt die Tatsache, dass hier noch analog fotografiert wird: No creo que esta c\u00e1mara ganase nada siendo digital. Digitalmente supongo que ser\u00eda trivial hacer algo as\u00ed, pero parte de la gracia consiste precisamente en no saber qu\u00e9 est\u00e1s haciendo y tener [&hellip;]<\/p>\n","protected":false},"author":1,"featured_media":0,"comment_status":"open","ping_status":"open","sticky":false,"template":"","format":"standard","meta":{"site-sidebar-layout":"default","site-content-layout":"","ast-site-content-layout":"default","site-content-style":"default","site-sidebar-style":"default","ast-global-header-display":"","ast-banner-title-visibility":"","ast-main-header-display":"","ast-hfb-above-header-display":"","ast-hfb-below-header-display":"","ast-hfb-mobile-header-display":"","site-post-title":"","ast-breadcrumbs-content":"","ast-featured-img":"","footer-sml-layout":"","theme-transparent-header-meta":"","adv-header-id-meta":"","stick-header-meta":"","header-above-stick-meta":"","header-main-stick-meta":"","header-below-stick-meta":"","astra-migrate-meta-layouts":"default","ast-page-background-enabled":"default","ast-page-background-meta":{"desktop":{"background-color":"var(--ast-global-color-4)","background-image":"","background-repeat":"repeat","background-position":"center center","background-size":"auto","background-attachment":"scroll","background-type":"","background-media":"","overlay-type":"","overlay-color":"","overlay-opacity":"","overlay-gradient":""},"tablet":{"background-color":"","background-image":"","background-repeat":"repeat","background-position":"center center","background-size":"auto","background-attachment":"scroll","background-type":"","background-media":"","overlay-type":"","overlay-color":"","overlay-opacity":"","overlay-gradient":""},"mobile":{"background-color":"","background-image":"","background-repeat":"repeat","background-position":"center center","background-size":"auto","background-attachment":"scroll","background-type":"","background-media":"","overlay-type":"","overlay-color":"","overlay-opacity":"","overlay-gradient":""}},"ast-content-background-meta":{"desktop":{"background-color":"var(--ast-global-color-5)","background-image":"","background-repeat":"repeat","background-position":"center center","background-size":"auto","background-attachment":"scroll","background-type":"","background-media":"","overlay-type":"","overlay-color":"","overlay-opacity":"","overlay-gradient":""},"tablet":{"background-color":"var(--ast-global-color-5)","background-image":"","background-repeat":"repeat","background-position":"center center","background-size":"auto","background-attachment":"scroll","background-type":"","background-media":"","overlay-type":"","overlay-color":"","overlay-opacity":"","overlay-gradient":""},"mobile":{"background-color":"var(--ast-global-color-5)","background-image":"","background-repeat":"repeat","background-position":"center center","background-size":"auto","background-attachment":"scroll","background-type":"","background-media":"","overlay-type":"","overlay-color":"","overlay-opacity":"","overlay-gradient":""}},"ngg_post_thumbnail":0,"jetpack_post_was_ever_published":false,"_jetpack_newsletter_access":"","_jetpack_dont_email_post_to_subs":false,"_jetpack_newsletter_tier_id":0,"_jetpack_memberships_contains_paywalled_content":false,"_jetpack_memberships_contains_paid_content":false,"footnotes":""},"categories":[10,8],"tags":[],"class_list":["post-263","post","type-post","status-publish","format-standard","hentry","category-foto","category-spanisch"],"jetpack_featured_media_url":"","jetpack_sharing_enabled":true,"jetpack_shortlink":"https:\/\/wp.me\/p4uzZ-4f","jetpack-related-posts":[{"id":319,"url":"https:\/\/textundblog.de\/?p=319","url_meta":{"origin":263,"position":0},"title":"Blogs: das Beste was dem Journalismus passieren konnte","author":"Markus","date":"24\/3\/2005","format":false,"excerpt":"Tom Wolfe (selbst flei\u00dfiger Blogleser) diese Woche in El Pa\u00eds: Y los blogs son, probablemente, algo bueno: toda esa gente que hace circular informaci\u00f3n. Seguramente es lo mejor que le ha ocurrido al periodismo. La mayor\u00eda de los blogs es una basura; pero, si se busca, siempre se puede encontrar\u2026","rel":"","context":"In &quot;Artikel&quot;","block_context":{"text":"Artikel","link":"https:\/\/textundblog.de\/?cat=5"},"img":{"alt_text":"","src":"","width":0,"height":0},"classes":[]},{"id":1814,"url":"https:\/\/textundblog.de\/?p=1814","url_meta":{"origin":263,"position":1},"title":"Almod\u00f3var: Das Gesetz der Begierde","author":"Markus","date":"12\/9\/2007","format":false,"excerpt":"Ich habe vorgestern schon auf die Almod\u00f3var-Reihe auf arte hingewiesen. Heute Nacht (23:10 Uhr) l\u00e4uft ein weiterer Streifen des spanischen Regisseurs, \u00abDas Gesetz der Begierde\u00bb (1986), auf dem deutsch-franz\u00f6sischen Kulturkanal, der viel zu wenig Zuschauer hat, weil viele lieber seichte Kost auf den anderen TV-Stationen konsumieren. Auch ich werde das\u2026","rel":"","context":"In &quot;Kino&quot;","block_context":{"text":"Kino","link":"https:\/\/textundblog.de\/?cat=2"},"img":{"alt_text":"La Ley del Deseo - Das Gesetz der Begierde","src":"https:\/\/i0.wp.com\/textundblog.de\/wp-content\/laleydeldeseo.jpg?resize=350%2C200&ssl=1","width":350,"height":200},"classes":[]},{"id":402,"url":"https:\/\/textundblog.de\/?p=402","url_meta":{"origin":263,"position":2},"title":"Preis f\u00fcr &#8222;El Documentalista Enredado&#8220;","author":"Markus","date":"21\/6\/2005","format":false,"excerpt":"Bitacoras.com hat die besten Weblogs 2004 der spanischsprachigen Welt ausgezeichnet: Gl\u00fcckwunsch an das bibliothekarische Weblog \"El Documentalista Enredado\". \u00a1Felicidades! Mit folgenden selbstlosen Worten geben die Betreiber den Preis an ihre Leser weiter: Sois vosotros los que nos espole\u00e1is hacia adelante, los que nos empuj\u00e1is a buscar tiras c\u00f3micas, los que\u2026","rel":"","context":"In &quot;Internet&quot;","block_context":{"text":"Internet","link":"https:\/\/textundblog.de\/?cat=4"},"img":{"alt_text":"","src":"","width":0,"height":0},"classes":[]},{"id":707,"url":"https:\/\/textundblog.de\/?p=707","url_meta":{"origin":263,"position":3},"title":"6 Jahre Biblioteca Virtual Miguel de Cervantes","author":"Markus","date":"10\/1\/2006","format":false,"excerpt":"El Pa\u00eds-Interiew mit Juan Manuel Abascal, dem Direktor der \u00abBiblioteca Virtual Miguel de Cervantes\u00bb: \u00abLos autores perciben ya que las bibliotecas virtuales no son una amenaza\u00bb. Dort \u00e4u\u00dfert er sich \u00fcber die zur\u00fcckliegenden sechs Jahre der Virtuellen Bibliothek, \u00fcber aktuelle Digitalisierungsfortschritte, \u00fcber Urheberrechte und die erfolgreichsten Digitalisate der Biblioteca Virtual:\u2026","rel":"","context":"In &quot;Artikel&quot;","block_context":{"text":"Artikel","link":"https:\/\/textundblog.de\/?cat=5"},"img":{"alt_text":"","src":"","width":0,"height":0},"classes":[]},{"id":587,"url":"https:\/\/textundblog.de\/?p=587","url_meta":{"origin":263,"position":4},"title":"Utopie einer Weltsprache","author":"Markus","date":"17\/10\/2005","format":false,"excerpt":"Arsenio Escolar von der Interntezeitung \u00bb20 minutos\u00ab: schreibt in seinem Blog \u00fcber die These, dass in einem Jahrhundert drei Viertel aller Sprachen auf der Welt verschwunden sein k\u00f6nnten: \u00bbLa utop\u00eda de la lengua universal\u00ab. Casi todos los expertos en ling\u00fc\u00edstica coinciden en que en un siglo habr\u00e1n desaparecido tres cuartas\u2026","rel":"","context":"In &quot;Artikel&quot;","block_context":{"text":"Artikel","link":"https:\/\/textundblog.de\/?cat=5"},"img":{"alt_text":"","src":"","width":0,"height":0},"classes":[]},{"id":4177,"url":"https:\/\/textundblog.de\/?p=4177","url_meta":{"origin":263,"position":5},"title":"Spanische Demonstrationen #19J in Zahl und Bild","author":"Markus","date":"20\/6\/2011","format":false,"excerpt":"Direktlink YouTube Was gestern beim #19J, den Demonstrationen vom 19. Juni, in Spanien los war, hat all denen, die nach dem Beschluss die Camps aufzul\u00f6sen, dachten, es rege sich kein Protest mehr in der spanischen Bev\u00f6lkerung, gezeigt, dass das Gegenteil der Fall ist. Dieses eindrucksvolle kurze Video zeigt die Menschenansammlung\u2026","rel":"","context":"In &quot;Politik&quot;","block_context":{"text":"Politik","link":"https:\/\/textundblog.de\/?cat=9"},"img":{"alt_text":"","src":"","width":0,"height":0},"classes":[]}],"_links":{"self":[{"href":"https:\/\/textundblog.de\/index.php?rest_route=\/wp\/v2\/posts\/263","targetHints":{"allow":["GET"]}}],"collection":[{"href":"https:\/\/textundblog.de\/index.php?rest_route=\/wp\/v2\/posts"}],"about":[{"href":"https:\/\/textundblog.de\/index.php?rest_route=\/wp\/v2\/types\/post"}],"author":[{"embeddable":true,"href":"https:\/\/textundblog.de\/index.php?rest_route=\/wp\/v2\/users\/1"}],"replies":[{"embeddable":true,"href":"https:\/\/textundblog.de\/index.php?rest_route=%2Fwp%2Fv2%2Fcomments&post=263"}],"version-history":[{"count":0,"href":"https:\/\/textundblog.de\/index.php?rest_route=\/wp\/v2\/posts\/263\/revisions"}],"wp:attachment":[{"href":"https:\/\/textundblog.de\/index.php?rest_route=%2Fwp%2Fv2%2Fmedia&parent=263"}],"wp:term":[{"taxonomy":"category","embeddable":true,"href":"https:\/\/textundblog.de\/index.php?rest_route=%2Fwp%2Fv2%2Fcategories&post=263"},{"taxonomy":"post_tag","embeddable":true,"href":"https:\/\/textundblog.de\/index.php?rest_route=%2Fwp%2Fv2%2Ftags&post=263"}],"curies":[{"name":"wp","href":"https:\/\/api.w.org\/{rel}","templated":true}]}}