{"id":254,"date":"2005-03-02T22:47:19","date_gmt":"2005-03-02T21:47:19","guid":{"rendered":"http:\/\/textundblog.de\/?p=254"},"modified":"2005-03-02T22:52:47","modified_gmt":"2005-03-02T21:52:47","slug":"gestaltung-von-kulturprojekten","status":"publish","type":"post","link":"https:\/\/textundblog.de\/?p=254","title":{"rendered":"Gestaltung von Kulturprojekten"},"content":{"rendered":"<p><a href=\"http:\/\/www.dosdoce.com\/pagina_nueva_108.htm\"><img loading=\"lazy\" decoding=\"async\" src=\".\/wp-content\/disenocultural.jpg\" width=\"88\" height=\"140\" alt=\"DISE\u00d1O DE PROYECTOS CULTURALES\" title=\"DISE\u00d1O DE PROYECTOS CULTURALES\" \/><\/a><br \/>\nInteressante und (zu?) selbstbewu\u00dfte Betrachtungen zur Bedeutung der Kultur und ihrer medialen Verbreitung im spanischsprachigen Raum des 21. Jahrhunderts in der Rezension des Buches &#8222;DISE\u00d1O DE PROYECTOS CULTURALES&#8220; von David Rosell\u00f3:<\/p>\n<blockquote><p>Nos encontramos ante un cambio de civilizaci\u00f3n donde la industria cultural jugar\u00e1 un papel clave en la sociedad del conocimiento del siglo XXI. Muchos pensadores opinan que s\u00f3lo aquellas sociedades abiertas, activas e innovadoras, en otras palabras, que tengan una gran diversidad cultural, ser\u00e1n las que sobrevivan. Hay que tener en cuenta que la industria cultural empieza a ser importante en la econom\u00eda mundial; el 11% del PIB mundial se genera a trav\u00e9s de la industria cultural. Espa\u00f1a ocupa el sexto lugar en ese ranking mundial de industrias culturales; por tanto, nuestro futuro econ\u00f3mico y pol\u00edtico en el mundo depende en gran medida de lo que Espa\u00f1a sea capaz de hacer en este campo.<\/p><\/blockquote>\n<p>[Revista Cultural: <a href=\"http:\/\/www.dosdoce.com\/index.htm\">dosdoce.com<\/a>; diese wirklich gut gemachte Kulturzeitschrift habe ich durch <a href=\"http:\/\/octaviorojas.blogspot.com\/2005\/03\/dosdoce-cumple-un-ao-enhorabuena.html\">Octavio Rojas<\/a> entdeckt]<\/p>\n","protected":false},"excerpt":{"rendered":"<p>Interessante und (zu?) selbstbewu\u00dfte Betrachtungen zur Bedeutung der Kultur und ihrer medialen Verbreitung im spanischsprachigen Raum des 21. Jahrhunderts in der Rezension des Buches &#8222;DISE\u00d1O DE PROYECTOS CULTURALES&#8220; von David Rosell\u00f3: Nos encontramos ante un cambio de civilizaci\u00f3n donde la industria cultural jugar\u00e1 un papel clave en la sociedad del conocimiento del siglo XXI. Muchos [&hellip;]<\/p>\n","protected":false},"author":1,"featured_media":0,"comment_status":"open","ping_status":"open","sticky":false,"template":"","format":"standard","meta":{"site-sidebar-layout":"default","site-content-layout":"","ast-site-content-layout":"default","site-content-style":"default","site-sidebar-style":"default","ast-global-header-display":"","ast-banner-title-visibility":"","ast-main-header-display":"","ast-hfb-above-header-display":"","ast-hfb-below-header-display":"","ast-hfb-mobile-header-display":"","site-post-title":"","ast-breadcrumbs-content":"","ast-featured-img":"","footer-sml-layout":"","theme-transparent-header-meta":"","adv-header-id-meta":"","stick-header-meta":"","header-above-stick-meta":"","header-main-stick-meta":"","header-below-stick-meta":"","astra-migrate-meta-layouts":"default","ast-page-background-enabled":"default","ast-page-background-meta":{"desktop":{"background-color":"var(--ast-global-color-4)","background-image":"","background-repeat":"repeat","background-position":"center center","background-size":"auto","background-attachment":"scroll","background-type":"","background-media":"","overlay-type":"","overlay-color":"","overlay-opacity":"","overlay-gradient":""},"tablet":{"background-color":"","background-image":"","background-repeat":"repeat","background-position":"center center","background-size":"auto","background-attachment":"scroll","background-type":"","background-media":"","overlay-type":"","overlay-color":"","overlay-opacity":"","overlay-gradient":""},"mobile":{"background-color":"","background-image":"","background-repeat":"repeat","background-position":"center center","background-size":"auto","background-attachment":"scroll","background-type":"","background-media":"","overlay-type":"","overlay-color":"","overlay-opacity":"","overlay-gradient":""}},"ast-content-background-meta":{"desktop":{"background-color":"var(--ast-global-color-5)","background-image":"","background-repeat":"repeat","background-position":"center center","background-size":"auto","background-attachment":"scroll","background-type":"","background-media":"","overlay-type":"","overlay-color":"","overlay-opacity":"","overlay-gradient":""},"tablet":{"background-color":"var(--ast-global-color-5)","background-image":"","background-repeat":"repeat","background-position":"center center","background-size":"auto","background-attachment":"scroll","background-type":"","background-media":"","overlay-type":"","overlay-color":"","overlay-opacity":"","overlay-gradient":""},"mobile":{"background-color":"var(--ast-global-color-5)","background-image":"","background-repeat":"repeat","background-position":"center center","background-size":"auto","background-attachment":"scroll","background-type":"","background-media":"","overlay-type":"","overlay-color":"","overlay-opacity":"","overlay-gradient":""}},"ngg_post_thumbnail":0,"jetpack_post_was_ever_published":false,"_jetpack_newsletter_access":"","_jetpack_dont_email_post_to_subs":false,"_jetpack_newsletter_tier_id":0,"_jetpack_memberships_contains_paywalled_content":false,"_jetpack_memberships_contains_paid_content":false,"footnotes":""},"categories":[5,8],"tags":[],"class_list":["post-254","post","type-post","status-publish","format-standard","hentry","category-artikel","category-spanisch"],"jetpack_featured_media_url":"","jetpack_sharing_enabled":true,"jetpack_shortlink":"https:\/\/wp.me\/p4uzZ-46","jetpack-related-posts":[{"id":974,"url":"https:\/\/textundblog.de\/?p=974","url_meta":{"origin":254,"position":0},"title":"Neue Technologien, neue Leser!","author":"Markus","date":"31\/5\/2006","format":false,"excerpt":"Neue Technologien, neue Leser. Jawoll! Auch in Spanien hat man die Bedeutung von Weblogs zur Verbreitung von Literatur erkannt und so berichtet Javier Celaya zum Abschlu\u00df einer Kinder- Jugend- und Schulbuch-Tagung in Salamanca (XIV Jornadas de Bibliotecas Infantiles, Juveniles y Escolares): Sin lugar a dudas, los blogs son una nueva\u2026","rel":"","context":"In &quot;Artikel&quot;","block_context":{"text":"Artikel","link":"https:\/\/textundblog.de\/?cat=5"},"img":{"alt_text":"","src":"","width":0,"height":0},"classes":[]},{"id":1228,"url":"https:\/\/textundblog.de\/?p=1228","url_meta":{"origin":254,"position":1},"title":"Spanischer Nationalfeiertag: Galerie der Hispanidad","author":"Markus","date":"12\/10\/2006","format":false,"excerpt":"Der heutige 12. Oktober ist Spanischer Nationalfeiertag (D\u00eda de la Hispanidad). Spanien feiert aber an diesem Tag nicht nur die Entdeckung Amerikas durch Christoph Kolumbus, sondern - wie aus der Bezeichnung \u00abD\u00eda de Hispanidad\u00bb hervorgeht, die hispanistische Kulturgemeinschaft. Das spanische Blog \u00abLa Coctelera: UN MUNDO POR CIVILIZAR\u00bb stellt aus diesem\u2026","rel":"","context":"In &quot;Foto&quot;","block_context":{"text":"Foto","link":"https:\/\/textundblog.de\/?cat=10"},"img":{"alt_text":"Flaggen der Hispanidad","src":"https:\/\/i0.wp.com\/www.textundblog.de\/wp-content\/hispanidad.jpg?resize=350%2C200","width":350,"height":200},"classes":[]},{"id":662,"url":"https:\/\/textundblog.de\/?p=662","url_meta":{"origin":254,"position":2},"title":"Boomeran(g) &#8211; Literaturblog aus Lateinamerika und Spanien","author":"Markus","date":"30\/11\/2005","format":false,"excerpt":"Beachtliches literarisches Blog-Projekt: Nach dem Boom der Lateinamerikanischen Literatur gibt es nun den Boomeran(g) der selbigen: \u00abEl Boomeran(g)\u00bb. F\u00fcnf Autoren aus Lateinamerika und Spanien bloggen gemeinschaftlich aus verschieden St\u00e4dten der Welt: Santiago Roncaglioto (Barcelona), H\u00e9ctor Feliciano (Nueva York), Jorge Volpi (M\u00e9xico), Marcelo Figueras (Buenos Aires), Jean-Francois Fogel (Par\u00eds) und F\u00e9lix\u2026","rel":"","context":"In &quot;Internet&quot;","block_context":{"text":"Internet","link":"https:\/\/textundblog.de\/?cat=4"},"img":{"alt_text":"","src":"","width":0,"height":0},"classes":[]},{"id":1017,"url":"https:\/\/textundblog.de\/?p=1017","url_meta":{"origin":254,"position":3},"title":"Respekt und Dank an Mexiko","author":"Markus","date":"25\/6\/2006","format":false,"excerpt":"Ich m\u00fc\u00dfte am Boden zerst\u00f6rt sein, ist doch meine Mannschaft, Mexiko, gestern im Achtelfinale gegen Argentinien ausgeschieden. Nat\u00fcrlich bin ich traurig, aber auch stolz auf die Leistung der Mexikaner. Kaum jemand (au\u00dfer mir?) hatte sie auf der Rechnung, und beinahe w\u00e4re ihnen die erhoffte Sensation gelungen. Klar: Knapp vorbei ist\u2026","rel":"","context":"In &quot;Artikel&quot;","block_context":{"text":"Artikel","link":"https:\/\/textundblog.de\/?cat=5"},"img":{"alt_text":"Gracias, M\u00e9xico","src":"https:\/\/i0.wp.com\/www.textundblog.de\/wp-content\/graciasmexico.jpg?resize=350%2C200","width":350,"height":200},"classes":[]},{"id":462,"url":"https:\/\/textundblog.de\/?p=462","url_meta":{"origin":254,"position":4},"title":"Gott ist Baske","author":"Markus","date":"25\/7\/2005","format":false,"excerpt":"\"Gott ist Baske\" und \"Wir werden alle als Basken geboren\", sind nur zwei der \"wissenschaftlichen\" Thesen dieser humoristischen Betrachtung von Topoi nationaler Identit\u00e4ten. De todos es conocido, incluso de los ateos, que Dios cre\u00f3 el mundo en seis d\u00edas y el s\u00e9ptimo descans\u00f3: Y bendijo Dios el d\u00eda s\u00e9ptimo y\u2026","rel":"","context":"In &quot;Literatur&quot;","block_context":{"text":"Literatur","link":"https:\/\/textundblog.de\/?cat=11"},"img":{"alt_text":"Todos nacemos Vascos","src":".\/wp-content\/todosnacemosvascos.jpg","width":350,"height":200},"classes":[]},{"id":1297,"url":"https:\/\/textundblog.de\/?p=1297","url_meta":{"origin":254,"position":5},"title":"Spanische Studie zur Medienkonvergenz","author":"Markus","date":"16\/11\/2006","format":false,"excerpt":"Jos\u00e9 Luis Orihuela, profunder Kenner der spanischen Medien, und Autor des Blogs eCuaderno k\u00fcndigt eine umfassende Studie zur Medienkonvergenz in Spanien an: \u00abEstudiando la convergencia en los medios\u00bb: Un conjunto de grupos de investigaci\u00f3n de diversas universidades espa\u00f1olas estamos estudiando la \u00abConvergencia digital en los medios de comunicaci\u00f3n\u00bb en Espa\u00f1a.\u2026","rel":"","context":"In &quot;Internet&quot;","block_context":{"text":"Internet","link":"https:\/\/textundblog.de\/?cat=4"},"img":{"alt_text":"","src":"","width":0,"height":0},"classes":[]}],"_links":{"self":[{"href":"https:\/\/textundblog.de\/index.php?rest_route=\/wp\/v2\/posts\/254","targetHints":{"allow":["GET"]}}],"collection":[{"href":"https:\/\/textundblog.de\/index.php?rest_route=\/wp\/v2\/posts"}],"about":[{"href":"https:\/\/textundblog.de\/index.php?rest_route=\/wp\/v2\/types\/post"}],"author":[{"embeddable":true,"href":"https:\/\/textundblog.de\/index.php?rest_route=\/wp\/v2\/users\/1"}],"replies":[{"embeddable":true,"href":"https:\/\/textundblog.de\/index.php?rest_route=%2Fwp%2Fv2%2Fcomments&post=254"}],"version-history":[{"count":0,"href":"https:\/\/textundblog.de\/index.php?rest_route=\/wp\/v2\/posts\/254\/revisions"}],"wp:attachment":[{"href":"https:\/\/textundblog.de\/index.php?rest_route=%2Fwp%2Fv2%2Fmedia&parent=254"}],"wp:term":[{"taxonomy":"category","embeddable":true,"href":"https:\/\/textundblog.de\/index.php?rest_route=%2Fwp%2Fv2%2Fcategories&post=254"},{"taxonomy":"post_tag","embeddable":true,"href":"https:\/\/textundblog.de\/index.php?rest_route=%2Fwp%2Fv2%2Ftags&post=254"}],"curies":[{"name":"wp","href":"https:\/\/api.w.org\/{rel}","templated":true}]}}