{"id":253,"date":"2005-03-02T20:35:58","date_gmt":"2005-03-02T19:35:58","guid":{"rendered":"http:\/\/textundblog.de\/?p=253"},"modified":"2005-03-02T20:44:21","modified_gmt":"2005-03-02T19:44:21","slug":"digitale-delicatessen","status":"publish","type":"post","link":"https:\/\/textundblog.de\/?p=253","title":{"rendered":"Digitale Delikatessen"},"content":{"rendered":"<p><img loading=\"lazy\" decoding=\"async\" src=\".\/wp-content\/digitaledelikatessen.jpg\" width=\"300\" height=\"150\" alt=\"Georgi and the Butterflies\" title=\"Georgi and the Butterflies\" \/> Foto aus dem bulgarischen Film &#8222;<a href=\"http:\/\/www.georgiandthebutterflies.com\/\">Georgi and the Butterflies<\/a>&#8220;<br \/>\nDigitale Delicatessen ist der Titel des <a href=\"http:\/\/www.heise.de\/tp\/r4\/artikel\/19\/19560\/1.html\">telepolis-Artikels<\/a> von Helmut Merschmann \u00fcber das heute mit dem d\u00e4nischen Film &#8222;The Swenkas&#8220; startende Prestigeprojekt des digitalen Kinos, der &#8222;European DocuZone&#8220;.<\/p>\n<blockquote><p>Wirft man einen Blick in die wohl nicht mehr ferne Zukunft des Kinos, dann hat sich vor allem dessen Distribution bald revolutioniert. Statt kilometerlanger Zelluloidstreifen flie\u00dfen Datenstr\u00f6me erst durch den \u00c4ther und dann durch einen Digitalprojektor, um als Film auf der Leinwand zu erscheinen. Per Satellit gelangt frische Hollywood-Ware direkt in die Kinos, wird auf Festplatten zwischengelagert und per Knopfdruck abgespielt. Verregnete Filmstreifen sind dann Schnee von gestern.<\/p><\/blockquote>\n","protected":false},"excerpt":{"rendered":"<p>Foto aus dem bulgarischen Film &#8222;Georgi and the Butterflies&#8220; Digitale Delicatessen ist der Titel des telepolis-Artikels von Helmut Merschmann \u00fcber das heute mit dem d\u00e4nischen Film &#8222;The Swenkas&#8220; startende Prestigeprojekt des digitalen Kinos, der &#8222;European DocuZone&#8220;. Wirft man einen Blick in die wohl nicht mehr ferne Zukunft des Kinos, dann hat sich vor allem dessen [&hellip;]<\/p>\n","protected":false},"author":1,"featured_media":0,"comment_status":"open","ping_status":"open","sticky":false,"template":"","format":"standard","meta":{"site-sidebar-layout":"default","site-content-layout":"","ast-site-content-layout":"default","site-content-style":"default","site-sidebar-style":"default","ast-global-header-display":"","ast-banner-title-visibility":"","ast-main-header-display":"","ast-hfb-above-header-display":"","ast-hfb-below-header-display":"","ast-hfb-mobile-header-display":"","site-post-title":"","ast-breadcrumbs-content":"","ast-featured-img":"","footer-sml-layout":"","theme-transparent-header-meta":"","adv-header-id-meta":"","stick-header-meta":"","header-above-stick-meta":"","header-main-stick-meta":"","header-below-stick-meta":"","astra-migrate-meta-layouts":"default","ast-page-background-enabled":"default","ast-page-background-meta":{"desktop":{"background-color":"var(--ast-global-color-4)","background-image":"","background-repeat":"repeat","background-position":"center center","background-size":"auto","background-attachment":"scroll","background-type":"","background-media":"","overlay-type":"","overlay-color":"","overlay-opacity":"","overlay-gradient":""},"tablet":{"background-color":"","background-image":"","background-repeat":"repeat","background-position":"center center","background-size":"auto","background-attachment":"scroll","background-type":"","background-media":"","overlay-type":"","overlay-color":"","overlay-opacity":"","overlay-gradient":""},"mobile":{"background-color":"","background-image":"","background-repeat":"repeat","background-position":"center center","background-size":"auto","background-attachment":"scroll","background-type":"","background-media":"","overlay-type":"","overlay-color":"","overlay-opacity":"","overlay-gradient":""}},"ast-content-background-meta":{"desktop":{"background-color":"var(--ast-global-color-5)","background-image":"","background-repeat":"repeat","background-position":"center center","background-size":"auto","background-attachment":"scroll","background-type":"","background-media":"","overlay-type":"","overlay-color":"","overlay-opacity":"","overlay-gradient":""},"tablet":{"background-color":"var(--ast-global-color-5)","background-image":"","background-repeat":"repeat","background-position":"center center","background-size":"auto","background-attachment":"scroll","background-type":"","background-media":"","overlay-type":"","overlay-color":"","overlay-opacity":"","overlay-gradient":""},"mobile":{"background-color":"var(--ast-global-color-5)","background-image":"","background-repeat":"repeat","background-position":"center center","background-size":"auto","background-attachment":"scroll","background-type":"","background-media":"","overlay-type":"","overlay-color":"","overlay-opacity":"","overlay-gradient":""}},"ngg_post_thumbnail":0,"jetpack_post_was_ever_published":false,"_jetpack_newsletter_access":"","_jetpack_dont_email_post_to_subs":false,"_jetpack_newsletter_tier_id":0,"_jetpack_memberships_contains_paywalled_content":false,"_jetpack_memberships_contains_paid_content":false,"footnotes":""},"categories":[2],"tags":[],"class_list":["post-253","post","type-post","status-publish","format-standard","hentry","category-kino"],"jetpack_featured_media_url":"","jetpack_sharing_enabled":true,"jetpack_shortlink":"https:\/\/wp.me\/p4uzZ-45","jetpack-related-posts":[{"id":3308,"url":"https:\/\/textundblog.de\/?p=3308","url_meta":{"origin":253,"position":0},"title":"James Camerons 3D-Epos Avatar","author":"Markus","date":"14\/12\/2009","format":false,"excerpt":"Direktlink YouTube Wei\u00df noch nicht so recht, was ich von dem Film halten soll. Die Lobeshymnen sind ja allerorten zu lesen. Ab Donnerstag ist er auch in Deutschland zu sehen. In dazu ausgestatteten Kinos auch als 3D. Joshua Davis schreibt auf Wired, warum Cameron so lange, sprich f\u00fcnf (!) Jahre,\u2026","rel":"","context":"In &quot;Artikel&quot;","block_context":{"text":"Artikel","link":"https:\/\/textundblog.de\/?cat=5"},"img":{"alt_text":"","src":"","width":0,"height":0},"classes":[]},{"id":150,"url":"https:\/\/textundblog.de\/?p=150","url_meta":{"origin":253,"position":1},"title":"Das Meer in mir","author":"Markus","date":"11\/1\/2005","format":false,"excerpt":"Mar Adentro ist der vierte, und in meinen Augen beste, Film von Alejandro Amen\u00e1bar, nach \"Tesis\", \"Abre los ojos\" (=Original des Remakes \"Vanilla Sky\") und \"The Others\". In die deutschen Kinos kommt er ab dem 10.03.2005 unter dem Titel \"Das Meer in mir\". Der Film behandelt den wahren Fall des\u2026","rel":"","context":"In &quot;Kino&quot;","block_context":{"text":"Kino","link":"https:\/\/textundblog.de\/?cat=2"},"img":{"alt_text":"Mar Adentro","src":".\/wp-content\/mar_adentro.jpg","width":350,"height":200},"classes":[]},{"id":2461,"url":"https:\/\/textundblog.de\/?p=2461","url_meta":{"origin":253,"position":2},"title":"Kinoprogrammpreis 2008 f\u00fcr das 3001 Kino","author":"Markus","date":"22\/8\/2008","format":false,"excerpt":"Ein gro\u00dfartiger Erfolg f\u00fcr die gute Kinoarbeit des 3001 Kino im Schanzenviertel. Das Kino, das so viele spanischsprachige Filme zeigt und in dessen Auftrag F\u00fcr die beiden Filmfestivals \u00abSpanische Filmtage Hamburg\u00bb und \u00abLateinamerikanische Filmtage Hamburg\u00bb ich im n\u00e4chsten Monat in San Sebasti\u00e1n den neusten Jahrgang des Kinos aus Spanien und\u2026","rel":"","context":"In &quot;Hamburg&quot;","block_context":{"text":"Hamburg","link":"https:\/\/textundblog.de\/?cat=15"},"img":{"alt_text":"3001 Kino","src":"https:\/\/i0.wp.com\/textundblog.de\/wp-content\/3001logo.gif?resize=350%2C200&ssl=1","width":350,"height":200},"classes":[]},{"id":9154,"url":"https:\/\/textundblog.de\/?p=9154","url_meta":{"origin":253,"position":3},"title":"Festivalbericht San Sebastian 2019","author":"Markus","date":"20\/10\/2019","format":false,"excerpt":"Drei Wochen nach R\u00fcckkehr aus San Sebasti\u00e1n kommt nun endlich mein Festivalbericht. So lange habe ich noch nie gebraucht, doch nun bin ich endlich dazu gekommen, die f\u00fcr mich 10 besten Filme des Festivals vorzustellen. In meinem Jubil\u00e4umsaufenthalt in San Sebasti\u00e1n - ich war, wie berichtet, zum 25. Mal in\u2026","rel":"","context":"In &quot;Kino&quot;","block_context":{"text":"Kino","link":"https:\/\/textundblog.de\/?cat=2"},"img":{"alt_text":"","src":"https:\/\/i0.wp.com\/textundblog.de\/wp-content\/51BEABB0-342C-4CC3-B39F-BCB73C5ED0BD.jpeg?resize=350%2C200","width":350,"height":200,"srcset":"https:\/\/i0.wp.com\/textundblog.de\/wp-content\/51BEABB0-342C-4CC3-B39F-BCB73C5ED0BD.jpeg?resize=350%2C200 1x, https:\/\/i0.wp.com\/textundblog.de\/wp-content\/51BEABB0-342C-4CC3-B39F-BCB73C5ED0BD.jpeg?resize=525%2C300 1.5x, https:\/\/i0.wp.com\/textundblog.de\/wp-content\/51BEABB0-342C-4CC3-B39F-BCB73C5ED0BD.jpeg?resize=700%2C400 2x, https:\/\/i0.wp.com\/textundblog.de\/wp-content\/51BEABB0-342C-4CC3-B39F-BCB73C5ED0BD.jpeg?resize=1050%2C600 3x, https:\/\/i0.wp.com\/textundblog.de\/wp-content\/51BEABB0-342C-4CC3-B39F-BCB73C5ED0BD.jpeg?resize=1400%2C800 4x"},"classes":[]},{"id":2942,"url":"https:\/\/textundblog.de\/?p=2942","url_meta":{"origin":253,"position":4},"title":"\u00c1gora von Alejandro &#8222;El Grande&#8220; Amen\u00e1bar","author":"Markus","date":"3\/5\/2009","format":false,"excerpt":"Im Herbst kommt mit \u00c1gora der 5. Film von Alejandro Amen\u00e1bar in die Kinos (Start in Spanien: 2. September 2009, l\u00e4uft aber diesen Monat schon auf dem Festival in Cannes). Ich glaube, da kommt ein monumentaler Streifen auf uns zu. \u00c1gora ist die griechische Bezeichnung f\u00fcr den Versammlungsplatz einer Stadt.\u2026","rel":"","context":"In &quot;Kino&quot;","block_context":{"text":"Kino","link":"https:\/\/textundblog.de\/?cat=2"},"img":{"alt_text":"Alejandro Amen\u00e1bar und Homayoun Ershadi am Set von Agora","src":"https:\/\/i0.wp.com\/textundblog.de\/wp-content\/amenabar-agora.jpg?resize=350%2C200&ssl=1","width":350,"height":200},"classes":[]},{"id":7509,"url":"https:\/\/textundblog.de\/?p=7509","url_meta":{"origin":253,"position":5},"title":"Festivalbericht Havanna 2016","author":"Markus","date":"22\/12\/2016","format":false,"excerpt":"Das Internationale Filmfestival des Lateinamerikanischen Kinos ist ein richtig gro\u00dfes Festival. Vom 8.-18. Dezember 2016 sind in mehreren \u00fcber Havanna verteilten Kinos 400 Filme und Dokumentationen gezeigt worden. In 10 Tagen habe ich 45 davon gesehen, also viereinhalb pro Tag. Der \u00fcbliche Filmmarathon, wie ich ihn schon von der Berlinale\u2026","rel":"","context":"In &quot;Kino&quot;","block_context":{"text":"Kino","link":"https:\/\/textundblog.de\/?cat=2"},"img":{"alt_text":"","src":"https:\/\/i0.wp.com\/textundblog.de\/wp-content\/havanna-festival.jpg?resize=350%2C200&ssl=1","width":350,"height":200,"srcset":"https:\/\/i0.wp.com\/textundblog.de\/wp-content\/havanna-festival.jpg?resize=350%2C200&ssl=1 1x, https:\/\/i0.wp.com\/textundblog.de\/wp-content\/havanna-festival.jpg?resize=525%2C300&ssl=1 1.5x"},"classes":[]}],"_links":{"self":[{"href":"https:\/\/textundblog.de\/index.php?rest_route=\/wp\/v2\/posts\/253","targetHints":{"allow":["GET"]}}],"collection":[{"href":"https:\/\/textundblog.de\/index.php?rest_route=\/wp\/v2\/posts"}],"about":[{"href":"https:\/\/textundblog.de\/index.php?rest_route=\/wp\/v2\/types\/post"}],"author":[{"embeddable":true,"href":"https:\/\/textundblog.de\/index.php?rest_route=\/wp\/v2\/users\/1"}],"replies":[{"embeddable":true,"href":"https:\/\/textundblog.de\/index.php?rest_route=%2Fwp%2Fv2%2Fcomments&post=253"}],"version-history":[{"count":0,"href":"https:\/\/textundblog.de\/index.php?rest_route=\/wp\/v2\/posts\/253\/revisions"}],"wp:attachment":[{"href":"https:\/\/textundblog.de\/index.php?rest_route=%2Fwp%2Fv2%2Fmedia&parent=253"}],"wp:term":[{"taxonomy":"category","embeddable":true,"href":"https:\/\/textundblog.de\/index.php?rest_route=%2Fwp%2Fv2%2Fcategories&post=253"},{"taxonomy":"post_tag","embeddable":true,"href":"https:\/\/textundblog.de\/index.php?rest_route=%2Fwp%2Fv2%2Ftags&post=253"}],"curies":[{"name":"wp","href":"https:\/\/api.w.org\/{rel}","templated":true}]}}