{"id":2449,"date":"2008-08-16T13:17:14","date_gmt":"2008-08-16T11:17:14","guid":{"rendered":"http:\/\/textundblog.de\/?p=2449"},"modified":"2008-08-16T13:42:25","modified_gmt":"2008-08-16T11:42:25","slug":"stimmungsvoller-saisonstart-pauli-osnabruck","status":"publish","type":"post","link":"https:\/\/textundblog.de\/?p=2449","title":{"rendered":"Stimmungsvoller Saisonstart Pauli-Osnabr\u00fcck"},"content":{"rendered":"<p><img data-recalc-dims=\"1\" loading=\"lazy\" decoding=\"async\" src=\"https:\/\/i0.wp.com\/textundblog.de\/wp-content\/pauli-osnabr-sued.jpg?resize=500%2C375&#038;ssl=1\" width=\"500\" height=\"375\" alt=\"Gute Stimmung in der S\u00fcdkurve\" title=\"Gute Stimmung in der S\u00fcdkurve\" \/><\/p>\n<p>Wenn ich den Saisonstart von Pauli gegen Osnabr\u00fcck als <em>stimmungsvoll<\/em> bezeichne, ist das nicht meinem Zwangsoptimismus geschuldet, sondern ich empfand den Auftakt <em>wirklich<\/em> als sehr stimmungsvoll. Alle Stimmungen, und damit meine ich wirklich <em>alle<\/em>, durften wir n\u00e4mlich gestern am Millerntor erleben: <\/p>\n<p><img data-recalc-dims=\"1\" loading=\"lazy\" decoding=\"async\" src=\"https:\/\/i0.wp.com\/textundblog.de\/wp-content\/paulidauerkarte1spiel.jpg?resize=200%2C267&#038;ssl=1\" width=\"200\" height=\"267\" alt=\"1. Zacken in meiner neuen Pauli-Dauerkarte\" title=\"1. Zacken in meiner neuen Pauli-Dauerkarte\" class=\"bildrechts\"\/> <strong>Aufregung<\/strong> vor dem Spiel:<br \/>\nMit freudiger Erwartung und leicht aufgeregt, war es doch gestern mein erstes Spiel, das ich mit meiner <a href=\"https:\/\/textundblog.de\/?p=2216\">Dauerkarte<\/a> von Pauli sehen konnte. Ein spannender Moment war dann das Abknipsen des ersten Zackens meiner bis dahin noch jungfr\u00e4ulichen Dauerkarte. Hier zu sehen, gebettet auf die gestern im neuen <a href=\"http:\/\/twitpic.com\/7rz4\">Paulifanshop<\/a> erstandene Pauli-M\u00fctze.<\/p>\n<p><strong>Riesenfreude<\/strong> beim Traumstart:<br \/>\nIn neun Minuten lag Pauli mit zwei Toren vorne. Wir konnten es kaum fassen und freuten uns wie Bolle. Ein per Handy \u00fcber Twitpic in Twitter gepostetes <a href=\"http:\/\/twitpic.com\/7s3l\">Foto<\/a> von <a href=\"http:\/\/jekylla.wordpress.com\/\">Frau Jekylla<\/a> und mir  legte Zeugnis unserer Freude ab. Damit kommen wir zur\u2026<\/p>\n<p><strong>Wahnsinnsstimmung<\/strong> in der neuen S\u00fcdkurve:<br \/>\nAlso das ist schon was ganz besonderes in der S\u00fcd. Wo kann ich bitte sch\u00f6n so herrlich laut (und zugegeben falsch), doch ungestraft singen? Nette Menschen, lustige Choreos (siehe Foto ganz oben). Wir hatten unseren Spa\u00df, die als Konfetti zerschnippelten Zeitungsfetzen nach lustigen Wortfetzen zu untersuchen. Nach der Partie sah der Boden in der S\u00fcd dann so aus:<\/p>\n<p><img data-recalc-dims=\"1\" loading=\"lazy\" decoding=\"async\" src=\"https:\/\/i0.wp.com\/textundblog.de\/wp-content\/bodensued.jpg?resize=500%2C375&#038;ssl=1\" width=\"500\" height=\"375\" alt=\"Konfettibedeckter Boden in der S\u00fcd - erkennt ihr die orangenen Schuhe? ;-)\" title=\"Konfettibedeckter Boden in der S\u00fcd - erkennt ihr die orangenen Schuhe? ;-)\" \/><\/p>\n<p>Das stimmungsvolle Spiel der <em>Boys in Brown<\/em> hielt noch etliche weitere &#8222;Stimmungen&#8220; f\u00fcr uns bereit: <strong>Zittern<\/strong> (<em>Ob das gut geht\u2026?<\/em>), <strong>Bangen<\/strong> (<em>So wird das aber nix!<\/em>), <strong>Zweifeln<\/strong> (<em>die werden doch nicht wie in Offenbach eine 2:0-F\u00fchrung in eine Niederlage\u2026?<\/em>), <strong>Hoffen<\/strong> (<em>Hoffentlich fangen sie sich jetzt nicht noch ein drittes Ding!<\/em>), <strong>Entt\u00e4uschung<\/strong> (<em>Wie kann man so stark nachlassen nach so fulminantem Start?<\/em>) bis hin zur letzendlich ern\u00fcchterten <strong>Zufriedenheit<\/strong> (<em>Wenigstens den Punkt verteidigt\u2026<\/em>).<\/p>\n<p>Zum konkreten Spielverlauf selbst lest ihr besser die Einsch\u00e4tzungen in der Fachpresse (z.B. Kicker: <a href=\"http:\/\/www.kicker.de\/news\/fussball\/2bundesliga\/spieltag\/spielpaarungsbericht\/object\/863418\">Fuchs bestraft St. Pauli<\/a>) oder auf der Pauli-Homepage (<a href=\"http:\/\/www.fcstpauli.com\/magazin\/artikel.php?artikel=3258&#038;type=2&#038;menuid=57&#038;topmenu=112\">Durchwachsener Start in die Zweitliga-Saison<\/a>). Ich kann nur sagen, dass man aus Pauli-Sicht letztendlich mit dem Unentschieden am Schluss noch froh sein muss, denn: genau wie Pauli es vorher verpasst hatte, das 3:0 oder gar das 4:0 zu machen (die Chancen waren durchaus da!), hat Osnabr\u00fcck in den Schlussminuten aus seinen Chancen zum Sieg nix gemacht. Fazit: Letztendlich verdientes Unentschieden. Zugegeben wenig gewagte Langzeitprognose f\u00fcr die Saison: beide Mannschaften werden in der Zweiten Liga bleiben; da geht nix nach oben und nix nach unten. <\/p>\n<p>Ich freu&#8216; mich aber schon, die Stimmung in der S\u00fcd beim n\u00e4chsten Heimspiel bald wieder erleben zu d\u00fcrfen: Am \u00fcbern\u00e4chsten Sonntag (31.8., 14 Uhr) gegen Oberhausen. Dann kommt der zweite Zacken in die Dauerkarte und sicher wird es wieder <em>stimmungsvoll<\/em>. So oder so. \ud83d\ude09<\/p>\n","protected":false},"excerpt":{"rendered":"<p>Wenn ich den Saisonstart von Pauli gegen Osnabr\u00fcck als stimmungsvoll bezeichne, ist das nicht meinem Zwangsoptimismus geschuldet, sondern ich empfand den Auftakt wirklich als sehr stimmungsvoll. Alle Stimmungen, und damit meine ich wirklich alle, durften wir n\u00e4mlich gestern am Millerntor erleben: Aufregung vor dem Spiel: Mit freudiger Erwartung und leicht aufgeregt, war es doch gestern [&hellip;]<\/p>\n","protected":false},"author":1,"featured_media":0,"comment_status":"open","ping_status":"open","sticky":false,"template":"","format":"standard","meta":{"site-sidebar-layout":"default","site-content-layout":"","ast-site-content-layout":"default","site-content-style":"default","site-sidebar-style":"default","ast-global-header-display":"","ast-banner-title-visibility":"","ast-main-header-display":"","ast-hfb-above-header-display":"","ast-hfb-below-header-display":"","ast-hfb-mobile-header-display":"","site-post-title":"","ast-breadcrumbs-content":"","ast-featured-img":"","footer-sml-layout":"","theme-transparent-header-meta":"","adv-header-id-meta":"","stick-header-meta":"","header-above-stick-meta":"","header-main-stick-meta":"","header-below-stick-meta":"","astra-migrate-meta-layouts":"default","ast-page-background-enabled":"default","ast-page-background-meta":{"desktop":{"background-color":"var(--ast-global-color-4)","background-image":"","background-repeat":"repeat","background-position":"center center","background-size":"auto","background-attachment":"scroll","background-type":"","background-media":"","overlay-type":"","overlay-color":"","overlay-opacity":"","overlay-gradient":""},"tablet":{"background-color":"","background-image":"","background-repeat":"repeat","background-position":"center center","background-size":"auto","background-attachment":"scroll","background-type":"","background-media":"","overlay-type":"","overlay-color":"","overlay-opacity":"","overlay-gradient":""},"mobile":{"background-color":"","background-image":"","background-repeat":"repeat","background-position":"center center","background-size":"auto","background-attachment":"scroll","background-type":"","background-media":"","overlay-type":"","overlay-color":"","overlay-opacity":"","overlay-gradient":""}},"ast-content-background-meta":{"desktop":{"background-color":"var(--ast-global-color-5)","background-image":"","background-repeat":"repeat","background-position":"center center","background-size":"auto","background-attachment":"scroll","background-type":"","background-media":"","overlay-type":"","overlay-color":"","overlay-opacity":"","overlay-gradient":""},"tablet":{"background-color":"var(--ast-global-color-5)","background-image":"","background-repeat":"repeat","background-position":"center center","background-size":"auto","background-attachment":"scroll","background-type":"","background-media":"","overlay-type":"","overlay-color":"","overlay-opacity":"","overlay-gradient":""},"mobile":{"background-color":"var(--ast-global-color-5)","background-image":"","background-repeat":"repeat","background-position":"center center","background-size":"auto","background-attachment":"scroll","background-type":"","background-media":"","overlay-type":"","overlay-color":"","overlay-opacity":"","overlay-gradient":""}},"ngg_post_thumbnail":0,"jetpack_post_was_ever_published":false,"_jetpack_newsletter_access":"","_jetpack_dont_email_post_to_subs":false,"_jetpack_newsletter_tier_id":0,"_jetpack_memberships_contains_paywalled_content":false,"_jetpack_memberships_contains_paid_content":false,"footnotes":""},"categories":[17,15],"tags":[],"class_list":["post-2449","post","type-post","status-publish","format-standard","hentry","category-fussball","category-hamburg"],"jetpack_featured_media_url":"","jetpack_sharing_enabled":true,"jetpack_shortlink":"https:\/\/wp.me\/p4uzZ-Dv","jetpack-related-posts":[{"id":4228,"url":"https:\/\/textundblog.de\/?p=4228","url_meta":{"origin":2449,"position":0},"title":"FC St. Pauli gewinnt 2:0 gegen FC Ingolstadt \u2013 Traumstart in L\u00fcbeck","author":"Markus","date":"17\/7\/2011","format":false,"excerpt":"Wie schon im Vorjahr (siehe mein Artikel Magischer Auftakt beim Ausw\u00e4rtssieg des FC St. Pauli in Freiburg) hat es m\u00e4chtig Spa\u00df gemacht, beim Saisonstart des FCSP dabei zu sein. War's schon in Freiburg genial und von den \u00e4u\u00dferen Umst\u00e4nden eigentlich kaum noch zu toppen (tolles Sommerwetter, prima Ambiente, nette Leute),\u2026","rel":"","context":"In &quot;FC St. Pauli&quot;","block_context":{"text":"FC St. Pauli","link":"https:\/\/textundblog.de\/?cat=76"},"img":{"alt_text":"","src":"https:\/\/i0.wp.com\/textundblog.de\/wp-content\/IMG_1855.jpg?resize=350%2C200","width":350,"height":200},"classes":[]},{"id":1033,"url":"https:\/\/textundblog.de\/?p=1033","url_meta":{"origin":2449,"position":1},"title":"Erst verr\u00fcckt, dann Weltmeister","author":"Markus","date":"1\/7\/2006","format":false,"excerpt":"Danke an Herrn Timo aus Berlin f\u00fcr den stimmungsvollen Bericht samt Video aus dem Dreieck Sch\u00f6nhauser, Eberswalder und Kastanienallee. Nicht nur in Berlin flippt man aus, nein auch \u00fcberall sonst in der Republik, so auch hier in Hamburg.","rel":"","context":"In &quot;Fu\u00dfball&quot;","block_context":{"text":"Fu\u00dfball","link":"https:\/\/textundblog.de\/?cat=17"},"img":{"alt_text":"Herr Timo und Frau Jane","src":"https:\/\/i0.wp.com\/www.textundblog.de\/wp-content\/wmstimmung.jpg?resize=350%2C200","width":350,"height":200},"classes":[]},{"id":2813,"url":"https:\/\/textundblog.de\/?p=2813","url_meta":{"origin":2449,"position":2},"title":"Hamburg bloggt: Impressionen vom Millerntor","author":"Markus","date":"28\/2\/2009","format":false,"excerpt":"Dieses Foto habe ich - neben anderen - letzten Montag am Millerntor aufgenommen, als St. Pauli Kaiserslautern mit 2:0 besiegt hatte. Im Hintergrund durch die Che-Flagge zu sehen: Die Mannschaft, die sich in einer Runde durch das Millerntor-Stadion die Fanovationen abholte. Das Spiel mit der kuriosen Stimmung (erste 20 Minuten\u2026","rel":"","context":"In &quot;FC St. Pauli&quot;","block_context":{"text":"FC St. Pauli","link":"https:\/\/textundblog.de\/?cat=76"},"img":{"alt_text":"Blick aus der S\u00fcd-Kurve durch die Che-Flagge","src":"https:\/\/i0.wp.com\/textundblog.de\/wp-content\/cheflagge500.jpg?resize=350%2C200&ssl=1","width":350,"height":200},"classes":[]},{"id":2849,"url":"https:\/\/textundblog.de\/?p=2849","url_meta":{"origin":2449,"position":3},"title":"Millerntor: Abgabe der FC St. Pauli-Dauerkartenantr\u00e4ge","author":"Markus","date":"22\/3\/2009","format":false,"excerpt":"Heute war es soweit, die beim Heimspiel gegen Greuther F\u00fcrth besorgten (Danke Jeky!) Antragsformulare f\u00fcr eine St.-Pauli-Dauerkarte konnten bei den Ultras ab 15:30 Uhr am Millerntor abgegeben werden. Gesch\u00e4tzte 1.400 St.-Pauli-Fans taten das auch und folgten somit dem Motto \u00abAb in den S\u00fcden\u00bb. \u00dcber zwei Stunden standen wir an, 1.100\u2026","rel":"","context":"In &quot;FC St. Pauli&quot;","block_context":{"text":"FC St. Pauli","link":"https:\/\/textundblog.de\/?cat=76"},"img":{"alt_text":"Schlangestehen am Millerntor","src":"https:\/\/i0.wp.com\/textundblog.de\/wp-content\/schlange-dauerkarte.jpg?resize=350%2C200&ssl=1","width":350,"height":200},"classes":[]},{"id":2216,"url":"https:\/\/textundblog.de\/?p=2216","url_meta":{"origin":2449,"position":4},"title":"St. Pauli Dauerkarte f\u00fcr die S\u00fcd","author":"Markus","date":"18\/6\/2008","format":false,"excerpt":"Ich habe es geschafft. Ich habe eine Dauerkarte von St. Pauli ergattern k\u00f6nnen. F\u00fcr die S\u00fcdkurve. Stehplatz selbstverst\u00e4ndlich. Hoffentlich fiebere ich dort bei den St. Pauli-Heimspielen der kommenden Saison m\u00f6glichst oft mit Frau Jekylla, deren hilfreichem Tipp ich es zu verdanken habe, bei der Verteilung \u00fcberhaupt zum Zuge gekommen zu\u2026","rel":"","context":"In &quot;FC St. Pauli&quot;","block_context":{"text":"FC St. Pauli","link":"https:\/\/textundblog.de\/?cat=76"},"img":{"alt_text":"St. Pauli Dauerkarte 08\/09","src":"https:\/\/i0.wp.com\/textundblog.de\/wp-content\/paulidk0809.jpg?resize=350%2C200&ssl=1","width":350,"height":200},"classes":[]},{"id":4213,"url":"https:\/\/textundblog.de\/?p=4213","url_meta":{"origin":2449,"position":5},"title":"Gestern am Millerntor: FC St. Pauli \u2013 Br\u00f6ndby Kopenhagen","author":"Markus","date":"9\/7\/2011","format":false,"excerpt":"Gestern beim Testspiel des FC St. Pauli gegen den d\u00e4nischen Erstligisten Br\u00f6ndby Kopenhagen. Mein erstes Spiel, das ich von der Gegengerade aus gesehen habe. Anbei ein sch\u00f6nes Foto vom sonnigen Nachmittag. Ich poste dieses Foto obwohl man laut Stadionordnung keine Bilder ohne Erlaubnis des Vereins ver\u00f6ffentlichen darf (eine Anordnung, die\u2026","rel":"","context":"In &quot;FC St. Pauli&quot;","block_context":{"text":"FC St. Pauli","link":"https:\/\/textundblog.de\/?cat=76"},"img":{"alt_text":"","src":"https:\/\/i0.wp.com\/textundblog.de\/wp-content\/fcsp-broendby.jpg?resize=350%2C200&ssl=1","width":350,"height":200},"classes":[]}],"_links":{"self":[{"href":"https:\/\/textundblog.de\/index.php?rest_route=\/wp\/v2\/posts\/2449","targetHints":{"allow":["GET"]}}],"collection":[{"href":"https:\/\/textundblog.de\/index.php?rest_route=\/wp\/v2\/posts"}],"about":[{"href":"https:\/\/textundblog.de\/index.php?rest_route=\/wp\/v2\/types\/post"}],"author":[{"embeddable":true,"href":"https:\/\/textundblog.de\/index.php?rest_route=\/wp\/v2\/users\/1"}],"replies":[{"embeddable":true,"href":"https:\/\/textundblog.de\/index.php?rest_route=%2Fwp%2Fv2%2Fcomments&post=2449"}],"version-history":[{"count":0,"href":"https:\/\/textundblog.de\/index.php?rest_route=\/wp\/v2\/posts\/2449\/revisions"}],"wp:attachment":[{"href":"https:\/\/textundblog.de\/index.php?rest_route=%2Fwp%2Fv2%2Fmedia&parent=2449"}],"wp:term":[{"taxonomy":"category","embeddable":true,"href":"https:\/\/textundblog.de\/index.php?rest_route=%2Fwp%2Fv2%2Fcategories&post=2449"},{"taxonomy":"post_tag","embeddable":true,"href":"https:\/\/textundblog.de\/index.php?rest_route=%2Fwp%2Fv2%2Ftags&post=2449"}],"curies":[{"name":"wp","href":"https:\/\/api.w.org\/{rel}","templated":true}]}}