{"id":2448,"date":"2008-08-15T12:50:09","date_gmt":"2008-08-15T10:50:09","guid":{"rendered":"http:\/\/textundblog.de\/?p=2448"},"modified":"2008-08-17T12:29:46","modified_gmt":"2008-08-17T10:29:46","slug":"mit-faceyourmanga-ganz-leicht-einen-avatar-basteln","status":"publish","type":"post","link":"https:\/\/textundblog.de\/?p=2448","title":{"rendered":"Mit Faceyourmanga ganz leicht einen Avatar basteln"},"content":{"rendered":"<p><a href=\"http:\/\/www.faceyourmanga.com\/faceyourmanga.php?lang=eng\"><img data-recalc-dims=\"1\" loading=\"lazy\" decoding=\"async\" src=\"https:\/\/i0.wp.com\/textundblog.de\/wp-content\/markusavatarmanga.jpg?resize=178%2C178&#038;ssl=1\" width=\"178\" height=\"178\" alt=\"Mein Manga-Avatar\" title=\"Mein Manga-Avatar\" class=\"bildrechts\"\/><\/a> In der <a href=\"http:\/\/de.wikipedia.org\/wiki\/Avatar_(Internet)\">Wikipedia<\/a> erfahren wir:<\/p>\n<blockquote><p>Ein Avatar ist eine k\u00fcnstliche Person oder ein grafischer Stellvertreter einer echten Person in der virtuellen Welt\u2026<\/p><\/blockquote>\n<p>Bei <a href=\"http:\/\/www.faceyourmanga.com\/faceyourmanga.php?lang=eng\">Faceyourmanga<\/a> kann man sich so einen Avatar erstellen, einen im Stile der <a href=\"http:\/\/de.wikipedia.org\/wiki\/Manga\">Manga<\/a>. Geht ganz einfach und ist mit wenigen Klicks erledigt. Meiner sieht zwar ein bisschen nach Str\u00e4fling aus, aber ich musste nat\u00fcrlich das gestreifte Hemdchen w\u00e4hlen. \ud83d\ude09 <\/p>\n<p><a href=\"http:\/\/www.faceyourmanga.com\/faceyourmanga.php?lang=eng\"><img data-recalc-dims=\"1\" loading=\"lazy\" decoding=\"async\" src=\"https:\/\/i0.wp.com\/textundblog.de\/wp-content\/mangaavatarscr.jpg?resize=360%2C287&#038;ssl=1\" width=\"360\" height=\"287\" alt=\"Auswahlmen\u00fc beim Avatar-Erzeugen\" title=\"Auswahlmen\u00fc beim Avatar-Erzeugen\" class=\"bildlinks\" \/><\/a> Was man zum Beispiel alles ausw\u00e4hlen kann, sieht man auf diesem Screenshot mit den Mundpartien: Augen, Ohren, Nase, Haare, Gesichtsformen, Kleidung, Farben ect. und fertig ist der Manga-Avatar. <\/p>\n<p>Kleiner Tipp am Rande: Wer f\u00fcr solche Online-Dienste nicht seine E-Mail-Adresse preisgeben m\u00f6chte, nutzt einfach eine Wegwerfmailadresse, die nur 10 Minuten g\u00fcltig bleibt (das reicht vollkommen zum Erhalt des Bildes) und einen vor m\u00f6glichen weiteren Werbesendungen verschont. Meine Empfehlung hierzu: <a href=\"http:\/\/10minutemail.com\/10MinuteMail\/index.html\">10minutemail<\/a>.<\/p>\n<p>[via <a href=\"http:\/\/praegnanz.de\/weblog\/generiert-oder-handgezeichnet\">Gerrit van Aaken<\/a>]<\/p>\n<p><a href=\"http:\/\/www.flickr.com\/photos\/tags\/faceyourmanga\"><img data-recalc-dims=\"1\" loading=\"lazy\" decoding=\"async\" src=\"https:\/\/i0.wp.com\/textundblog.de\/wp-content\/faceyourmangaflickr.jpg?resize=300%2C183&#038;ssl=1\" width=\"300\" height=\"183\" alt=\"Faceyourmanga bei Flickr\" title=\"Faceyourmanga bei Flickr\" class=\"bildlinks\" \/><\/a><strong> Update 17.8.08:<\/strong><br \/>\nEs gibt \u00fcbrigens auch eine Flickr-Gruppe zu <a href=\"http:\/\/www.flickr.com\/photos\/tags\/faceyourmanga\">Faceyourmanga<\/a>. Um ihr &#8222;beizutreten&#8220;, einfach Avatar auf Flickr hochladen und mit Tag <em>faceyourmanga<\/em> versehen.<\/p>\n","protected":false},"excerpt":{"rendered":"<p>In der Wikipedia erfahren wir: Ein Avatar ist eine k\u00fcnstliche Person oder ein grafischer Stellvertreter einer echten Person in der virtuellen Welt\u2026 Bei Faceyourmanga kann man sich so einen Avatar erstellen, einen im Stile der Manga. Geht ganz einfach und ist mit wenigen Klicks erledigt. Meiner sieht zwar ein bisschen nach Str\u00e4fling aus, aber ich [&hellip;]<\/p>\n","protected":false},"author":1,"featured_media":0,"comment_status":"open","ping_status":"open","sticky":false,"template":"","format":"standard","meta":{"site-sidebar-layout":"default","site-content-layout":"","ast-site-content-layout":"default","site-content-style":"default","site-sidebar-style":"default","ast-global-header-display":"","ast-banner-title-visibility":"","ast-main-header-display":"","ast-hfb-above-header-display":"","ast-hfb-below-header-display":"","ast-hfb-mobile-header-display":"","site-post-title":"","ast-breadcrumbs-content":"","ast-featured-img":"","footer-sml-layout":"","theme-transparent-header-meta":"","adv-header-id-meta":"","stick-header-meta":"","header-above-stick-meta":"","header-main-stick-meta":"","header-below-stick-meta":"","astra-migrate-meta-layouts":"default","ast-page-background-enabled":"default","ast-page-background-meta":{"desktop":{"background-color":"var(--ast-global-color-4)","background-image":"","background-repeat":"repeat","background-position":"center center","background-size":"auto","background-attachment":"scroll","background-type":"","background-media":"","overlay-type":"","overlay-color":"","overlay-opacity":"","overlay-gradient":""},"tablet":{"background-color":"","background-image":"","background-repeat":"repeat","background-position":"center center","background-size":"auto","background-attachment":"scroll","background-type":"","background-media":"","overlay-type":"","overlay-color":"","overlay-opacity":"","overlay-gradient":""},"mobile":{"background-color":"","background-image":"","background-repeat":"repeat","background-position":"center center","background-size":"auto","background-attachment":"scroll","background-type":"","background-media":"","overlay-type":"","overlay-color":"","overlay-opacity":"","overlay-gradient":""}},"ast-content-background-meta":{"desktop":{"background-color":"var(--ast-global-color-5)","background-image":"","background-repeat":"repeat","background-position":"center center","background-size":"auto","background-attachment":"scroll","background-type":"","background-media":"","overlay-type":"","overlay-color":"","overlay-opacity":"","overlay-gradient":""},"tablet":{"background-color":"var(--ast-global-color-5)","background-image":"","background-repeat":"repeat","background-position":"center center","background-size":"auto","background-attachment":"scroll","background-type":"","background-media":"","overlay-type":"","overlay-color":"","overlay-opacity":"","overlay-gradient":""},"mobile":{"background-color":"var(--ast-global-color-5)","background-image":"","background-repeat":"repeat","background-position":"center center","background-size":"auto","background-attachment":"scroll","background-type":"","background-media":"","overlay-type":"","overlay-color":"","overlay-opacity":"","overlay-gradient":""}},"ngg_post_thumbnail":0,"jetpack_post_was_ever_published":false,"_jetpack_newsletter_access":"","_jetpack_dont_email_post_to_subs":false,"_jetpack_newsletter_tier_id":0,"_jetpack_memberships_contains_paywalled_content":false,"_jetpack_memberships_contains_paid_content":false,"footnotes":""},"categories":[4],"tags":[],"class_list":["post-2448","post","type-post","status-publish","format-standard","hentry","category-internet"],"jetpack_featured_media_url":"","jetpack_sharing_enabled":true,"jetpack_shortlink":"https:\/\/wp.me\/p4uzZ-Du","jetpack-related-posts":[{"id":3360,"url":"https:\/\/textundblog.de\/?p=3360","url_meta":{"origin":2448,"position":0},"title":"Avatar &#8211; Making Of","author":"Markus","date":"21\/1\/2010","format":false,"excerpt":"\u2002 Ob es Avatar im Verlauf der Filmgeschichte jemals mit Metropolis wird aufnehmen k\u00f6nnen (siehe Artikel von nerdcore mit Verweis auf H.G. Wells' \u00abMetropolis\u00bb-Rezension von 1927 in der New York Times), sei dahin gestellt. Ich kann auch nichts dazu sagen, da ich den 3D-Film immer noch nicht gesehen habe), aber\u2026","rel":"","context":"In &quot;Kino&quot;","block_context":{"text":"Kino","link":"https:\/\/textundblog.de\/?cat=2"},"img":{"alt_text":"Virtuelle & reale Welt in der Gegen\u00fcberstellung im Making Of","src":"https:\/\/i0.wp.com\/textundblog.de\/wp-content\/avatarmakingof-scr.jpg?resize=350%2C200&ssl=1","width":350,"height":200},"classes":[]},{"id":3308,"url":"https:\/\/textundblog.de\/?p=3308","url_meta":{"origin":2448,"position":1},"title":"James Camerons 3D-Epos Avatar","author":"Markus","date":"14\/12\/2009","format":false,"excerpt":"Direktlink YouTube Wei\u00df noch nicht so recht, was ich von dem Film halten soll. Die Lobeshymnen sind ja allerorten zu lesen. Ab Donnerstag ist er auch in Deutschland zu sehen. In dazu ausgestatteten Kinos auch als 3D. Joshua Davis schreibt auf Wired, warum Cameron so lange, sprich f\u00fcnf (!) Jahre,\u2026","rel":"","context":"In &quot;Artikel&quot;","block_context":{"text":"Artikel","link":"https:\/\/textundblog.de\/?cat=5"},"img":{"alt_text":"","src":"","width":0,"height":0},"classes":[]},{"id":2774,"url":"https:\/\/textundblog.de\/?p=2774","url_meta":{"origin":2448,"position":2},"title":"Super-Bowl-Werbespots schon jetzt sehen","author":"Markus","date":"30\/1\/2009","format":false,"excerpt":"Wer schon mal in die Werbespots reinschauen m\u00f6chte, die w\u00e4hrend des Super-Bowl-Finales (1.2.09) gezeigt werden, hat bei Adweek Media die M\u00f6glichkeit dazu. Es sind ein paar wirklich gute Spots dabei. Besonders gelungen finde ich die Filme Career Builder \"Tips\" (herrlich die im Auto schreiende Frau, die nicht mehr auf ihre\u2026","rel":"","context":"In &quot;Video&quot;","block_context":{"text":"Video","link":"https:\/\/textundblog.de\/?cat=18"},"img":{"alt_text":"Adweek zeigt die Superbowl-Werbespots im voraus","src":"https:\/\/i0.wp.com\/textundblog.de\/wp-content\/superbowlads.jpg?resize=350%2C200&ssl=1","width":350,"height":200},"classes":[]},{"id":6943,"url":"https:\/\/textundblog.de\/?p=6943","url_meta":{"origin":2448,"position":3},"title":"Misanthropen-Tweet","author":"Markus","date":"8\/1\/2016","format":false,"excerpt":"Passend zur gesellschaftlichen und meteorologischen Gro\u00dfwetter- und -Stimmungslage hat Herr @gallenbitter den Tweet der Woche verfasst. Wunderbar einfach, wunderbar treffend, wunderbar kurz: https:\/\/twitter.com\/gallenbitter\/status\/685123796416770049 Wieder mal kommt der Tweet der Woche damit von dem Mann mit dem gr\u00fcnen Avatar. Wie oft hat der Hund eigentlich schon diese begehrte Auszeichnung erhalten, die\u2026","rel":"","context":"In &quot;Bluesky&quot;","block_context":{"text":"Bluesky","link":"https:\/\/textundblog.de\/?cat=33"},"img":{"alt_text":"Tweet der Woche","src":"wp-images\/tweetderwoche2-200x96.jpg","width":350,"height":200},"classes":[]},{"id":4510,"url":"https:\/\/textundblog.de\/?p=4510","url_meta":{"origin":2448,"position":4},"title":"Tweet der Woche: herrlich absurd","author":"Markus","date":"27\/1\/2012","format":false,"excerpt":"Ich mag ja besonders die absurden Tweets. Dieser hier beschreibt eine so herrlich absurde Szene, dass er f\u00fcr mich der \u00abTweet der Woche\u00bb ist: Doch nicht nur mir scheint dieser Tweet besonders zu gefallen, bis dato (Freitag, 17:30 Uhr) wurde er 455 mal gefavt und 294 mal geretweetet (siehe Favstar).\u2026","rel":"","context":"In &quot;Bluesky&quot;","block_context":{"text":"Bluesky","link":"https:\/\/textundblog.de\/?cat=33"},"img":{"alt_text":"","src":"https:\/\/i0.wp.com\/textundblog.de\/wp-content\/rohkotzt.png?resize=350%2C200&ssl=1","width":350,"height":200},"classes":[]},{"id":5566,"url":"https:\/\/textundblog.de\/?p=5566","url_meta":{"origin":2448,"position":5},"title":"Twitter: Neuerung gegen den Strich","author":"Markus","date":"30\/8\/2013","format":false,"excerpt":"Twitter hat in dieser Woche wieder mal eine Neuerung eingef\u00fchrt, von der nicht alle \u2013 sagen wir's mal vorsichtig \u2013 unbedingt begeistert sind. In der linken Abbildung ist das Drama zu sehen: Sich aufeinander beziehende Tweets werden nun untereinander, verbunden mit Linien zwischen den Avataren der Dialogpartner. Wie so oft,\u2026","rel":"","context":"In &quot;Bluesky&quot;","block_context":{"text":"Bluesky","link":"https:\/\/textundblog.de\/?cat=33"},"img":{"alt_text":"","src":"https:\/\/i0.wp.com\/textundblog.de\/wp-content\/kaltmamsell-tdw-082013.png?resize=350%2C200&ssl=1","width":350,"height":200},"classes":[]}],"_links":{"self":[{"href":"https:\/\/textundblog.de\/index.php?rest_route=\/wp\/v2\/posts\/2448","targetHints":{"allow":["GET"]}}],"collection":[{"href":"https:\/\/textundblog.de\/index.php?rest_route=\/wp\/v2\/posts"}],"about":[{"href":"https:\/\/textundblog.de\/index.php?rest_route=\/wp\/v2\/types\/post"}],"author":[{"embeddable":true,"href":"https:\/\/textundblog.de\/index.php?rest_route=\/wp\/v2\/users\/1"}],"replies":[{"embeddable":true,"href":"https:\/\/textundblog.de\/index.php?rest_route=%2Fwp%2Fv2%2Fcomments&post=2448"}],"version-history":[{"count":0,"href":"https:\/\/textundblog.de\/index.php?rest_route=\/wp\/v2\/posts\/2448\/revisions"}],"wp:attachment":[{"href":"https:\/\/textundblog.de\/index.php?rest_route=%2Fwp%2Fv2%2Fmedia&parent=2448"}],"wp:term":[{"taxonomy":"category","embeddable":true,"href":"https:\/\/textundblog.de\/index.php?rest_route=%2Fwp%2Fv2%2Fcategories&post=2448"},{"taxonomy":"post_tag","embeddable":true,"href":"https:\/\/textundblog.de\/index.php?rest_route=%2Fwp%2Fv2%2Ftags&post=2448"}],"curies":[{"name":"wp","href":"https:\/\/api.w.org\/{rel}","templated":true}]}}