{"id":22,"date":"2004-11-12T10:39:39","date_gmt":"2004-11-12T09:39:39","guid":{"rendered":"http:\/\/textundblog.de\/?p=22"},"modified":"2004-11-12T18:45:08","modified_gmt":"2004-11-12T17:45:08","slug":"soundtrack-ost-macht-und-musik-in-der-ddr","status":"publish","type":"post","link":"https:\/\/textundblog.de\/?p=22","title":{"rendered":"Soundtrack Ost &#8211; Macht und Musik in der DDR"},"content":{"rendered":"<p><img decoding=\"async\" src=\"wp-images\/mentzel.jpg\" alt=\"Achim Mentzel\" \/> Achim Mentzel (s. Foto) kenne ich, als in der BRD Geborener, ja nur durch seine Auftritte bei <a href=\"http:\/\/www.kalkofe.de\/\">Kalkofe<\/a>.  Heute abend gibt arte in einer 90-min\u00fctigen Doku Anschauungsunterricht in Musikgeschichte Ost:<\/p>\n<p><a href=\"http:\/\/www.arte-tv.com\/de\/woche\/244,broadcastingNum=445445,day=7,week=46,year=2004.html\">Soundtrack Ost &#8211; Macht und Musik in der DDR<\/a><br \/>\narte, Fr., 12.11.2004, 22.15 &#8211; 23.50 (Whlgn:16.11. um 01:25, 30.11. um 15:15)<br \/>\nDer arte-Themenabend &#8222;<a href=\"http:\/\/www.arte-tv.com\/de\/woche\/244,broadcastingNum=445448,day=7,themaNumber=408792,week=46,year=2004.html\">Rock&#8217;n&#8217;Roll und rote Fahne<\/a>&#8220; zeigt im Anschlu\u00df auch zwei weitere Dokus zu den Ost-Konzerten von Udo Lindenberg (23.50-00.20) und dem Lipsi, als DDR-Gegenentwurf zum Rock&#8217;n&#8217;Roll (00.20-00.50).<\/p>\n","protected":false},"excerpt":{"rendered":"<p>Achim Mentzel (s. Foto) kenne ich, als in der BRD Geborener, ja nur durch seine Auftritte bei Kalkofe. Heute abend gibt arte in einer 90-min\u00fctigen Doku Anschauungsunterricht in Musikgeschichte Ost: Soundtrack Ost &#8211; Macht und Musik in der DDR arte, Fr., 12.11.2004, 22.15 &#8211; 23.50 (Whlgn:16.11. um 01:25, 30.11. um 15:15) Der arte-Themenabend &#8222;Rock&#8217;n&#8217;Roll und [&hellip;]<\/p>\n","protected":false},"author":1,"featured_media":0,"comment_status":"open","ping_status":"open","sticky":false,"template":"","format":"standard","meta":{"site-sidebar-layout":"default","site-content-layout":"","ast-site-content-layout":"default","site-content-style":"default","site-sidebar-style":"default","ast-global-header-display":"","ast-banner-title-visibility":"","ast-main-header-display":"","ast-hfb-above-header-display":"","ast-hfb-below-header-display":"","ast-hfb-mobile-header-display":"","site-post-title":"","ast-breadcrumbs-content":"","ast-featured-img":"","footer-sml-layout":"","theme-transparent-header-meta":"","adv-header-id-meta":"","stick-header-meta":"","header-above-stick-meta":"","header-main-stick-meta":"","header-below-stick-meta":"","astra-migrate-meta-layouts":"default","ast-page-background-enabled":"default","ast-page-background-meta":{"desktop":{"background-color":"var(--ast-global-color-4)","background-image":"","background-repeat":"repeat","background-position":"center center","background-size":"auto","background-attachment":"scroll","background-type":"","background-media":"","overlay-type":"","overlay-color":"","overlay-opacity":"","overlay-gradient":""},"tablet":{"background-color":"","background-image":"","background-repeat":"repeat","background-position":"center center","background-size":"auto","background-attachment":"scroll","background-type":"","background-media":"","overlay-type":"","overlay-color":"","overlay-opacity":"","overlay-gradient":""},"mobile":{"background-color":"","background-image":"","background-repeat":"repeat","background-position":"center center","background-size":"auto","background-attachment":"scroll","background-type":"","background-media":"","overlay-type":"","overlay-color":"","overlay-opacity":"","overlay-gradient":""}},"ast-content-background-meta":{"desktop":{"background-color":"var(--ast-global-color-5)","background-image":"","background-repeat":"repeat","background-position":"center center","background-size":"auto","background-attachment":"scroll","background-type":"","background-media":"","overlay-type":"","overlay-color":"","overlay-opacity":"","overlay-gradient":""},"tablet":{"background-color":"var(--ast-global-color-5)","background-image":"","background-repeat":"repeat","background-position":"center center","background-size":"auto","background-attachment":"scroll","background-type":"","background-media":"","overlay-type":"","overlay-color":"","overlay-opacity":"","overlay-gradient":""},"mobile":{"background-color":"var(--ast-global-color-5)","background-image":"","background-repeat":"repeat","background-position":"center center","background-size":"auto","background-attachment":"scroll","background-type":"","background-media":"","overlay-type":"","overlay-color":"","overlay-opacity":"","overlay-gradient":""}},"ngg_post_thumbnail":0,"jetpack_post_was_ever_published":false,"_jetpack_newsletter_access":"","_jetpack_dont_email_post_to_subs":false,"_jetpack_newsletter_tier_id":0,"_jetpack_memberships_contains_paywalled_content":false,"_jetpack_memberships_contains_paid_content":false,"footnotes":""},"categories":[7,3],"tags":[],"class_list":["post-22","post","type-post","status-publish","format-standard","hentry","category-musik","category-tv"],"jetpack_featured_media_url":"","jetpack_sharing_enabled":true,"jetpack_shortlink":"https:\/\/wp.me\/p4uzZ-m","jetpack-related-posts":[{"id":5469,"url":"https:\/\/textundblog.de\/?p=5469","url_meta":{"origin":22,"position":0},"title":"Rock &amp; Pop am Ende der DDR: Mein Sommer &#8217;88","author":"Markus","date":"7\/7\/2013","format":false,"excerpt":"Wie eben getwittert, momentan gibt es in der MDR-Mediathek eine sehr sehenswerte Doku (88 Min.) \u00fcber die Bedeutung von Rock- und Pop-Musik am Ende der DDR nachzuschauen: Infos zur Doku und zu ihrer Entstehung gibt's auf der Website des MDR. Daniel Remsperger, mit Carsten Fiebeler Co-Regisseur der Doku: Die Menschen,\u2026","rel":"","context":"In &quot;Musik&quot;","block_context":{"text":"Musik","link":"https:\/\/textundblog.de\/?cat=7"},"img":{"alt_text":"","src":"https:\/\/i0.wp.com\/textundblog.de\/wp-content\/sommer88-mdr.jpg?resize=350%2C200&ssl=1","width":350,"height":200},"classes":[]},{"id":2851,"url":"https:\/\/textundblog.de\/?p=2851","url_meta":{"origin":22,"position":1},"title":"Martin Grubinger: Ein sportlicher Schlagzeuger","author":"Markus","date":"22\/3\/2009","format":false,"excerpt":"Warum ich das Internet als Erg\u00e4nzung zu meinem Offline-Medienkonsum so liebe, hat sich mir heute Morgen wieder gezeigt. Ich lese w\u00e4hrend des Fr\u00fchst\u00fccks in der FASZ \u00fcber den Schlagzeuger Martin Grubinger (25) aus \u00d6sterreich. In einem interessanten Artikel wird der Weltklasse-Percussionist vorgestellt: \u00abMan sollte Podolski ans Schlagzeug setzen\u00bb: Martin Grubingers\u2026","rel":"","context":"In &quot;Artikel&quot;","block_context":{"text":"Artikel","link":"https:\/\/textundblog.de\/?cat=5"},"img":{"alt_text":"","src":"","width":0,"height":0},"classes":[]},{"id":242,"url":"https:\/\/textundblog.de\/?p=242","url_meta":{"origin":22,"position":2},"title":"Augen zu, Film ab.","author":"Markus","date":"26\/2\/2005","format":false,"excerpt":"... Ein Handbuch zum Soundtrack ... ist der Titel der neuesten Ausgabe der schweizer Kulturzeitschrift DU. Im Probetext von Matthias Keller \"Filmmusik. Kl\u00e4nge f\u00fcr Millionen\" erf\u00e4hrt man Lesenswertes \u00fcber die Filmmusik: Erst wenn sie fehlt, f\u00e4llt sie auf. Dabei gibt es kaum einen erfolgreichen Film, der ohne sie ausk\u00e4me. Bis\u2026","rel":"","context":"In &quot;Artikel&quot;","block_context":{"text":"Artikel","link":"https:\/\/textundblog.de\/?cat=5"},"img":{"alt_text":"Du: Handbuch zum Soundtrack","src":".\/wp-content\/dumagazin.jpg","width":350,"height":200},"classes":[]},{"id":422,"url":"https:\/\/textundblog.de\/?p=422","url_meta":{"origin":22,"position":3},"title":"Jugendopposition in der DDR","author":"Markus","date":"28\/6\/2005","format":false,"excerpt":"\"Jugendopposition in der DDR\", ein Themenportal der Bundeszentrale f\u00fcr politische Bildung, kl\u00e4rt auf: nicht nur \u00fcber Proteste der Jugend seit 1976, sondern z.B. auch \u00fcber Wahlbetrug in der DDR: Am 7. Mai 1989 sind die DDR-B\u00fcrger wieder einmal aufgerufen, die \"Kandidaten der Nationalen Front\" zu w\u00e4hlen. Das Wahlverfahren ist jedoch\u2026","rel":"","context":"In &quot;Internet&quot;","block_context":{"text":"Internet","link":"https:\/\/textundblog.de\/?cat=4"},"img":{"alt_text":"Jugendopposition in der DDR","src":".\/wp-content\/jugendopposition.jpg","width":350,"height":200},"classes":[]},{"id":813,"url":"https:\/\/textundblog.de\/?p=813","url_meta":{"origin":22,"position":4},"title":"Mixtapes: Soundtrack des Lebens","author":"Markus","date":"16\/2\/2006","format":false,"excerpt":"Mixtapes sind der Soundtrack seines Lebens. Matthias Wagner schreibt ganz wunderbar \u00fcber selbstaufgenommene Musikkassetten und stellt die Frage, ob diese nostalgische private Aufnahmetechnik in Zeiten von iTunes in die Zukunft zu retten ist. Und was wird aus dem Mixtape als Idee, als Sammelbecken genialer Songs, als Z\u00fcndfunke f\u00fcr Fan-Karrieren, als\u2026","rel":"","context":"In &quot;Artikel&quot;","block_context":{"text":"Artikel","link":"https:\/\/textundblog.de\/?cat=5"},"img":{"alt_text":"Foto: Matthias Wagner, ersch. in 'mindestens haltbar'","src":"https:\/\/i0.wp.com\/www.textundblog.de\/wp-content\/instantillusiontape.jpg?resize=350%2C200","width":350,"height":200},"classes":[]},{"id":1786,"url":"https:\/\/textundblog.de\/?p=1786","url_meta":{"origin":22,"position":5},"title":"Lynsey De Paul: Sugar Me","author":"Markus","date":"29\/8\/2007","format":false,"excerpt":"In einer Szene der schwarzen \u00f6sterreichischen Kom\u00f6die \u00abFr\u00e4ulein Phyllis\u00bb (Sophie Rois wohnt mit 40 noch bei Muddi und f\u00e4hrt gef\u00e4hrlich mit Muddis Volvo durch die Wiener Gegend) habe ich ein Lied geh\u00f6rt, dass mir schon ewig nicht mehr zu Ohren gekommen war, und das mich nach Ende des eben auf\u2026","rel":"","context":"In &quot;Kino&quot;","block_context":{"text":"Kino","link":"https:\/\/textundblog.de\/?cat=2"},"img":{"alt_text":"","src":"","width":0,"height":0},"classes":[]}],"_links":{"self":[{"href":"https:\/\/textundblog.de\/index.php?rest_route=\/wp\/v2\/posts\/22","targetHints":{"allow":["GET"]}}],"collection":[{"href":"https:\/\/textundblog.de\/index.php?rest_route=\/wp\/v2\/posts"}],"about":[{"href":"https:\/\/textundblog.de\/index.php?rest_route=\/wp\/v2\/types\/post"}],"author":[{"embeddable":true,"href":"https:\/\/textundblog.de\/index.php?rest_route=\/wp\/v2\/users\/1"}],"replies":[{"embeddable":true,"href":"https:\/\/textundblog.de\/index.php?rest_route=%2Fwp%2Fv2%2Fcomments&post=22"}],"version-history":[{"count":0,"href":"https:\/\/textundblog.de\/index.php?rest_route=\/wp\/v2\/posts\/22\/revisions"}],"wp:attachment":[{"href":"https:\/\/textundblog.de\/index.php?rest_route=%2Fwp%2Fv2%2Fmedia&parent=22"}],"wp:term":[{"taxonomy":"category","embeddable":true,"href":"https:\/\/textundblog.de\/index.php?rest_route=%2Fwp%2Fv2%2Fcategories&post=22"},{"taxonomy":"post_tag","embeddable":true,"href":"https:\/\/textundblog.de\/index.php?rest_route=%2Fwp%2Fv2%2Ftags&post=22"}],"curies":[{"name":"wp","href":"https:\/\/api.w.org\/{rel}","templated":true}]}}