{"id":2184,"date":"2008-05-28T20:10:25","date_gmt":"2008-05-28T18:10:25","guid":{"rendered":"http:\/\/textundblog.de\/?p=2184"},"modified":"2008-05-29T10:03:28","modified_gmt":"2008-05-29T08:03:28","slug":"die-lieben-nachbarn-schockantstrich-in-blau","status":"publish","type":"post","link":"https:\/\/textundblog.de\/?p=2184","title":{"rendered":"Die lieben Nachbarn: Schockanstrich in Blau"},"content":{"rendered":"<p><img data-recalc-dims=\"1\" loading=\"lazy\" decoding=\"async\" src=\"https:\/\/i0.wp.com\/textundblog.de\/wp-content\/balkangrillblau.jpg?resize=500%2C375&#038;ssl=1\" width=\"500\" height=\"375\" alt=\"Balkangrill im Lengerckestieg mit blauer Fassade\" title=\"Balkangrill im Lengerckestieg mit blauer Fassade\" \/><\/p>\n<p>Das Bild zum <a href=\"http:\/\/twitter.com\/textundblog\/statuses\/821888692\">Tweet<\/a>. \u00dcber die blaue Farbe, die meine Nachbarn zur Neugestaltung der Fassade des in Wandsbek sehr beliebten Balkangrills gew\u00e4hlt haben, l\u00e4sst sich trefflich streiten. Lustig finde ich jedoch, dass sie den davor liegenden Stein auch gleich mit blau angemalt haben.<br \/>\nIch denke, nun steht die Wiederer\u00f6ffnung des wegen Umbaus und Renovierung seit ein paar Wochen geschlossenen Restaurants bald bevor. Auch im dahinter gelegenen Biergarten wird (tags\u00fcber) noch flei\u00dfig gewerkelt. Bei den aktuellen Temperaturen sollte der nat\u00fcrlich l\u00e4ngst wieder er\u00f6ffnet sein.<\/p>\n<p><a href=\"http:\/\/twitpic.com\/1lbc\"><img data-recalc-dims=\"1\" loading=\"lazy\" decoding=\"async\" src=\"https:\/\/i0.wp.com\/textundblog.de\/wp-content\/balkangrillblau2.jpg?resize=300%2C228&#038;ssl=1\" width=\"300\" height=\"228\" alt=\"The Balkangrill Bluepainting goes on\u2026\" title=\"The Balkangrill Bluepainting goes on\u2026\" class=\"bildrechts\"\/><\/a><strong>Update 29.05.2008, 9:45 Uhr:<\/strong><br \/>\nWie auf dem Weg zur Arbeit <a href=\"http:\/\/twitpic.com\/1lbc\">getwittert<\/a> (dort auch Foto in gro\u00df), heute morgen sah&#8217;s dann so aus: Jetzt wird auch weiter oben blau gepinselt:<\/p>\n<p><em>The Balkangrill Bluepainting goes on\u2026<\/em> \ud83d\ude09<\/p>\n","protected":false},"excerpt":{"rendered":"<p>Das Bild zum Tweet. \u00dcber die blaue Farbe, die meine Nachbarn zur Neugestaltung der Fassade des in Wandsbek sehr beliebten Balkangrills gew\u00e4hlt haben, l\u00e4sst sich trefflich streiten. Lustig finde ich jedoch, dass sie den davor liegenden Stein auch gleich mit blau angemalt haben. Ich denke, nun steht die Wiederer\u00f6ffnung des wegen Umbaus und Renovierung seit [&hellip;]<\/p>\n","protected":false},"author":1,"featured_media":0,"comment_status":"open","ping_status":"open","sticky":false,"template":"","format":"standard","meta":{"site-sidebar-layout":"default","site-content-layout":"","ast-site-content-layout":"default","site-content-style":"default","site-sidebar-style":"default","ast-global-header-display":"","ast-banner-title-visibility":"","ast-main-header-display":"","ast-hfb-above-header-display":"","ast-hfb-below-header-display":"","ast-hfb-mobile-header-display":"","site-post-title":"","ast-breadcrumbs-content":"","ast-featured-img":"","footer-sml-layout":"","theme-transparent-header-meta":"","adv-header-id-meta":"","stick-header-meta":"","header-above-stick-meta":"","header-main-stick-meta":"","header-below-stick-meta":"","astra-migrate-meta-layouts":"default","ast-page-background-enabled":"default","ast-page-background-meta":{"desktop":{"background-color":"var(--ast-global-color-4)","background-image":"","background-repeat":"repeat","background-position":"center center","background-size":"auto","background-attachment":"scroll","background-type":"","background-media":"","overlay-type":"","overlay-color":"","overlay-opacity":"","overlay-gradient":""},"tablet":{"background-color":"","background-image":"","background-repeat":"repeat","background-position":"center center","background-size":"auto","background-attachment":"scroll","background-type":"","background-media":"","overlay-type":"","overlay-color":"","overlay-opacity":"","overlay-gradient":""},"mobile":{"background-color":"","background-image":"","background-repeat":"repeat","background-position":"center center","background-size":"auto","background-attachment":"scroll","background-type":"","background-media":"","overlay-type":"","overlay-color":"","overlay-opacity":"","overlay-gradient":""}},"ast-content-background-meta":{"desktop":{"background-color":"var(--ast-global-color-5)","background-image":"","background-repeat":"repeat","background-position":"center center","background-size":"auto","background-attachment":"scroll","background-type":"","background-media":"","overlay-type":"","overlay-color":"","overlay-opacity":"","overlay-gradient":""},"tablet":{"background-color":"var(--ast-global-color-5)","background-image":"","background-repeat":"repeat","background-position":"center center","background-size":"auto","background-attachment":"scroll","background-type":"","background-media":"","overlay-type":"","overlay-color":"","overlay-opacity":"","overlay-gradient":""},"mobile":{"background-color":"var(--ast-global-color-5)","background-image":"","background-repeat":"repeat","background-position":"center center","background-size":"auto","background-attachment":"scroll","background-type":"","background-media":"","overlay-type":"","overlay-color":"","overlay-opacity":"","overlay-gradient":""}},"ngg_post_thumbnail":0,"jetpack_post_was_ever_published":false,"_jetpack_newsletter_access":"","_jetpack_dont_email_post_to_subs":false,"_jetpack_newsletter_tier_id":0,"_jetpack_memberships_contains_paywalled_content":false,"_jetpack_memberships_contains_paid_content":false,"footnotes":""},"categories":[10,15],"tags":[],"class_list":["post-2184","post","type-post","status-publish","format-standard","hentry","category-foto","category-hamburg"],"jetpack_featured_media_url":"","jetpack_sharing_enabled":true,"jetpack_shortlink":"https:\/\/wp.me\/p4uzZ-ze","jetpack-related-posts":[{"id":2106,"url":"https:\/\/textundblog.de\/?p=2106","url_meta":{"origin":2184,"position":0},"title":"Sonnendurchflutetes Wandsbek","author":"Markus","date":"23\/3\/2008","format":false,"excerpt":"Strahlender Sonnenschein in Wandsbek am Ostersonntag, hier im Osten erstrahlt die Hansestadt in kr\u00e4ftigstem Blau. Ein paar Impressionen - beim Br\u00f6tchenholen heute Fr\u00fch aufgenommen - vom Staatsarchiv, meinem Nachbarn auf der anderen Seite der Wandse. Bilder bei sevenload in gro\u00df.","rel":"","context":"In &quot;Foto&quot;","block_context":{"text":"Foto","link":"https:\/\/textundblog.de\/?cat=10"},"img":{"alt_text":"'Staatsarchiv Hamburg' von textundblog","src":"http:\/\/de.sevenload.com\/im\/XChBDn8\/338x450","width":350,"height":200},"classes":[]},{"id":2908,"url":"https:\/\/textundblog.de\/?p=2908","url_meta":{"origin":2184,"position":1},"title":"Wandsbek: Stadtteil-Impressionen \u00f6stlich der Alster","author":"Markus","date":"18\/4\/2009","format":false,"excerpt":"Viele Ignoranten westlich der Alster oder Menschen aus sonstigen Gebieten der Hansestadt, die ihr Viertel nur ungern verlassen, glauben mir ja nie, wie sch\u00f6n es hier in Wandsbek ist. Sie kennen unseren Stadtteil entweder gar nicht, oder haben sich ihr Bild beim Durchfahren durch die Wandsbeker Marktstra\u00dfe gemacht. So sch\u00fctteln\u2026","rel":"","context":"In &quot;Foto&quot;","block_context":{"text":"Foto","link":"https:\/\/textundblog.de\/?cat=10"},"img":{"alt_text":"Japanische Kirschbl\u00fcten in der Kattunbleiche","src":"https:\/\/i0.wp.com\/textundblog.de\/wp-content\/japkirschblueten.jpg?resize=350%2C200&ssl=1","width":350,"height":200},"classes":[]},{"id":1607,"url":"https:\/\/textundblog.de\/?p=1607","url_meta":{"origin":2184,"position":2},"title":"Abendblau","author":"Markus","date":"22\/5\/2007","format":false,"excerpt":"Was f\u00fcr ein Abendblau. Bitte dieses Foto unbedingt in seiner abendblauen G\u00e4nze bei Onno K. Gent auf filapper bewundern.","rel":"","context":"In &quot;Foto&quot;","block_context":{"text":"Foto","link":"https:\/\/textundblog.de\/?cat=10"},"img":{"alt_text":"Ausschnitt von 'Abendblau'  \u00a9 Onno K. Gent","src":"https:\/\/i0.wp.com\/textundblog.de\/wp-content\/abendblau.jpg?resize=350%2C200&ssl=1","width":350,"height":200},"classes":[]},{"id":178,"url":"https:\/\/textundblog.de\/?p=178","url_meta":{"origin":2184,"position":3},"title":"Die Nacht der blauen Herzen","author":"Markus","date":"24\/1\/2005","format":false,"excerpt":"Fotographischer Nachschlag zum Oph\u00fcls-Festival: Die N\u00e4chte sind lang auf dem Festival der blauen Herzen ...","rel":"","context":"In &quot;Foto&quot;","block_context":{"text":"Foto","link":"https:\/\/textundblog.de\/?cat=10"},"img":{"alt_text":"Die Nacht der blauen Herzen","src":".\/wp-content\/lolasbistro1k.jpg","width":350,"height":200},"classes":[]},{"id":169,"url":"https:\/\/textundblog.de\/?p=169","url_meta":{"origin":2184,"position":4},"title":"Gef\u00fchlevolle Herzen, k\u00fchle Emotionalit\u00e4t","author":"Markus","date":"17\/1\/2005","format":false,"excerpt":"Wieso hei\u00dft der MAX OPH\u00dcLS PREIS eigentlich \"Festival der Blauen Herzen\" ? Die Herzen stehen f\u00fcr das Gef\u00fchlvolle, das alle Filme von Oph\u00fcls auszeichnet, das Blau f\u00fcr eine gewisse emotionale K\u00fchle, die den Filmen ebenfalls eigen ist, genauso wie das Neonlicht [...] diese optische Allegorie auf die ironisch-gebrochene, distanzierte Erotik\u2026","rel":"","context":"In &quot;Kino&quot;","block_context":{"text":"Kino","link":"https:\/\/textundblog.de\/?cat=2"},"img":{"alt_text":"Blaue Herzen","src":".\/wp-content\/lomomax.jpg","width":350,"height":200},"classes":[]},{"id":2149,"url":"https:\/\/textundblog.de\/?p=2149","url_meta":{"origin":2184,"position":5},"title":"Zur\u00fcck aus Kuba: Blaue Wagen &#8211; bunte H\u00e4user","author":"Markus","date":"28\/4\/2008","format":false,"excerpt":"Ich bin heute Abend aus Kuba zur\u00fcckgekommen. Mit dem Koffer voller Impressionen, Bildern auf der Speicherkarte, dem Notebook und im Kopf. Ausf\u00fchrlichere Berichte folgen sp\u00e4ter, vorab schon mal zwei weitere Fotos, die zeigen, dass die Kubaner ihre Autos gerne himmelblau und ihre H\u00e4user teilweise bunt anstreichen.","rel":"","context":"In &quot;Foto&quot;","block_context":{"text":"Foto","link":"https:\/\/textundblog.de\/?cat=10"},"img":{"alt_text":"Wagen in der Altstadt von Havanna ","src":"https:\/\/i0.wp.com\/textundblog.de\/wp-content\/hav-wagen-blau.jpg?resize=350%2C200&ssl=1","width":350,"height":200},"classes":[]}],"_links":{"self":[{"href":"https:\/\/textundblog.de\/index.php?rest_route=\/wp\/v2\/posts\/2184","targetHints":{"allow":["GET"]}}],"collection":[{"href":"https:\/\/textundblog.de\/index.php?rest_route=\/wp\/v2\/posts"}],"about":[{"href":"https:\/\/textundblog.de\/index.php?rest_route=\/wp\/v2\/types\/post"}],"author":[{"embeddable":true,"href":"https:\/\/textundblog.de\/index.php?rest_route=\/wp\/v2\/users\/1"}],"replies":[{"embeddable":true,"href":"https:\/\/textundblog.de\/index.php?rest_route=%2Fwp%2Fv2%2Fcomments&post=2184"}],"version-history":[{"count":0,"href":"https:\/\/textundblog.de\/index.php?rest_route=\/wp\/v2\/posts\/2184\/revisions"}],"wp:attachment":[{"href":"https:\/\/textundblog.de\/index.php?rest_route=%2Fwp%2Fv2%2Fmedia&parent=2184"}],"wp:term":[{"taxonomy":"category","embeddable":true,"href":"https:\/\/textundblog.de\/index.php?rest_route=%2Fwp%2Fv2%2Fcategories&post=2184"},{"taxonomy":"post_tag","embeddable":true,"href":"https:\/\/textundblog.de\/index.php?rest_route=%2Fwp%2Fv2%2Ftags&post=2184"}],"curies":[{"name":"wp","href":"https:\/\/api.w.org\/{rel}","templated":true}]}}