{"id":2141,"date":"2008-04-14T00:07:55","date_gmt":"2008-04-13T22:07:55","guid":{"rendered":"http:\/\/textundblog.de\/?p=2141"},"modified":"2008-04-16T11:55:36","modified_gmt":"2008-04-16T09:55:36","slug":"inetbib-2008-in-wurzburg-gelungenes-update","status":"publish","type":"post","link":"https:\/\/textundblog.de\/?p=2141","title":{"rendered":"InetBib 2008 in W\u00fcrzburg: Gelungenes Update"},"content":{"rendered":"<p><img data-recalc-dims=\"1\" loading=\"lazy\" decoding=\"async\" src=\"https:\/\/i0.wp.com\/textundblog.de\/wp-content\/inetbib2008.jpg?resize=500%2C375&#038;ssl=1\" width=\"500\" height=\"375\" alt=\"InetBib 2008 in W\u00fcrzburg\" title=\"InetBib 2008 in W\u00fcrzburg\" \/><br \/>\n<cite>Fotocollage aus <a href=\"http:\/\/flickr.com\/search\/?q=inetbib2008&#038;w=all\">Flickr-Fotos<\/a>, einer Vortragsfolie und eigenen Bildern<\/cite><\/p>\n<p>Wie letzte Woche <a href=\"https:\/\/textundblog.de\/?p=2140\">angek\u00fcndigt<\/a>, hatte ich vom 9.-11.4.2008 an der 10. InetBib-Tagung in W\u00fcrzburg teilgenommen. Meine Erwartungen waren hoch, nachdem ich <a href=\"https:\/\/textundblog.de\/?p=1186\">2006 so begeistert<\/a> aus M\u00fcnster zur\u00fcckgekehrt war. Um es vorwegzunehmen: sie wurden erf\u00fcllt. 460 Teilnehmer aus dem deutschsprachigen Bibliotheksbereich nach 300 in 2006 bedeuten eine Steigerung von \u00fcber 50%. Daher gilt es ein erstes Lob den Veranstaltungsteams der <acronym title=\"Universit\u00e4tsbibliotheken\">UB<\/acronym>s aus W\u00fcrzburg und Dortmund auszusprechen. Jeder, der &#8211; parallel zu seiner fortlaufenden Arbeit! &#8211; einmal eine Tagung organisiert hat, wei\u00df, was das bedeutet. Der reibungslose und perfekte Ablauf dieser Fachtagung mit einem dichten Programm ist daher alles andere als eine Selbstverst\u00e4ndlichkeit.<\/p>\n<p>Edlef Stabenau hat heute schon in seinem Res\u00fcmee auf <a href=\"http:\/\/log.netbib.de\/archives\/2008\/04\/13\/inetbib-2008-ubersicht-uber-die-blogbeitrage\/\">netbib<\/a> einen kleinen \u00dcberblick gegeben, wer alles \u00fcber die InetBib berichtet. Die Blogpostings sind am besten \u00fcber <a href=\"http:\/\/www.technorati.com\/search\/inetbib\">Technorati<\/a> mit Suchwort inetbib abzurufen. <a href=\"http:\/\/flickr.com\/search\/?q=inetbib2008&#038;w=all\">Geflickert<\/a> (sprich: fotografiert, Fotos werden auch noch auf <a href=\"http:\/\/www.inetbib.de\/\">InetBib<\/a> ver\u00f6ffentlicht) wurde hier, <a href=\"http:\/\/www.tweetscan.com\/index.php?s=inetbib2008&#038;u=\">getwittert<\/a> da und <a href=\"http:\/\/www.tweetscan.com\/index.php?s=inetbib&#038;u=\">dort<\/a> (Letzterer, moi-m\u00eame, mit falschem Hashtag ;-).<\/p>\n<p>Hier nun mein Erfahrungsbericht:<!--more--><br \/>\nWir haben in k\u00fcrzester Zeit unheimlich viel erfahren. Zum Beispiel, dass die Bayerische Staatsbibliothek (BSB) mit ihrer <a href=\"http:\/\/www.ub.uni-dortmund.de\/inetbib2008\/abstracts\/hilpert.html\">Public-Private-Partnership mit Google<\/a> eine ganz eigene Interpretation von urheberrechtsfreien Werken entwickelt hat. So meinte der BSB-Vertreter, Dr. Wilhelm Hilpert, auf Nachfrage von <a href=\"http:\/\/jakoblog.de\/\">Jakob Vo\u00df<\/a>, wieso die durch Google eingescannten gemeinfreien Werke von der BSB nicht der \u00d6ffentlichkeit im Rahmen der Idee von Open Access frei zug\u00e4nglich gemacht w\u00fcrden: \u00abAber das sind doch <em>unsere<\/em> Digitalisate\u00bb (ich zitiere aus der Erinnerung). <\/p>\n<p>Der weitaus erfreulichere Erkenntnisgewinn hat sich f\u00fcr mich aus einem der besten Vortr\u00e4ge der Tagung ergeben: \u00ab<a href=\"http:\/\/www.ub.uni-dortmund.de\/inetbib2008\/abstracts\/heller-danowski.html\">Von der BibibliothekarIn zur BibliothekarIn 2.0<\/a>\u00bb von Lambert Heller und Patrick Danowski, und ich sage das ganz bewusst ob der von Einigen formulierten Kritik, manche Beitr\u00e4ge h\u00e4tten nicht das Niveau des Expertenwissens gehabt, das man auf einer solchen Fachtagung erwarten d\u00fcrfte. Ja, auch Lambert und Patrick wurde vorgeworfen, Sie seien nicht tief genug in die Materie eingedrungen und von einer solchen Fachtagung d\u00fcrfe man weiterf\u00fchrende Analysen des bibliothekarischen Umgangs mit dem Internet erwarten. Das sehe ich anders und ich finde der Vortrag zum Update des Bibliothekars 2.0 hat eindr\u00fccklich klar macht, dass es sowohl eine gro\u00dfe Herausforderung als auch eine riesige Chance f\u00fcr die Bibliotheken ist, sich zus\u00e4tzlich zu allen weiter bestehenden Aufgaben (wie &#8211; um nur einige zu nennen &#8211; Bestandserhaltung, Informationsvermittlung und Erfassung der in immer gr\u00f6\u00dferer Menge publizierten Informationen) dem Themenfeld Web 2.0 zu widmen und dabei &#8211; wenn ich da so salopp formulieren darf &#8211; zwei Fliegen mit einer Klappe zu schlagen: die eigene Arbeit effizienter zu gestalten und die Recherchekompetenz der Nutzerinnen und Nutzer sowohl mit ausbilden zu k\u00f6nnen bzw. &#8211; da, wo schon vorhanden und als Service erwartet, besser und fachgerechter bedienen zu k\u00f6nnen. <\/p>\n<p><a href=\"http:\/\/lernen20.wordpress.com\/\"><img data-recalc-dims=\"1\" loading=\"lazy\" decoding=\"async\" src=\"https:\/\/i0.wp.com\/textundblog.de\/wp-content\/lernen20.jpg?resize=335%2C226&#038;ssl=1\" width=\"335\" height=\"226\" alt=\"Lernen 2.0 - Selbstlernkurs f\u00fcr Bibliothekare\" title=\"Lernen 2.0 - Selbstlernkurs f\u00fcr Bibliothekare\" class=\"bildrechts\" \/><\/a> Passend zum Thema \u00abUpdate Bibliothekar 2.0\u00bb wird im Vortrag auch das Blog \u00ab<a href=\"http:\/\/lernen20.wordpress.com\/\">Lernen 2.0<\/a>\u00bb vorgestellt, ein von Edlef Stabenau auf dem <a href=\"http:\/\/plcmclearning.blogspot.com\/\">englischsprachigen Vorbild<\/a> aufgebauter und mit deutschen Beispielen umkonfigurierter Selbstlernkurs f\u00fcr das Bibliothekswesen.<\/p>\n<p>Die Folien zum Vortrag von Patrick Danowski und Lambert Heller gibt es auch bei Slideshare (einem Webservice, auf dem Vortragsfolien \u00f6ffentlich zug\u00e4nglich gemacht werden k\u00f6nnen) zu sehen:<\/p>\n<div style=\"width:425px;text-align:left\" id=\"__ss_347492\"><object style=\"margin:0px\" width=\"425\" height=\"355\"><param name=\"movie\" value=\"http:\/\/static.slideshare.net\/swf\/ssplayer2.swf?doc=inetbib2008-1207902008678515-8\"\/><param name=\"allowFullScreen\" value=\"true\"\/><param name=\"allowScriptAccess\" value=\"always\"\/><\/object><\/p>\n<div style=\"font-size:11px;font-family:tahoma,arial;height:26px;padding-top:2px;\"><a href=\"http:\/\/www.slideshare.net\/?src=embed\"><img data-recalc-dims=\"1\" decoding=\"async\" src=\"https:\/\/i0.wp.com\/static.slideshare.net\/swf\/logo_embd.png\" style=\"border:0px none;margin-bottom:-5px\" alt=\"SlideShare\"\/><\/a> | <a href=\"http:\/\/www.slideshare.net\/PatrickD\/von-der-bibibliothekarin-zur-bibliothekarin-20?src=embed\" title=\"View 'Von der BibibliothekarIn zur BibliothekarIn 2.0' on SlideShare\">View<\/a> | <a href=\"http:\/\/www.slideshare.net\/upload?src=embed\">Upload your own<\/a><\/div>\n<\/div>\n<p>Und noch ein Wort zu den Kritikern, die tiefer gehende Vortr\u00e4ge erwartet hatten: man sollte gerade auch bei einer Tagung wie der InetBib immer auch an die Kolleginnen und Kollegen denken, die aus organisatorischen Gr\u00fcnden an dieser Fachtagung nicht teilnehmen k\u00f6nnen, und die froh sind, wenn die dort behandelten Themen so vorgestellt werden, dass man auch in der Nachbetrachtung aus der Ferne einen Gewinn f\u00fcr die immer anspruchsvoller werdende Arbeit vor Ort ziehen kann. 460 Teilnehmer waren in der Tat schon viel, aber die vierstellige Abonnentenzahl der InetBib-Liste (sind es 3.000? <strong>Update:<\/strong> Dank des <a href=\"https:\/\/textundblog.de\/?p=2141#comment-147219\">Kommentars von UE<\/a>: es sind 5.000!) spricht ja daf\u00fcr, dass der Kreis der Interessenten noch viel gr\u00f6\u00dfer ist.<\/p>\n<p>Wenn ich eingangs sagte, dass obiger Vortrag einer der besten war, m\u00f6chte ich abschlie\u00dfend den nennen, den ich am besten fand: \u00ab<a href=\"http:\/\/campus.hesge.ch\/schneiderr\/welcome.asp\">Bibliothek 1.0, 2.0 oder 3.0?<\/a>\u00bb von <a href=\"http:\/\/campus.hesge.ch\/schneiderr\/welcome.asp\">Prof. Dr. Ren\u00e9 Schneider<\/a>. Der Computerlinguist und Hispanist von der Fachhochschule Genf hat den vier Phasen des Webs literarische Entsprechungen zur Seite gestellt:<\/p>\n<blockquote><p>Web 1.0: \u00abDer Garten der Pfade, die sich verzweigen\u00bb<br \/>\nWeb 2.0: \u00abDas Schloss, darin sich Schicksale kreuzen\u00bb<br \/>\nWeb 3.0: \u00abDer Widerspenstigen Z\u00e4hmung\u00bb<br \/>\nWeb 4.0: \u00abEs\u00bb<\/p><\/blockquote>\n<p><a href=\"http:\/\/twitter.com\/textundblog\/statuses\/786327501\"><img data-recalc-dims=\"1\" loading=\"lazy\" decoding=\"async\" src=\"https:\/\/i0.wp.com\/textundblog.de\/wp-content\/twitterhammervortrag.jpg?resize=500%2C144&#038;ssl=1\" width=\"500\" height=\"144\" alt=\"Mein Spontantweet zum Vortrag von Prof. Schneider\" title=\"Mein Spontantweet zum Vortrag von Prof. Schneider\" \/><\/a><br \/>\nAuch diesen Vortrag, den ich spontan bei <a href=\"http:\/\/twitter.com\/textundblog\/statuses\/786327501\">Twitter<\/a> (s. Abb. oben) als <em>Hammervortrag<\/em> bezeichnet hatte, gibt es auf Slideshare zu sehen:<\/p>\n<div style=\"width:425px;text-align:left\" id=\"__ss_342195\"><object style=\"margin:0px\" width=\"425\" height=\"355\"><param name=\"movie\" value=\"http:\/\/static.slideshare.net\/swf\/ssplayer2.swf?doc=inetbibbibliothek123-1207667919892956-9\"\/><param name=\"allowFullScreen\" value=\"true\"\/><param name=\"allowScriptAccess\" value=\"always\"\/><\/object><\/p>\n<div style=\"font-size:11px;font-family:tahoma,arial;height:26px;padding-top:2px;\"><a href=\"http:\/\/www.slideshare.net\/?src=embed\"><img data-recalc-dims=\"1\" decoding=\"async\" src=\"https:\/\/i0.wp.com\/static.slideshare.net\/swf\/logo_embd.png\" style=\"border:0px none;margin-bottom:-5px\" alt=\"SlideShare\"\/><\/a> | <a href=\"http:\/\/www.slideshare.net\/rene.schneider\/bibliothek123?src=embed\" title=\"View 'bibliothek123' on SlideShare\">View<\/a> | <a href=\"http:\/\/www.slideshare.net\/upload?src=embed\">Upload your own<\/a><\/div>\n<\/div>\n<p>Insgesamt kann ich nur sagen, dass sich der Weg nach W\u00fcrzburg f\u00fcr mich gelohnt hat und ich f\u00fcr die kommende Arbeit in der Stabi Hamburg, konkret f\u00fcr die Virtuelle Fachbibliothek cibera, wieder eine Menge Anregungen bekommen habe und nun guter Dinge bin, diese umzusetzen. Mit der Einrichtung des <a href=\"http:\/\/blog.cibera.de\/\">ciberaBlogs<\/a> haben wir ja einen ersten wichtigen Schritt in Richtung Web 2.0 getan. Die n\u00e4chsten werden folgen und werden Dank der InetBib-Tagung auch im Kontakt und im Austausch mit den Kolleginnen und Kollegen aus dem Bibliothekswesen erfolgen, von denen ich einige ja bereits bald wieder sehen werde: auf dem <a href=\"http:\/\/bibcamp.pbwiki.com\/\">Bibcamp<\/a> (16.\/17. Mai 2008) in Berlin\/Potsdam.<\/p>\n<p><strong>Update 16.4.<\/strong> [via <a href=\"http:\/\/log.netbib.de\/archives\/2008\/04\/16\/auch-ein-bibliothekar-muss-sich-mal-updaten\/\">netbib<\/a>]: Mittlerweile gibt es zur Nachbetrachtung der InetBib 2008 auch eine <a href=\"http:\/\/www.idw-online.de\/pages\/de\/news255464\">Pressemeldung<\/a> der UB W\u00fcrzburg im Informationsdienst Wissenschaft: \u00ab<a href=\"http:\/\/log.netbib.de\/archives\/2008\/04\/16\/auch-ein-bibliothekar-muss-sich-mal-updaten\/\">Auch ein Bibliothekar muss sich mal updaten<\/a>\u00bb.<\/p>\n","protected":false},"excerpt":{"rendered":"<p>Fotocollage aus Flickr-Fotos, einer Vortragsfolie und eigenen Bildern Wie letzte Woche angek\u00fcndigt, hatte ich vom 9.-11.4.2008 an der 10. InetBib-Tagung in W\u00fcrzburg teilgenommen. Meine Erwartungen waren hoch, nachdem ich 2006 so begeistert aus M\u00fcnster zur\u00fcckgekehrt war. Um es vorwegzunehmen: sie wurden erf\u00fcllt. 460 Teilnehmer aus dem deutschsprachigen Bibliotheksbereich nach 300 in 2006 bedeuten eine Steigerung [&hellip;]<\/p>\n","protected":false},"author":1,"featured_media":0,"comment_status":"open","ping_status":"open","sticky":false,"template":"","format":"standard","meta":{"site-sidebar-layout":"default","site-content-layout":"","ast-site-content-layout":"default","site-content-style":"default","site-sidebar-style":"default","ast-global-header-display":"","ast-banner-title-visibility":"","ast-main-header-display":"","ast-hfb-above-header-display":"","ast-hfb-below-header-display":"","ast-hfb-mobile-header-display":"","site-post-title":"","ast-breadcrumbs-content":"","ast-featured-img":"","footer-sml-layout":"","theme-transparent-header-meta":"","adv-header-id-meta":"","stick-header-meta":"","header-above-stick-meta":"","header-main-stick-meta":"","header-below-stick-meta":"","astra-migrate-meta-layouts":"default","ast-page-background-enabled":"default","ast-page-background-meta":{"desktop":{"background-color":"var(--ast-global-color-4)","background-image":"","background-repeat":"repeat","background-position":"center center","background-size":"auto","background-attachment":"scroll","background-type":"","background-media":"","overlay-type":"","overlay-color":"","overlay-opacity":"","overlay-gradient":""},"tablet":{"background-color":"","background-image":"","background-repeat":"repeat","background-position":"center center","background-size":"auto","background-attachment":"scroll","background-type":"","background-media":"","overlay-type":"","overlay-color":"","overlay-opacity":"","overlay-gradient":""},"mobile":{"background-color":"","background-image":"","background-repeat":"repeat","background-position":"center center","background-size":"auto","background-attachment":"scroll","background-type":"","background-media":"","overlay-type":"","overlay-color":"","overlay-opacity":"","overlay-gradient":""}},"ast-content-background-meta":{"desktop":{"background-color":"var(--ast-global-color-5)","background-image":"","background-repeat":"repeat","background-position":"center center","background-size":"auto","background-attachment":"scroll","background-type":"","background-media":"","overlay-type":"","overlay-color":"","overlay-opacity":"","overlay-gradient":""},"tablet":{"background-color":"var(--ast-global-color-5)","background-image":"","background-repeat":"repeat","background-position":"center center","background-size":"auto","background-attachment":"scroll","background-type":"","background-media":"","overlay-type":"","overlay-color":"","overlay-opacity":"","overlay-gradient":""},"mobile":{"background-color":"var(--ast-global-color-5)","background-image":"","background-repeat":"repeat","background-position":"center center","background-size":"auto","background-attachment":"scroll","background-type":"","background-media":"","overlay-type":"","overlay-color":"","overlay-opacity":"","overlay-gradient":""}},"ngg_post_thumbnail":0,"jetpack_post_was_ever_published":false,"_jetpack_newsletter_access":"","_jetpack_dont_email_post_to_subs":false,"_jetpack_newsletter_tier_id":0,"_jetpack_memberships_contains_paywalled_content":false,"_jetpack_memberships_contains_paid_content":false,"footnotes":""},"categories":[4,11],"tags":[],"class_list":["post-2141","post","type-post","status-publish","format-standard","hentry","category-internet","category-literatur"],"jetpack_featured_media_url":"","jetpack_sharing_enabled":true,"jetpack_shortlink":"https:\/\/wp.me\/p4uzZ-yx","jetpack-related-posts":[{"id":2140,"url":"https:\/\/textundblog.de\/?p=2140","url_meta":{"origin":2141,"position":0},"title":"10. InetBib-Tagung in W\u00fcrzburg","author":"Markus","date":"8\/4\/2008","format":false,"excerpt":"Ab morgen bin ich f\u00fcr drei Tage in W\u00fcrzburg auf der zum 10. Mal stattfindenden InetBib-Tagung. Nach der InetBib in M\u00fcnster 2006 ist das meine zweite bibliothekarische Fachtagung zum Thema Internet. Damals hatte ich in dem kurzen Fazit meines Blogartikels \u00abInetBib-Tagung 2006 und die Zukunft der Bibliotheken\u00bb geschrieben: Die drei\u2026","rel":"","context":"In &quot;Informationskompetenz&quot;","block_context":{"text":"Informationskompetenz","link":"https:\/\/textundblog.de\/?cat=16"},"img":{"alt_text":"","src":"","width":0,"height":0},"classes":[]},{"id":2611,"url":"https:\/\/textundblog.de\/?p=2611","url_meta":{"origin":2141,"position":1},"title":"Von musealen \u00dcberg\u00e4ngen im Deutschen Historischen Museum","author":"Markus","date":"7\/11\/2008","format":false,"excerpt":"Der Arbeitsgemeinschaft der Kunst- und Museumsbibliotheken m\u00f6chte ich ein gro\u00dfes Lob aussprechen, weil sie mit ihrer Herbstfortbildung zum Thema Web 2.0 eine prima Veranstaltung auf die Beine gestellt haben. Die Vortr\u00e4ge (gestern und heute) decken ein breites Spektrum zwischen theoretischer Einordnung der Konzepte des Mitmachwebs bis hin zu Berichten aus\u2026","rel":"","context":"In &quot;Foto&quot;","block_context":{"text":"Foto","link":"https:\/\/textundblog.de\/?cat=10"},"img":{"alt_text":"WC \/ Internet im Deutschen Historischen Museum","src":"https:\/\/i0.wp.com\/textundblog.de\/wp-content\/wc-internet.jpg?resize=350%2C200&ssl=1","width":350,"height":200},"classes":[]},{"id":5290,"url":"https:\/\/textundblog.de\/?p=5290","url_meta":{"origin":2141,"position":2},"title":"Spielh\u00f6lle InetBib 2013","author":"Markus","date":"5\/3\/2013","format":false,"excerpt":"Falls ihr euch wundert, warum es hier gerade ein bisschen ruhiger ist: ich bin seit Montag auf der InetBib-Tagung in Berlin. Was es mit diesem Spieltisch auf sich hat, werde ich nach meiner R\u00fcckkehr aufkl\u00e4ren. Er h\u00e4ngt mit der bibliothekarischen Tagung zusammen, ich bin hier nicht in die Spielh\u00f6lle abgewandert.\u2026","rel":"","context":"In &quot;Internet&quot;","block_context":{"text":"Internet","link":"https:\/\/textundblog.de\/?cat=4"},"img":{"alt_text":"","src":"","width":0,"height":0},"classes":[]},{"id":1186,"url":"https:\/\/textundblog.de\/?p=1186","url_meta":{"origin":2141,"position":3},"title":"InetBib-Tagung 2006 und die Zukunft der Bibliotheken","author":"Markus","date":"10\/9\/2006","format":false,"excerpt":"Die drei Tage dauernde Bibliothekstagung InetBib, an der in M\u00fcnster vom 6.-8.09.2006 fast 300 Bibliothekare und Bibliothekarinnen aus Deutschland teilgenommen haben, hat m\u00e4chtig Eindruck auf mich gemacht. Als Nichtbibliothekar, der als wissenschaftlicher Mitarbeiter tempor\u00e4r in einer Bibliothek (der Stabi Hamburg, im Projekt der ViFa cibera.de) arbeitet, konnte ich mir einen\u2026","rel":"","context":"In &quot;Informationskompetenz&quot;","block_context":{"text":"Informationskompetenz","link":"https:\/\/textundblog.de\/?cat=16"},"img":{"alt_text":"Bib-Wiki - 'Zukunft der Bibliothek'","src":"https:\/\/i0.wp.com\/www.textundblog.de\/wp-content\/bibwiki.jpg?resize=350%2C200","width":350,"height":200},"classes":[]},{"id":1177,"url":"https:\/\/textundblog.de\/?p=1177","url_meta":{"origin":2141,"position":4},"title":"InetBib-Tagung in M\u00fcnster","author":"Markus","date":"5\/9\/2006","format":false,"excerpt":"Morgen fr\u00fch hei\u00dft es fr\u00fch (leider sehr fr\u00fch) aufstehen, den ersten Zug aus der Hansestadt nach M\u00fcnster nehmen und drei spannende Tage auf der bibliothekarischen Fachtagung InetBib moderner Bibliotheksarbeit widmen. Web2.0-Technologien und die Zukunft der Bibliotheken, Open Access, Wikipedia, Blogs. Ich freue mich auf spannende Workshops, Vortr\u00e4ge, Treffen und Gespr\u00e4che.","rel":"","context":"In &quot;Informationskompetenz&quot;","block_context":{"text":"Informationskompetenz","link":"https:\/\/textundblog.de\/?cat=16"},"img":{"alt_text":"","src":"","width":0,"height":0},"classes":[]},{"id":1200,"url":"https:\/\/textundblog.de\/?p=1200","url_meta":{"origin":2141,"position":5},"title":"Linkrecherche in der Wikipedia","author":"Markus","date":"14\/9\/2006","format":false,"excerpt":"Die Wikipedia wird als Recherche- und Referenzorgan immer mehr akzeptiert. Das hat sich ja auch im spannenden Vortrag von Jakob Voss auf der inetbib-Tagung gezeigt. Anbieter von Informationen k\u00f6nnen nat\u00fcrlich auch da, wo es sinnvoll erscheint, auf ihre Recherchequelle in der Wikipedia hinweisen. Wer umgekehrt wissen m\u00f6chte, ob denn irgendwo\u2026","rel":"","context":"In &quot;Informationskompetenz&quot;","block_context":{"text":"Informationskompetenz","link":"https:\/\/textundblog.de\/?cat=16"},"img":{"alt_text":"Wikipedia-Vortrag Jakob Voss - inetbib","src":"https:\/\/i0.wp.com\/www.textundblog.de\/wp-content\/wikipediainetbib.jpg?resize=350%2C200","width":350,"height":200},"classes":[]}],"_links":{"self":[{"href":"https:\/\/textundblog.de\/index.php?rest_route=\/wp\/v2\/posts\/2141","targetHints":{"allow":["GET"]}}],"collection":[{"href":"https:\/\/textundblog.de\/index.php?rest_route=\/wp\/v2\/posts"}],"about":[{"href":"https:\/\/textundblog.de\/index.php?rest_route=\/wp\/v2\/types\/post"}],"author":[{"embeddable":true,"href":"https:\/\/textundblog.de\/index.php?rest_route=\/wp\/v2\/users\/1"}],"replies":[{"embeddable":true,"href":"https:\/\/textundblog.de\/index.php?rest_route=%2Fwp%2Fv2%2Fcomments&post=2141"}],"version-history":[{"count":0,"href":"https:\/\/textundblog.de\/index.php?rest_route=\/wp\/v2\/posts\/2141\/revisions"}],"wp:attachment":[{"href":"https:\/\/textundblog.de\/index.php?rest_route=%2Fwp%2Fv2%2Fmedia&parent=2141"}],"wp:term":[{"taxonomy":"category","embeddable":true,"href":"https:\/\/textundblog.de\/index.php?rest_route=%2Fwp%2Fv2%2Fcategories&post=2141"},{"taxonomy":"post_tag","embeddable":true,"href":"https:\/\/textundblog.de\/index.php?rest_route=%2Fwp%2Fv2%2Ftags&post=2141"}],"curies":[{"name":"wp","href":"https:\/\/api.w.org\/{rel}","templated":true}]}}