{"id":213,"date":"2005-02-02T01:58:43","date_gmt":"2005-02-02T00:58:43","guid":{"rendered":"http:\/\/textundblog.de\/?p=213"},"modified":"2005-02-02T02:02:39","modified_gmt":"2005-02-02T01:02:39","slug":"schrecklicher-verdacht","status":"publish","type":"post","link":"https:\/\/textundblog.de\/?p=213","title":{"rendered":"Schrecklicher Verdacht&#8230;"},"content":{"rendered":"<p><a href=\"http:\/\/www.wortfeld.de\/2005\/02\/schrecklicher_verdacht.html\"><img loading=\"lazy\" decoding=\"async\" src=\".\/wp-content\/verdacht.jpg\" width=\"147\" height=\"140\" alt=\"H\u00f6rt das denn nie auf?\" title=\"H\u00f6rt das denn nie auf?\" \/><\/a><br \/>\n&#8230; h\u00f6rt das denn nie auf? [fragt <a href=\"http:\/\/www.wortfeld.de\/2005\/02\/schrecklicher_verdacht.html\">wortfeld<\/a>]<\/p>\n","protected":false},"excerpt":{"rendered":"<p>&#8230; h\u00f6rt das denn nie auf? [fragt wortfeld]<\/p>\n","protected":false},"author":1,"featured_media":0,"comment_status":"open","ping_status":"open","sticky":false,"template":"","format":"standard","meta":{"site-sidebar-layout":"default","site-content-layout":"","ast-site-content-layout":"default","site-content-style":"default","site-sidebar-style":"default","ast-global-header-display":"","ast-banner-title-visibility":"","ast-main-header-display":"","ast-hfb-above-header-display":"","ast-hfb-below-header-display":"","ast-hfb-mobile-header-display":"","site-post-title":"","ast-breadcrumbs-content":"","ast-featured-img":"","footer-sml-layout":"","theme-transparent-header-meta":"","adv-header-id-meta":"","stick-header-meta":"","header-above-stick-meta":"","header-main-stick-meta":"","header-below-stick-meta":"","astra-migrate-meta-layouts":"default","ast-page-background-enabled":"default","ast-page-background-meta":{"desktop":{"background-color":"var(--ast-global-color-4)","background-image":"","background-repeat":"repeat","background-position":"center center","background-size":"auto","background-attachment":"scroll","background-type":"","background-media":"","overlay-type":"","overlay-color":"","overlay-opacity":"","overlay-gradient":""},"tablet":{"background-color":"","background-image":"","background-repeat":"repeat","background-position":"center center","background-size":"auto","background-attachment":"scroll","background-type":"","background-media":"","overlay-type":"","overlay-color":"","overlay-opacity":"","overlay-gradient":""},"mobile":{"background-color":"","background-image":"","background-repeat":"repeat","background-position":"center center","background-size":"auto","background-attachment":"scroll","background-type":"","background-media":"","overlay-type":"","overlay-color":"","overlay-opacity":"","overlay-gradient":""}},"ast-content-background-meta":{"desktop":{"background-color":"var(--ast-global-color-5)","background-image":"","background-repeat":"repeat","background-position":"center center","background-size":"auto","background-attachment":"scroll","background-type":"","background-media":"","overlay-type":"","overlay-color":"","overlay-opacity":"","overlay-gradient":""},"tablet":{"background-color":"var(--ast-global-color-5)","background-image":"","background-repeat":"repeat","background-position":"center center","background-size":"auto","background-attachment":"scroll","background-type":"","background-media":"","overlay-type":"","overlay-color":"","overlay-opacity":"","overlay-gradient":""},"mobile":{"background-color":"var(--ast-global-color-5)","background-image":"","background-repeat":"repeat","background-position":"center center","background-size":"auto","background-attachment":"scroll","background-type":"","background-media":"","overlay-type":"","overlay-color":"","overlay-opacity":"","overlay-gradient":""}},"ngg_post_thumbnail":0,"jetpack_post_was_ever_published":false,"_jetpack_newsletter_access":"","_jetpack_dont_email_post_to_subs":false,"_jetpack_newsletter_tier_id":0,"_jetpack_memberships_contains_paywalled_content":false,"_jetpack_memberships_contains_paid_content":false,"footnotes":""},"categories":[1],"tags":[],"class_list":["post-213","post","type-post","status-publish","format-standard","hentry","category-allgemeines"],"jetpack_featured_media_url":"","jetpack_sharing_enabled":true,"jetpack_shortlink":"https:\/\/wp.me\/p4uzZ-3r","jetpack-related-posts":[{"id":687,"url":"https:\/\/textundblog.de\/?p=687","url_meta":{"origin":213,"position":0},"title":"Wort des Jahres 2005: Bundeskanzlerin","author":"Markus","date":"16\/12\/2005","format":false,"excerpt":"Wort des Jahres 2005: Bundeskanzlerin Aus der Pressemitteilung der Gesellschaft f\u00fcr Deutsche Sprache: Die Gesellschaft f\u00fcr deutsche Sprache hat Bundeskanzlerin zum \u00abWort des Jahres 2005\u00bb gew\u00e4hlt. Die feminine Endung -in an Berufs- und Personenbezeichnungen ist nicht neu - dennoch w\u00e4re noch vor wenigen Jahrzehnten auch eine Frau an der Spitze\u2026","rel":"","context":"In &quot;Allgemeines&quot;","block_context":{"text":"Allgemeines","link":"https:\/\/textundblog.de\/?cat=1"},"img":{"alt_text":"","src":"","width":0,"height":0},"classes":[]},{"id":4679,"url":"https:\/\/textundblog.de\/?p=4679","url_meta":{"origin":213,"position":1},"title":"Frank Fischer: Weltm\u00fcller","author":"Markus","date":"1\/5\/2012","format":false,"excerpt":"Frank FischerFrank Fischer ist u.a. bekannt als Mitautor von \u00abDer Umbl\u00e4tterer\u00bb. hat mit \u00abWeltm\u00fcller\u00bb \u2013 Ende April im Berliner SuKuLTuR-Verlag erschienen \u2013 ein Buch ver\u00f6ffentlicht, das ich der geneigten Leserschaft zur Lekt\u00fcre empfehlen m\u00f6chteIch habe \u00abWeltm\u00fcller\u00bb gelesen, da der Verlag mir ein Rezensionsexemplar zugeschickt hat.. Vier mal steht in diesem\u2026","rel":"","context":"In &quot;Literatur&quot;","block_context":{"text":"Literatur","link":"https:\/\/textundblog.de\/?cat=11"},"img":{"alt_text":"Frank Fischer: Weltm\u00fcller","src":"https:\/\/i0.wp.com\/textundblog.de\/wp-content\/weltmueller-detail.jpg?resize=350%2C200&ssl=1","width":350,"height":200},"classes":[]},{"id":1612,"url":"https:\/\/textundblog.de\/?p=1612","url_meta":{"origin":213,"position":2},"title":"Doping-Skandal im Blogbezirk","author":"Markus","date":"25\/5\/2007","format":false,"excerpt":"Jetzt ist es soweit, das erste Blog ist nach Dopinggest\u00e4ndnis gesperrt worden: Nach einer heute Vormittag eilig einberufenen Pressekonferenz im Kreis seiner Familie gestand Rob vom Rob Log gedopt gebloggt zu haben. Das Internationale Anti-Doping Komitee hat unmittelbar reagiert und bis auf Weiteres das in Verruf gekommene Blog Rob Log\u2026","rel":"","context":"In &quot;Internet&quot;","block_context":{"text":"Internet","link":"https:\/\/textundblog.de\/?cat=4"},"img":{"alt_text":"Rob Log gesperrt","src":"https:\/\/i0.wp.com\/textundblog.de\/wp-content\/dopingsperrerob.jpg?resize=350%2C200&ssl=1","width":350,"height":200},"classes":[]},{"id":3347,"url":"https:\/\/textundblog.de\/?p=3347","url_meta":{"origin":213,"position":3},"title":"Das Leben der Anderen: Abgeh\u00f6rt in Ost &amp; West","author":"Markus","date":"13\/1\/2010","format":false,"excerpt":"Dass Ost und West nach dem Fall der Mauer m\u00f6glichst rasch zusammen wachsen, haben sich viele von uns gew\u00fcnscht. So war das aber nicht gemeint. Das Leben der Anderen. Bundesweit. Abgeh\u00f6rt. Sch\u00e4tzungsweise 1 Million Menschen pro Jahr. Kafka, Kanzler und da knackt nichts \u2013 Aus dem Inneren eines \u00dcberwachungsstaates. Ein\u2026","rel":"","context":"In &quot;Politik&quot;","block_context":{"text":"Politik","link":"https:\/\/textundblog.de\/?cat=9"},"img":{"alt_text":"Das Leben der Anderen - Filmplakat","src":"https:\/\/i0.wp.com\/textundblog.de\/wp-content\/daslebenderanderencover.jpg?resize=350%2C200&ssl=1","width":350,"height":200},"classes":[]},{"id":743,"url":"https:\/\/textundblog.de\/?p=743","url_meta":{"origin":213,"position":4},"title":"Das Publikum an die Macht","author":"Markus","date":"29\/1\/2006","format":false,"excerpt":"Hab eben noch vor dem Schlafengehen die Frankfurter Allgemeine Sonntagszeitung aus dem Briefkasten geholt und bin auf einen h\u00f6chst interessanten Artikel gesto\u00dfen: \u00abDas Publikum an die Macht\u00bb. (Nur f\u00fcr Abonnenten online kostenlos zug\u00e4nglich; Printausgabe S. 29) Update 18.20 Uhr: Dank Lyssa, die Ihren Lesern heute auch den Artikel empfiehlt, habe\u2026","rel":"","context":"In &quot;Artikel&quot;","block_context":{"text":"Artikel","link":"https:\/\/textundblog.de\/?cat=5"},"img":{"alt_text":"Frankfurter Allgemeine Sonntagszeitung","src":".\/wp-content\/fasz.jpg","width":350,"height":200},"classes":[]},{"id":1930,"url":"https:\/\/textundblog.de\/?p=1930","url_meta":{"origin":213,"position":5},"title":"Reality-Mord nach spanischer Talkshow","author":"Markus","date":"26\/11\/2007","format":false,"excerpt":"Wann h\u00f6rt dieser Dreck endlich auf? Wann streichen die Sender diese uns\u00e4glichen Reality-Shows, die ganz bewusst mit der telegenen Zurschaustellung menschlicher Gef\u00fchle spielen und wann h\u00f6ren die Leute auf diesen Dreck anzuschauen? Ich f\u00fcrchte nie. Direktlink YouTube Er (der sie mehrfach misshandelt hat), fragt sie ob sie ihn heiraten will.\u2026","rel":"","context":"In &quot;Spanisch&quot;","block_context":{"text":"Spanisch","link":"https:\/\/textundblog.de\/?cat=8"},"img":{"alt_text":"","src":"","width":0,"height":0},"classes":[]}],"_links":{"self":[{"href":"https:\/\/textundblog.de\/index.php?rest_route=\/wp\/v2\/posts\/213","targetHints":{"allow":["GET"]}}],"collection":[{"href":"https:\/\/textundblog.de\/index.php?rest_route=\/wp\/v2\/posts"}],"about":[{"href":"https:\/\/textundblog.de\/index.php?rest_route=\/wp\/v2\/types\/post"}],"author":[{"embeddable":true,"href":"https:\/\/textundblog.de\/index.php?rest_route=\/wp\/v2\/users\/1"}],"replies":[{"embeddable":true,"href":"https:\/\/textundblog.de\/index.php?rest_route=%2Fwp%2Fv2%2Fcomments&post=213"}],"version-history":[{"count":0,"href":"https:\/\/textundblog.de\/index.php?rest_route=\/wp\/v2\/posts\/213\/revisions"}],"wp:attachment":[{"href":"https:\/\/textundblog.de\/index.php?rest_route=%2Fwp%2Fv2%2Fmedia&parent=213"}],"wp:term":[{"taxonomy":"category","embeddable":true,"href":"https:\/\/textundblog.de\/index.php?rest_route=%2Fwp%2Fv2%2Fcategories&post=213"},{"taxonomy":"post_tag","embeddable":true,"href":"https:\/\/textundblog.de\/index.php?rest_route=%2Fwp%2Fv2%2Ftags&post=213"}],"curies":[{"name":"wp","href":"https:\/\/api.w.org\/{rel}","templated":true}]}}