{"id":2098,"date":"2008-03-15T18:26:16","date_gmt":"2008-03-15T17:26:16","guid":{"rendered":"http:\/\/textundblog.de\/?p=2098"},"modified":"2008-03-15T21:00:00","modified_gmt":"2008-03-15T20:00:00","slug":"gigantische-wellen-in-san-sebastian","status":"publish","type":"post","link":"https:\/\/textundblog.de\/?p=2098","title":{"rendered":"Gigantische Wellen in San Sebasti\u00e1n"},"content":{"rendered":"<p><a href=\"http:\/\/de.sevenload.com\/bilder\/VxDCKg4-wcYNFYm\/IMG-4646\"><img data-recalc-dims=\"1\" loading=\"lazy\" decoding=\"async\" src=\"https:\/\/i0.wp.com\/textundblog.de\/wp-content\/donostiacosta1.jpg?resize=320%2C240&#038;ssl=1\" width=\"320\" height=\"240\" alt=\"El Casco Viejo - Die Altstadt San Sebasti\u00e1ns bei ruhiger See\" title=\"El Casco Viejo - Die Altstadt San Sebasti\u00e1ns bei ruhiger See\" \/><\/a><a href=\"http:\/\/de.sevenload.com\/bilder\/Kv3pEb4\/IMG-6205\"><img data-recalc-dims=\"1\" loading=\"lazy\" decoding=\"async\" src=\"https:\/\/i0.wp.com\/textundblog.de\/wp-content\/donostiacosta2.jpg?resize=180%2C240&#038;ssl=1\" width=\"180\" height=\"240\" alt=\"Beschauliche Mini-Wellen am Paseo Nuevo in Donostia\" title=\"Beschauliche Mini-Wellen am Paseo Nuevo in Donostia\" \/><\/a><br \/>\nLetztes Jahr, w\u00e4hrend des Filmfestivals im September, sah es noch so gem\u00fctlich aus an der K\u00fcste von San Sebasti\u00e1n, oder Donostia, wie die Basken sagen (Fotos auf Klick in gro\u00df). Doch diese Woche sind \u00fcber 10 Meter (!) hohe gigantische Wellen \u00fcber die zwar h\u00e4ufig raue, doch ansonsten recht beschauliche K\u00fcste Donostias hereingebrochen, wie dieses Video in seinen letzten 5 Minuten eindrucksvoll dokumentiert (Eilige bitte vorspulen, anschauen lohnt sich!):<br \/>\nKein Wunder, dass man in Spanien zur Zeit vom \u00abTsunami Vasco\u00bb spricht. Unfassbar, mit welcher Wucht das Wasser auf den Landstrich peitscht:<\/p>\n<p><object type=\"application\/x-shockwave-flash\" style=\"width:425px; height:355px\" data=\"http:\/\/www.youtube.com\/v\/ERfw1sQYUjE\"><param name=\"movie\" value=\"http:\/\/www.youtube.com\/v\/ERfw1sQYUjE\" \/><\/object> <br \/> <cite>Direktlink <a href=\"http:\/\/de.youtube.com\/watch?v=ERfw1sQYUjE\">YouTube<\/a><\/cite><\/p>\n<p>Wer&#8217;s k\u00fcrzer mag, schaut den einmin\u00fctigen Nachrichtenausschnitt des baskischen Senders etb2: <a href=\"http:\/\/www.youtube.com\/watch?v=8XRq6d2fwok\">Olatuak Donostian Sarrera<\/a>.<\/p>\n<p>Nach den zerst\u00f6rerischen Welleneinschl\u00e4gen, denen zum Gl\u00fcck keine Menschenleben zum Opfer gefallen waren, sieht es am <em>Paseo Nuevo<\/em> in San Sebasti\u00e1n nun so aus (Klick zeigt Artikel der Zeitung <em>El Diario Vasco<\/em>):<br \/>\n<a href=\"https:\/\/i0.wp.com\/bp2.blogger.com\/_eMT-b0nrESE\/R9kUkv_t8lI\/AAAAAAAAAU0\/w08IQdP14eY\/s1600-h\/Diad.jpg\"><img data-recalc-dims=\"1\" loading=\"lazy\" decoding=\"async\" src=\"https:\/\/i0.wp.com\/textundblog.de\/wp-content\/donostiapaseonuevo.jpg?resize=500%2C193&#038;ssl=1\" width=\"500\" height=\"193\" alt=\"Paseo Nuevo: Die Wucht der Wellen hat zugeschlagen\" title=\"Paseo Nuevo: Die Wucht der Wellen hat zugeschlagen\" \/><\/a><br \/>\nDas journalistische Blog \u00ab<a href=\"http:\/\/labuenaprensa.blogspot.com\/\">La buena prensa<\/a>\u00bb (das ein hervorragendes vergleichendes Presseblog ist, dessen Name aber zu den schlechten Nachrichten der <em>Oleaje<\/em> &#8211; der Riesenwellen &#8211; nicht so recht passen mag) liefert in zwei Teilen beeindruckende Presse-Dokumente der in San Sebasti\u00e1n am 10.\/11. M\u00e4rz 2008 aufgetretenen Naturgewalt: <a href=\"http:\/\/labuenaprensa.blogspot.com\/2008\/03\/olas-gigantes.html\">Olas gigantes<\/a> und <a href=\"http:\/\/labuenaprensa.blogspot.com\/2008\/03\/olas-gigantes-2_13.html\">Olas gigantes (2)<\/a>.  Heute berichtet <em>El Diario Vasco<\/em> von den <a href=\"http:\/\/www.diariovasco.com\/20080315\/al-dia-local\/medio-ambiente-costeara-arreglo-20080315.html\">Aufr\u00e4umarbeiten<\/a>.<\/p>\n","protected":false},"excerpt":{"rendered":"<p>Letztes Jahr, w\u00e4hrend des Filmfestivals im September, sah es noch so gem\u00fctlich aus an der K\u00fcste von San Sebasti\u00e1n, oder Donostia, wie die Basken sagen (Fotos auf Klick in gro\u00df). Doch diese Woche sind \u00fcber 10 Meter (!) hohe gigantische Wellen \u00fcber die zwar h\u00e4ufig raue, doch ansonsten recht beschauliche K\u00fcste Donostias hereingebrochen, wie dieses [&hellip;]<\/p>\n","protected":false},"author":1,"featured_media":0,"comment_status":"open","ping_status":"open","sticky":false,"template":"","format":"standard","meta":{"site-sidebar-layout":"default","site-content-layout":"","ast-site-content-layout":"default","site-content-style":"default","site-sidebar-style":"default","ast-global-header-display":"","ast-banner-title-visibility":"","ast-main-header-display":"","ast-hfb-above-header-display":"","ast-hfb-below-header-display":"","ast-hfb-mobile-header-display":"","site-post-title":"","ast-breadcrumbs-content":"","ast-featured-img":"","footer-sml-layout":"","theme-transparent-header-meta":"","adv-header-id-meta":"","stick-header-meta":"","header-above-stick-meta":"","header-main-stick-meta":"","header-below-stick-meta":"","astra-migrate-meta-layouts":"default","ast-page-background-enabled":"default","ast-page-background-meta":{"desktop":{"background-color":"var(--ast-global-color-4)","background-image":"","background-repeat":"repeat","background-position":"center center","background-size":"auto","background-attachment":"scroll","background-type":"","background-media":"","overlay-type":"","overlay-color":"","overlay-opacity":"","overlay-gradient":""},"tablet":{"background-color":"","background-image":"","background-repeat":"repeat","background-position":"center center","background-size":"auto","background-attachment":"scroll","background-type":"","background-media":"","overlay-type":"","overlay-color":"","overlay-opacity":"","overlay-gradient":""},"mobile":{"background-color":"","background-image":"","background-repeat":"repeat","background-position":"center center","background-size":"auto","background-attachment":"scroll","background-type":"","background-media":"","overlay-type":"","overlay-color":"","overlay-opacity":"","overlay-gradient":""}},"ast-content-background-meta":{"desktop":{"background-color":"var(--ast-global-color-5)","background-image":"","background-repeat":"repeat","background-position":"center center","background-size":"auto","background-attachment":"scroll","background-type":"","background-media":"","overlay-type":"","overlay-color":"","overlay-opacity":"","overlay-gradient":""},"tablet":{"background-color":"var(--ast-global-color-5)","background-image":"","background-repeat":"repeat","background-position":"center center","background-size":"auto","background-attachment":"scroll","background-type":"","background-media":"","overlay-type":"","overlay-color":"","overlay-opacity":"","overlay-gradient":""},"mobile":{"background-color":"var(--ast-global-color-5)","background-image":"","background-repeat":"repeat","background-position":"center center","background-size":"auto","background-attachment":"scroll","background-type":"","background-media":"","overlay-type":"","overlay-color":"","overlay-opacity":"","overlay-gradient":""}},"ngg_post_thumbnail":0,"_jetpack_newsletter_access":"","_jetpack_dont_email_post_to_subs":false,"_jetpack_newsletter_tier_id":0,"_jetpack_memberships_contains_paywalled_content":false,"_jetpack_feature_clip_id":0,"_jetpack_memberships_contains_paid_content":false,"footnotes":"","jetpack_post_was_ever_published":false},"categories":[8],"tags":[],"class_list":["post-2098","post","type-post","status-publish","format-standard","hentry","category-spanisch"],"jetpack_sharing_enabled":true,"jetpack_shortlink":"https:\/\/wp.me\/p4uzZ-xQ","jetpack-related-posts":[{"id":11622,"url":"https:\/\/textundblog.de\/?p=11622","url_meta":{"origin":2098,"position":0},"title":"Zwei Dokus zu San Sebasti\u00e1n und dem spanischen Baskenland","author":"Markus Trapp","date":"29\/8\/2026","format":false,"excerpt":"Dass ich seit \u00fcber 30 Jahren jeden September nach San Sebasti\u00e1n fahre, d\u00fcrfte euch bekannt sein. Am 17. September ist es \u00fcbrigens wieder so weit. Dass dies nicht nur wegen des gro\u00dfartigen internationalen Filmfestivals in San Sebasti\u00e1n ist, sondern auch wegen der tollen basischen K\u00fcche und der Landschaft, hab ich\u2026","rel":"","context":"In &quot;Spanisch&quot;","block_context":{"text":"Spanisch","link":"https:\/\/textundblog.de\/?cat=8"},"img":{"alt_text":"mareTV: Das spanische Baskenland","src":"https:\/\/i0.wp.com\/textundblog.de\/wp-content\/IMG_1011-1024x576.jpeg?resize=350%2C200&ssl=1","width":350,"height":200,"srcset":"https:\/\/i0.wp.com\/textundblog.de\/wp-content\/IMG_1011-1024x576.jpeg?resize=350%2C200&ssl=1 1x, https:\/\/i0.wp.com\/textundblog.de\/wp-content\/IMG_1011-1024x576.jpeg?resize=525%2C300&ssl=1 1.5x, https:\/\/i0.wp.com\/textundblog.de\/wp-content\/IMG_1011-1024x576.jpeg?resize=700%2C400&ssl=1 2x"},"classes":[]},{"id":7251,"url":"https:\/\/textundblog.de\/?p=7251","url_meta":{"origin":2098,"position":1},"title":"San Sebasti\u00e1n, ich freu mich auf Dich","author":"Markus","date":"28\/7\/2016","format":false,"excerpt":"So langsam steigt die Vorfreude auf San Sebasti\u00e1n. Im September werde ich, wie jedes Jahr seit 1995, auf dem dortigen Filmfestival sein. Am Sonntag lief auf 3sat eine gute Doku \u00fcber die Stadt, in der auch die cofrad\u00edas (siehe 2. Bild unten) vorgestellt werden: Kochgemeinschaften, die in der Zeit von\u2026","rel":"","context":"In &quot;Kino&quot;","block_context":{"text":"Kino","link":"https:\/\/textundblog.de\/?cat=2"},"img":{"alt_text":"","src":"https:\/\/i0.wp.com\/textundblog.de\/wp-content\/sanseb01.jpg?resize=350%2C200&ssl=1","width":350,"height":200,"srcset":"https:\/\/i0.wp.com\/textundblog.de\/wp-content\/sanseb01.jpg?resize=350%2C200&ssl=1 1x, https:\/\/i0.wp.com\/textundblog.de\/wp-content\/sanseb01.jpg?resize=525%2C300&ssl=1 1.5x, https:\/\/i0.wp.com\/textundblog.de\/wp-content\/sanseb01.jpg?resize=700%2C400&ssl=1 2x"},"classes":[]},{"id":6340,"url":"https:\/\/textundblog.de\/?p=6340","url_meta":{"origin":2098,"position":2},"title":"Zwei Fotogalerien zu San Sebasti\u00e1n 2014","author":"Markus","date":"5\/10\/2014","format":false,"excerpt":"Wenn man auf einem kleinen Reise- und Dienstreisemarathon unterwegs war \u2013 San Sebasti\u00e1n, London und K\u00f6ln in 14 Tagen \u2013 und ein so voll gepacktes Programm hatte, dass man von unterwegs nur twittern aber nicht bloggen konnte, gebietet es die Chronistenpflicht nach R\u00fcckkehr alles nach zu berichten. Was London (29.\/30.10.)\u2026","rel":"","context":"In &quot;Foto&quot;","block_context":{"text":"Foto","link":"https:\/\/textundblog.de\/?cat=10"},"img":{"alt_text":"","src":"https:\/\/i0.wp.com\/textundblog.de\/wp-content\/sanseb2014-gplus1.jpg?resize=350%2C200&ssl=1","width":350,"height":200,"srcset":"https:\/\/i0.wp.com\/textundblog.de\/wp-content\/sanseb2014-gplus1.jpg?resize=350%2C200&ssl=1 1x, https:\/\/i0.wp.com\/textundblog.de\/wp-content\/sanseb2014-gplus1.jpg?resize=525%2C300&ssl=1 1.5x, https:\/\/i0.wp.com\/textundblog.de\/wp-content\/sanseb2014-gplus1.jpg?resize=700%2C400&ssl=1 2x"},"classes":[]},{"id":2317,"url":"https:\/\/textundblog.de\/?p=2317","url_meta":{"origin":2098,"position":3},"title":"Blick auf die Bucht von San Sebasti\u00e1n","author":"Markus","date":"30\/7\/2008","format":false,"excerpt":"Achim Voermanek, ein lieber Freund aus Saarbr\u00fccker Tagen, der mittlerweile in San Francisco lebt, hat mir heute dieses Panorama-Foto von San Sebasti\u00e1n geschickt. Traumhafter Blick vom Schloss auf die Bucht, die Bah\u00eda de la Concha. Unbedingt in gro\u00df anschauen. Tolles Bild! Danke, Achim, auch f\u00fcr die Erlaubnis es hier zu\u2026","rel":"","context":"In &quot;Foto&quot;","block_context":{"text":"Foto","link":"https:\/\/textundblog.de\/?cat=10"},"img":{"alt_text":"San Sebasti\u00e1n: Blick auf die Bah\u00eda de la Concha","src":"https:\/\/i0.wp.com\/textundblog.de\/wp-content\/sansebastianfromcastle.jpg?resize=350%2C200&ssl=1","width":350,"height":200},"classes":[]},{"id":7327,"url":"https:\/\/textundblog.de\/?p=7327","url_meta":{"origin":2098,"position":4},"title":"San Sebasti\u00e1n dieses Mal sehr entspannt","author":"Markus","date":"14\/9\/2016","format":false,"excerpt":"W\u00e4hrend ich im Juli noch schrieb: \u00abSo langsam steigt die Vorfreude auf San Sebasti\u00e1n\u00bb, kann ich nun sagen: Morgen geht's los. Und dieses Jahr reise ich wesentlich entspannter zu meinem Lieblingsfilmfestival als in den beiden Vorjahren. Vor zwei Jahren schloss ich einen Tag vor Abreise mein Masterstudium mit der m\u00fcndlichen\u2026","rel":"","context":"In &quot;Kino&quot;","block_context":{"text":"Kino","link":"https:\/\/textundblog.de\/?cat=2"},"img":{"alt_text":"","src":"https:\/\/i0.wp.com\/textundblog.de\/wp-content\/sansebposter2016.jpg?resize=350%2C200&ssl=1","width":350,"height":200},"classes":[]},{"id":1199,"url":"https:\/\/textundblog.de\/?p=1199","url_meta":{"origin":2098,"position":5},"title":"Filmfestival San Sebasti\u00e1n: Zabaltegi &amp; Co.","author":"Markus","date":"14\/9\/2006","format":false,"excerpt":"Heute in einer Woche werde ich in Spanien sein: in San Sebasti\u00e1n beginnt dann das 54. Internationale Filmfestival von San Sebasti\u00e1n. Wie immer wartet das Festival im Baskenland mit einem spannenden Programm auf, wobei die Perlen - wie so oft - nicht im Wettbewerb, sondern in den Nebenreihen zu entdecken\u2026","rel":"","context":"In &quot;Kino&quot;","block_context":{"text":"Kino","link":"https:\/\/textundblog.de\/?cat=2"},"img":{"alt_text":"Filmfestival San Sebasti\u00e1n","src":"https:\/\/i0.wp.com\/www.textundblog.de\/wp-content\/zabaltegi.jpg?resize=350%2C200","width":350,"height":200},"classes":[]}],"jetpack_featured_media_url":"","_links":{"self":[{"href":"https:\/\/textundblog.de\/index.php?rest_route=\/wp\/v2\/posts\/2098","targetHints":{"allow":["GET"]}}],"collection":[{"href":"https:\/\/textundblog.de\/index.php?rest_route=\/wp\/v2\/posts"}],"about":[{"href":"https:\/\/textundblog.de\/index.php?rest_route=\/wp\/v2\/types\/post"}],"author":[{"embeddable":true,"href":"https:\/\/textundblog.de\/index.php?rest_route=\/wp\/v2\/users\/1"}],"replies":[{"embeddable":true,"href":"https:\/\/textundblog.de\/index.php?rest_route=%2Fwp%2Fv2%2Fcomments&post=2098"}],"version-history":[{"count":0,"href":"https:\/\/textundblog.de\/index.php?rest_route=\/wp\/v2\/posts\/2098\/revisions"}],"wp:attachment":[{"href":"https:\/\/textundblog.de\/index.php?rest_route=%2Fwp%2Fv2%2Fmedia&parent=2098"}],"wp:term":[{"taxonomy":"category","embeddable":true,"href":"https:\/\/textundblog.de\/index.php?rest_route=%2Fwp%2Fv2%2Fcategories&post=2098"},{"taxonomy":"post_tag","embeddable":true,"href":"https:\/\/textundblog.de\/index.php?rest_route=%2Fwp%2Fv2%2Ftags&post=2098"}],"curies":[{"name":"wp","href":"https:\/\/api.w.org\/{rel}","templated":true}]}}