{"id":2091,"date":"2008-03-13T12:25:09","date_gmt":"2008-03-13T11:25:09","guid":{"rendered":"http:\/\/textundblog.de\/?p=2091"},"modified":"2008-03-13T13:28:10","modified_gmt":"2008-03-13T12:28:10","slug":"wikipedia-statistik-einzelner-artikel","status":"publish","type":"post","link":"https:\/\/textundblog.de\/?p=2091","title":{"rendered":"Wikipedia-Statistik einzelner Artikel"},"content":{"rendered":"<p><a href=\"http:\/\/stats.grok.se\/es\/200802\/psoe\"><img data-recalc-dims=\"1\" loading=\"lazy\" decoding=\"async\" src=\"https:\/\/i0.wp.com\/textundblog.de\/wp-content\/wikipediastatpsoe.png?resize=350%2C164&#038;ssl=1\" width=\"350\" height=\"164\" alt=\"Wikipedia-Statistik\" title=\"Wikipedia-Statistik\" class=\"bildrechts\" \/><\/a> Was vielen nicht bekannt ist, aber durchaus abfragbar ist: Wie oft werden bestimmte Wikipedia-Artikel aufgerufen?<br \/>\nAuf <a href=\"http:\/\/stats.grok.se\/\">dieser Seite<\/a> (die auch <a href=\"http:\/\/stats.grok.se\/en\/top\">Top-Listen<\/a> zeigt), kann man die Aufrufzahlen und ihre Entwicklung \u00fcber einen bestimmten Zeitraum abfragen. Obenstehende Graphik zeigt zum Beispiel die <a href=\"http:\/\/stats.grok.se\/es\/200802\/psoe\">Abfragezahlen des Artikels<\/a> \u00fcber die regierende spanische Partei PSOE im Februar (13.260 Aufrufe, etwa 450 Mal pro Tag) und ihren Anstieg je n\u00e4her der Termin der Wahlen in Spanien Anfang M\u00e4rz r\u00fcckte.<br \/>\nF\u00fcr den Wikipedia-Artikel der Stabi Hamburg (<a href=\"http:\/\/stats.grok.se\/de\/200802\/Staats-_und_Universit%C3%A4tsbibliothek_Hamburg\">Statistik<\/a>) interessierten sich nur etwa 20-30 Personen pro Tag, w\u00e4hrend das Interesse f\u00fcr den Hamburg-Artikel (<a href=\"http:\/\/stats.grok.se\/de\/200802\/Hamburg\">Statistik<\/a>) logischerweise mit \u00fcber 4.000 t\u00e4glichen Aufrufen h\u00f6her ist.<\/p>\n<p>Wer die Statistik bestimmter Wikipedia-Artikel testen mag, bitte <a href=\"http:\/\/stats.grok.se\/\">hier entlang<\/a>. Dort einfach Sprache und gesuchten Begriff eingeben und Aufrufzeitraum (Monat) ausw\u00e4hlen.<\/p>\n<p>[via <a href=\"http:\/\/klauseck.typepad.com\/prblogger\/2008\/03\/privat.html\">PR Blogger<\/a>]<\/p>\n","protected":false},"excerpt":{"rendered":"<p>Was vielen nicht bekannt ist, aber durchaus abfragbar ist: Wie oft werden bestimmte Wikipedia-Artikel aufgerufen? Auf dieser Seite (die auch Top-Listen zeigt), kann man die Aufrufzahlen und ihre Entwicklung \u00fcber einen bestimmten Zeitraum abfragen. Obenstehende Graphik zeigt zum Beispiel die Abfragezahlen des Artikels \u00fcber die regierende spanische Partei PSOE im Februar (13.260 Aufrufe, etwa 450 [&hellip;]<\/p>\n","protected":false},"author":1,"featured_media":0,"comment_status":"open","ping_status":"open","sticky":false,"template":"","format":"standard","meta":{"site-sidebar-layout":"default","site-content-layout":"","ast-site-content-layout":"default","site-content-style":"default","site-sidebar-style":"default","ast-global-header-display":"","ast-banner-title-visibility":"","ast-main-header-display":"","ast-hfb-above-header-display":"","ast-hfb-below-header-display":"","ast-hfb-mobile-header-display":"","site-post-title":"","ast-breadcrumbs-content":"","ast-featured-img":"","footer-sml-layout":"","theme-transparent-header-meta":"","adv-header-id-meta":"","stick-header-meta":"","header-above-stick-meta":"","header-main-stick-meta":"","header-below-stick-meta":"","astra-migrate-meta-layouts":"default","ast-page-background-enabled":"default","ast-page-background-meta":{"desktop":{"background-color":"var(--ast-global-color-4)","background-image":"","background-repeat":"repeat","background-position":"center center","background-size":"auto","background-attachment":"scroll","background-type":"","background-media":"","overlay-type":"","overlay-color":"","overlay-opacity":"","overlay-gradient":""},"tablet":{"background-color":"","background-image":"","background-repeat":"repeat","background-position":"center center","background-size":"auto","background-attachment":"scroll","background-type":"","background-media":"","overlay-type":"","overlay-color":"","overlay-opacity":"","overlay-gradient":""},"mobile":{"background-color":"","background-image":"","background-repeat":"repeat","background-position":"center center","background-size":"auto","background-attachment":"scroll","background-type":"","background-media":"","overlay-type":"","overlay-color":"","overlay-opacity":"","overlay-gradient":""}},"ast-content-background-meta":{"desktop":{"background-color":"var(--ast-global-color-5)","background-image":"","background-repeat":"repeat","background-position":"center center","background-size":"auto","background-attachment":"scroll","background-type":"","background-media":"","overlay-type":"","overlay-color":"","overlay-opacity":"","overlay-gradient":""},"tablet":{"background-color":"var(--ast-global-color-5)","background-image":"","background-repeat":"repeat","background-position":"center center","background-size":"auto","background-attachment":"scroll","background-type":"","background-media":"","overlay-type":"","overlay-color":"","overlay-opacity":"","overlay-gradient":""},"mobile":{"background-color":"var(--ast-global-color-5)","background-image":"","background-repeat":"repeat","background-position":"center center","background-size":"auto","background-attachment":"scroll","background-type":"","background-media":"","overlay-type":"","overlay-color":"","overlay-opacity":"","overlay-gradient":""}},"ngg_post_thumbnail":0,"jetpack_post_was_ever_published":false,"_jetpack_newsletter_access":"","_jetpack_dont_email_post_to_subs":false,"_jetpack_newsletter_tier_id":0,"_jetpack_memberships_contains_paywalled_content":false,"_jetpack_memberships_contains_paid_content":false,"footnotes":""},"categories":[16,4],"tags":[],"class_list":["post-2091","post","type-post","status-publish","format-standard","hentry","category-informationskompetenz","category-internet"],"jetpack_featured_media_url":"","jetpack_sharing_enabled":true,"jetpack_shortlink":"https:\/\/wp.me\/p4uzZ-xJ","jetpack-related-posts":[{"id":985,"url":"https:\/\/textundblog.de\/?p=985","url_meta":{"origin":2091,"position":0},"title":"Googlepedia vereint Google und Wikipedia","author":"Markus","date":"4\/6\/2006","format":false,"excerpt":"Neben Google parallel auch die Wikipedia zu befragen, geh\u00f6rt f\u00fcr viele zur Rechercheroutine. Beides geht nun komfortabel mit der Firefox-Erweiterung Googlepedia via Splitscreen (geteiltem Bildschirm), links die Google-Trefferliste, rechts der passende Wikipedia-Artikel. Erst war ich skeptisch, doch so langsam bin ich begeistert. Und wenn's mal nervt, verschwindet der Wikipedia-Zusatz in\u2026","rel":"","context":"In &quot;Informationskompetenz&quot;","block_context":{"text":"Informationskompetenz","link":"https:\/\/textundblog.de\/?cat=16"},"img":{"alt_text":"Googlepedia-Hamburger Hafen","src":"https:\/\/i0.wp.com\/www.textundblog.de\/wp-content\/googlepedia.jpg?resize=350%2C200","width":350,"height":200},"classes":[]},{"id":1200,"url":"https:\/\/textundblog.de\/?p=1200","url_meta":{"origin":2091,"position":1},"title":"Linkrecherche in der Wikipedia","author":"Markus","date":"14\/9\/2006","format":false,"excerpt":"Die Wikipedia wird als Recherche- und Referenzorgan immer mehr akzeptiert. Das hat sich ja auch im spannenden Vortrag von Jakob Voss auf der inetbib-Tagung gezeigt. Anbieter von Informationen k\u00f6nnen nat\u00fcrlich auch da, wo es sinnvoll erscheint, auf ihre Recherchequelle in der Wikipedia hinweisen. Wer umgekehrt wissen m\u00f6chte, ob denn irgendwo\u2026","rel":"","context":"In &quot;Informationskompetenz&quot;","block_context":{"text":"Informationskompetenz","link":"https:\/\/textundblog.de\/?cat=16"},"img":{"alt_text":"Wikipedia-Vortrag Jakob Voss - inetbib","src":"https:\/\/i0.wp.com\/www.textundblog.de\/wp-content\/wikipediainetbib.jpg?resize=350%2C200","width":350,"height":200},"classes":[]},{"id":1069,"url":"https:\/\/textundblog.de\/?p=1069","url_meta":{"origin":2091,"position":2},"title":"Wikipedia-Artikel per RSS beobachten","author":"Markus","date":"14\/7\/2006","format":false,"excerpt":"Wer die Ver\u00e4nderungen eines bestimmten Wikipedia-Artikels verfolgen m\u00f6chte, kann als angemeldeter Benutzer den Artikel auf seine Beobachtungsliste setzen. Es geht jedoch auch sehr bequem \u00fcber RSS- oder Atom-Feeds: Angenommen, man interessiert sich f\u00fcr den Wikipedia-Artikel \u00fcber Spanien und m\u00f6chte informiert werden, wenn es eine Ver\u00e4nderung an der Seite gegeben hat.\u2026","rel":"","context":"In &quot;Internet&quot;","block_context":{"text":"Internet","link":"https:\/\/textundblog.de\/?cat=4"},"img":{"alt_text":"Wikipedia-Artikel Spanien","src":"https:\/\/i0.wp.com\/www.textundblog.de\/wp-content\/spanienwikipedia.jpg?resize=350%2C200","width":350,"height":200},"classes":[]},{"id":2165,"url":"https:\/\/textundblog.de\/?p=2165","url_meta":{"origin":2091,"position":3},"title":"Google Maps jetzt auch mit Wikipedia &amp; Fotos","author":"Markus","date":"14\/5\/2008","format":false,"excerpt":"Die Stammleser von Text & Blog wissen, dass ich ein gro\u00dfer Fan von Google Maps bin. Nicht nur hier im Impressum ist es eingebunden, damit man gleich auf einen Blick sehen kann, wo ich hier in Hamburg lebe, sondern auch bei den im Blog vorgestellten Radtouren liefert Google Maps (dank\u2026","rel":"","context":"In &quot;Foto&quot;","block_context":{"text":"Foto","link":"https:\/\/textundblog.de\/?cat=10"},"img":{"alt_text":"Google Maps jetzt auch mit Wikipedia- und Fotolinks","src":"https:\/\/i0.wp.com\/textundblog.de\/wp-content\/gmapswikipedia.jpg?resize=350%2C200&ssl=1","width":350,"height":200},"classes":[]},{"id":1417,"url":"https:\/\/textundblog.de\/?p=1417","url_meta":{"origin":2091,"position":4},"title":"Wer steckt hinter der Domain-Adresse?","author":"Markus","date":"3\/2\/2007","format":false,"excerpt":"Woche f\u00fcr Woche schaue ich mir Webseiten an, die etwas mit Spanien oder Portugal zu tun haben, und nehme sie - falls sie von wissenschaftlichem und\/oder kulturellem Interesse sind - in den Fachinformationsf\u00fchrer von cibera, der Virtuellen Fachbibliothek, bei der ich arbeite, auf. Manchmal sto\u00dfe ich dabei auf Seiten, die\u2026","rel":"","context":"In &quot;Informationskompetenz&quot;","block_context":{"text":"Informationskompetenz","link":"https:\/\/textundblog.de\/?cat=16"},"img":{"alt_text":"Domainadressen-Recherche mit dnScoop","src":"https:\/\/i0.wp.com\/textundblog.de\/wp-content\/dnscoop.jpg?resize=350%2C200&ssl=1","width":350,"height":200},"classes":[]},{"id":6667,"url":"https:\/\/textundblog.de\/?p=6667","url_meta":{"origin":2091,"position":5},"title":"Twitter Recherche-Tools f\u00fcr Anf\u00e4nge(r) und Fortgeschrittene","author":"Markus","date":"18\/6\/2015","format":false,"excerpt":"Heute hab ich \u00fcber diesen Tweet eine Suchabfrage f\u00fcr Twitter gefunden, die praktisch sein kann, wenn man einen Tweet eines einzelnen Twitternutzers aus einer bestimmten Zeitspanne sucht. Die Syntax ist from:@sparschaeler since:2008-10-28 until:2009-06-28 Die Zeitraumeingrenzung kann nat\u00fcrlich auch f\u00fcr eine thematische Suche vorgenommen werden, zum Beispiel alle Tweets mit den\u2026","rel":"","context":"In &quot;Bluesky&quot;","block_context":{"text":"Bluesky","link":"https:\/\/textundblog.de\/?cat=33"},"img":{"alt_text":"","src":"https:\/\/i0.wp.com\/textundblog.de\/wp-content\/erstertweet.jpg?resize=350%2C200&ssl=1","width":350,"height":200,"srcset":"https:\/\/i0.wp.com\/textundblog.de\/wp-content\/erstertweet.jpg?resize=350%2C200&ssl=1 1x, https:\/\/i0.wp.com\/textundblog.de\/wp-content\/erstertweet.jpg?resize=525%2C300&ssl=1 1.5x"},"classes":[]}],"_links":{"self":[{"href":"https:\/\/textundblog.de\/index.php?rest_route=\/wp\/v2\/posts\/2091","targetHints":{"allow":["GET"]}}],"collection":[{"href":"https:\/\/textundblog.de\/index.php?rest_route=\/wp\/v2\/posts"}],"about":[{"href":"https:\/\/textundblog.de\/index.php?rest_route=\/wp\/v2\/types\/post"}],"author":[{"embeddable":true,"href":"https:\/\/textundblog.de\/index.php?rest_route=\/wp\/v2\/users\/1"}],"replies":[{"embeddable":true,"href":"https:\/\/textundblog.de\/index.php?rest_route=%2Fwp%2Fv2%2Fcomments&post=2091"}],"version-history":[{"count":0,"href":"https:\/\/textundblog.de\/index.php?rest_route=\/wp\/v2\/posts\/2091\/revisions"}],"wp:attachment":[{"href":"https:\/\/textundblog.de\/index.php?rest_route=%2Fwp%2Fv2%2Fmedia&parent=2091"}],"wp:term":[{"taxonomy":"category","embeddable":true,"href":"https:\/\/textundblog.de\/index.php?rest_route=%2Fwp%2Fv2%2Fcategories&post=2091"},{"taxonomy":"post_tag","embeddable":true,"href":"https:\/\/textundblog.de\/index.php?rest_route=%2Fwp%2Fv2%2Ftags&post=2091"}],"curies":[{"name":"wp","href":"https:\/\/api.w.org\/{rel}","templated":true}]}}