{"id":2028,"date":"2008-02-04T00:14:22","date_gmt":"2008-02-03T23:14:22","guid":{"rendered":"http:\/\/textundblog.de\/?p=2028"},"modified":"2008-02-04T01:05:38","modified_gmt":"2008-02-04T00:05:38","slug":"riesenerfolg-fur-soledad-von-jaime-rosales-3-goyas","status":"publish","type":"post","link":"https:\/\/textundblog.de\/?p=2028","title":{"rendered":"Riesenerfolg f\u00fcr &#8218;La Soledad&#8216; von Jaime Rosales: 3 Goyas"},"content":{"rendered":"<p><img data-recalc-dims=\"1\" loading=\"lazy\" decoding=\"async\" src=\"https:\/\/i0.wp.com\/textundblog.de\/wp-content\/lasoledadcartel.jpg?resize=250%2C370&#038;ssl=1\" width=\"250\" height=\"370\" alt=\"La soledad - Filmposter\" title=\"La soledad - Filmposter\" class=\"bildrechts\"\/> Welch eine wunderbare \u00dcberraschung habe ich gerade live im spanischen Fernsehen erleben d\u00fcrfen: Bei den Goyas, den spanischen Filmpreisen, die heute Abend in Madrid verliehen wurden, hat vor wenigen Minuten der spanische Regisseur Jaime Rosales den <a href=\"http:\/\/blogs.elpais.com\/gala_premios_goya\/2008\/02\/mejor-pelcula-l.html\">Goya f\u00fcr den Besten Film<\/a> f\u00fcr \u00abLa Soledad\u00bb aus den H\u00e4nden von Alejandro Amen\u00e1bar entgegen genommen. Ich hatte bei der Nominierung das Filmes im Dezember noch <a href=\"https:\/\/textundblog.de\/?p=1965\">geschrieben<\/a>:<\/p>\n<blockquote><p>\u00abLa soledad\u00bb wird als Autorenfilm wenig Chancen haben bei der Goya-Verleihung, aber schon seine Nominierung ist eine beachtliche Auszeichnung. Nominiert ist er in drei Kategorien: bester Film, bester Regisseur (<a href=\"http:\/\/www.imdb.com\/name\/nm0740963\/\">Jaime Rosales<\/a>, hat 2003 den genialen \u00ab<a href=\"http:\/\/www.encadenados.org\/n40\/horas_dia.htm\">Las horas del d\u00eda<\/a>\u00bb gedreht) und beste Schauspielentdeckung (<a href=\"http:\/\/www.imdb.com\/name\/nm0868925\/\">Jos\u00e9 Luis Torrijo<\/a>).<\/p><\/blockquote>\n<p>Wie sch\u00f6n, dass ich mich &#8211; was die Chancen dieses schwierigen Filmes anbelangt &#8211; geirrt habe. In allen <a href=\"http:\/\/www.elpais.com\/especial\/premios-goya\/la-soledad.html\">drei nominierten Kategorien<\/a> hat der spanische Film, der mir im letzten Jahr am besten gefallen hat (siehe meine <a href=\"https:\/\/textundblog.de\/?p=1965\">ausf\u00fchrliche Vorstellung<\/a>), gewonnen. \u00a1Felicidades, Jaime Rosales!<\/p>\n<p>Mittlerweile berichtet auch El Pa\u00eds: \u00ab<a href=\"http:\/\/www.elpais.com\/articulo\/cultura\/soledad\/da\/sorpresa\/lleva\/mejor\/pelicula\/mejor\/director\/elppgl\/20080203elpepucul_2\/Tes\">&#8218;La soledad&#8216; da la sorpresa y se lleva mejor pel\u00edcula y mejor director<\/a>\u00bb.<\/p>\n","protected":false},"excerpt":{"rendered":"<p>Welch eine wunderbare \u00dcberraschung habe ich gerade live im spanischen Fernsehen erleben d\u00fcrfen: Bei den Goyas, den spanischen Filmpreisen, die heute Abend in Madrid verliehen wurden, hat vor wenigen Minuten der spanische Regisseur Jaime Rosales den Goya f\u00fcr den Besten Film f\u00fcr \u00abLa Soledad\u00bb aus den H\u00e4nden von Alejandro Amen\u00e1bar entgegen genommen. Ich hatte bei [&hellip;]<\/p>\n","protected":false},"author":1,"featured_media":0,"comment_status":"open","ping_status":"open","sticky":false,"template":"","format":"standard","meta":{"site-sidebar-layout":"default","site-content-layout":"","ast-site-content-layout":"default","site-content-style":"default","site-sidebar-style":"default","ast-global-header-display":"","ast-banner-title-visibility":"","ast-main-header-display":"","ast-hfb-above-header-display":"","ast-hfb-below-header-display":"","ast-hfb-mobile-header-display":"","site-post-title":"","ast-breadcrumbs-content":"","ast-featured-img":"","footer-sml-layout":"","theme-transparent-header-meta":"","adv-header-id-meta":"","stick-header-meta":"","header-above-stick-meta":"","header-main-stick-meta":"","header-below-stick-meta":"","astra-migrate-meta-layouts":"default","ast-page-background-enabled":"default","ast-page-background-meta":{"desktop":{"background-color":"var(--ast-global-color-4)","background-image":"","background-repeat":"repeat","background-position":"center center","background-size":"auto","background-attachment":"scroll","background-type":"","background-media":"","overlay-type":"","overlay-color":"","overlay-opacity":"","overlay-gradient":""},"tablet":{"background-color":"","background-image":"","background-repeat":"repeat","background-position":"center center","background-size":"auto","background-attachment":"scroll","background-type":"","background-media":"","overlay-type":"","overlay-color":"","overlay-opacity":"","overlay-gradient":""},"mobile":{"background-color":"","background-image":"","background-repeat":"repeat","background-position":"center center","background-size":"auto","background-attachment":"scroll","background-type":"","background-media":"","overlay-type":"","overlay-color":"","overlay-opacity":"","overlay-gradient":""}},"ast-content-background-meta":{"desktop":{"background-color":"var(--ast-global-color-5)","background-image":"","background-repeat":"repeat","background-position":"center center","background-size":"auto","background-attachment":"scroll","background-type":"","background-media":"","overlay-type":"","overlay-color":"","overlay-opacity":"","overlay-gradient":""},"tablet":{"background-color":"var(--ast-global-color-5)","background-image":"","background-repeat":"repeat","background-position":"center center","background-size":"auto","background-attachment":"scroll","background-type":"","background-media":"","overlay-type":"","overlay-color":"","overlay-opacity":"","overlay-gradient":""},"mobile":{"background-color":"var(--ast-global-color-5)","background-image":"","background-repeat":"repeat","background-position":"center center","background-size":"auto","background-attachment":"scroll","background-type":"","background-media":"","overlay-type":"","overlay-color":"","overlay-opacity":"","overlay-gradient":""}},"ngg_post_thumbnail":0,"jetpack_post_was_ever_published":false,"_jetpack_newsletter_access":"","_jetpack_dont_email_post_to_subs":false,"_jetpack_newsletter_tier_id":0,"_jetpack_memberships_contains_paywalled_content":false,"_jetpack_memberships_contains_paid_content":false,"footnotes":""},"categories":[4],"tags":[],"class_list":["post-2028","post","type-post","status-publish","format-standard","hentry","category-internet"],"jetpack_featured_media_url":"","jetpack_sharing_enabled":true,"jetpack_shortlink":"https:\/\/wp.me\/p4uzZ-wI","jetpack-related-posts":[{"id":1965,"url":"https:\/\/textundblog.de\/?p=1965","url_meta":{"origin":2028,"position":0},"title":"F\u00fcr Goyas nominiert: La Soledad von Jaime Rosales","author":"Markus","date":"17\/12\/2007","format":false,"excerpt":"Heute wurden in Spanien die Nominierungen f\u00fcr die Goya-Verleihung am 3. Februar 2008 bekannt gegeben. Die Goyas sind die nationalen spanischen Filmpreise. Ich freue mich, dass einer der besten Filme, die ich in diesem Jahr \u00fcberhaupt gesehen habe, dazu geh\u00f6rt: \u00abLa Soledad\u00bb (dt.: Die Einsamkeit) von Jaime Rosales. Ein schwieriger\u2026","rel":"","context":"In &quot;Internet&quot;","block_context":{"text":"Internet","link":"https:\/\/textundblog.de\/?cat=4"},"img":{"alt_text":"La soledad - Filmposter","src":"https:\/\/i0.wp.com\/textundblog.de\/wp-content\/lasoledadcartel.jpg?resize=350%2C200&ssl=1","width":350,"height":200},"classes":[]},{"id":3725,"url":"https:\/\/textundblog.de\/?p=3725","url_meta":{"origin":2028,"position":1},"title":"La Soledad im 3001 Kino in Hamburg","author":"Markus","date":"6\/9\/2010","format":false,"excerpt":"Direktlink YouTube Ich habe hier im Blog schon mehrfach den spanischen Film La Soledad (Die Einsamkeit) von Jaime Rosales empfohlen. F\u00fcr mich einer der besten spanischen Filme der vergangenen 10 Jahre. Um mich nicht selbst zu zitieren, lasse ich einen Text & Blog-Kommentator zu Wort kommen, den in Barcelona lebenden\u2026","rel":"","context":"In &quot;Hamburg&quot;","block_context":{"text":"Hamburg","link":"https:\/\/textundblog.de\/?cat=15"},"img":{"alt_text":"La soledad - Filmposter","src":"https:\/\/i0.wp.com\/textundblog.de\/wp-content\/lasoledadcartel.jpg?resize=350%2C200&ssl=1","width":350,"height":200},"classes":[]},{"id":2528,"url":"https:\/\/textundblog.de\/?p=2528","url_meta":{"origin":2028,"position":2},"title":"Jaime Rosales: Tiro en la cabeza (Kopfschuss)","author":"Markus","date":"3\/10\/2008","format":false,"excerpt":"Ich habe ja schon angek\u00fcndigt, dass ich etwas zu den Filmen in San Sebasti\u00e1n schreiben werde. Beginnen m\u00f6chte ich mit einem der umstrittensten Filme des Wettbewerbes, der heute in Spanien in den Kinos startet und auch im Internet zu sehen ist: Jaime Rosales' ETA-Film \u00abTiro en la cabeza\u00bb (Kopfschuss). http:\/\/youtu.be\/IX1eC7I1640\u2026","rel":"","context":"In &quot;Kino&quot;","block_context":{"text":"Kino","link":"https:\/\/textundblog.de\/?cat=2"},"img":{"alt_text":"filmin: 'Tiro en la cabeza' weltweit auch im Internet zu sehen","src":"https:\/\/i0.wp.com\/textundblog.de\/wp-content\/filmin-tiroenlacabeza.jpg?resize=350%2C200&ssl=1","width":350,"height":200},"classes":[]},{"id":1409,"url":"https:\/\/textundblog.de\/?p=1409","url_meta":{"origin":2028,"position":3},"title":"Verdiente Goyas f\u00fcr Almod\u00f3var und Pen\u00e9lope Cruz","author":"Markus","date":"29\/1\/2007","format":false,"excerpt":"Wenig \u00dcberraschungen bei den Goyas, den spanischen Filmpreisen, die heute Abend in Madrid verliehen wurden: Volver wurde als Bester Film ausgezeichnet, Almod\u00f3var bekam den Goya f\u00fcr die Beste Regie, und die Darstellerpreise gingen vollkommen zurecht an Pen\u00e9lope Cruz f\u00fcr ihre Hauptrolle in Volver und an Juan Diego f\u00fcr \u00abVete de\u2026","rel":"","context":"In &quot;Artikel&quot;","block_context":{"text":"Artikel","link":"https:\/\/textundblog.de\/?cat=5"},"img":{"alt_text":"Pen\u00e9lope Cruz","src":"https:\/\/i0.wp.com\/www.textundblog.de\/wp-content\/volver.jpg?resize=350%2C200","width":350,"height":200},"classes":[]},{"id":6344,"url":"https:\/\/textundblog.de\/?p=6344","url_meta":{"origin":2028,"position":4},"title":"Festivalbericht San Sebasti\u00e1n 2014","author":"Markus","date":"9\/10\/2014","format":false,"excerpt":"Nach den Fotos aus San Sebasti\u00e1n nun der angek\u00fcndigte Festivalbericht. Ich habe in neun Tagen 51 Filme gesehen. Die zehn Filme, die ich am meisten empfehlen kann (plus zwei lobende Erw\u00e4hnungen) hier in einer Auflistung, deren Reihenfolge keine Wertung darstellt. Die Filmtitel verlinken jeweils in die englischsprachige Filmbeschreibung mit Inhaltsangaben,\u2026","rel":"","context":"In &quot;Kino&quot;","block_context":{"text":"Kino","link":"https:\/\/textundblog.de\/?cat=2"},"img":{"alt_text":"","src":"https:\/\/i0.wp.com\/textundblog.de\/wp-content\/sanseb-kursaal-2014.jpg?resize=350%2C200&ssl=1","width":350,"height":200,"srcset":"https:\/\/i0.wp.com\/textundblog.de\/wp-content\/sanseb-kursaal-2014.jpg?resize=350%2C200&ssl=1 1x, https:\/\/i0.wp.com\/textundblog.de\/wp-content\/sanseb-kursaal-2014.jpg?resize=525%2C300&ssl=1 1.5x, https:\/\/i0.wp.com\/textundblog.de\/wp-content\/sanseb-kursaal-2014.jpg?resize=700%2C400&ssl=1 2x"},"classes":[]},{"id":205,"url":"https:\/\/textundblog.de\/?p=205","url_meta":{"origin":2028,"position":5},"title":"14 Goyas f\u00fcr Mar Adentro","author":"Markus","date":"31\/1\/2005","format":false,"excerpt":"Alejandro Amen\u00e1bar (Foto: Dani Duch) Der hier schon mehrfach erw\u00e4hnte Film \"Mar adentro\" (dt: \"Das Meer in mir\") erhielt gestern bei der Verleihung der spanischen Filmpreise 14 Goyas (von 15 Nominierungen). Das hat es in der spanischen Filmgeschichte noch nie gegeben. Und nat\u00fcrlich ist dies absolut genial und vollkommen verdient\u2026","rel":"","context":"In &quot;Kino&quot;","block_context":{"text":"Kino","link":"https:\/\/textundblog.de\/?cat=2"},"img":{"alt_text":"Alejandro Amen\u00e1bar","src":".\/wp-content\/amenabargoya.jpg","width":350,"height":200},"classes":[]}],"_links":{"self":[{"href":"https:\/\/textundblog.de\/index.php?rest_route=\/wp\/v2\/posts\/2028","targetHints":{"allow":["GET"]}}],"collection":[{"href":"https:\/\/textundblog.de\/index.php?rest_route=\/wp\/v2\/posts"}],"about":[{"href":"https:\/\/textundblog.de\/index.php?rest_route=\/wp\/v2\/types\/post"}],"author":[{"embeddable":true,"href":"https:\/\/textundblog.de\/index.php?rest_route=\/wp\/v2\/users\/1"}],"replies":[{"embeddable":true,"href":"https:\/\/textundblog.de\/index.php?rest_route=%2Fwp%2Fv2%2Fcomments&post=2028"}],"version-history":[{"count":0,"href":"https:\/\/textundblog.de\/index.php?rest_route=\/wp\/v2\/posts\/2028\/revisions"}],"wp:attachment":[{"href":"https:\/\/textundblog.de\/index.php?rest_route=%2Fwp%2Fv2%2Fmedia&parent=2028"}],"wp:term":[{"taxonomy":"category","embeddable":true,"href":"https:\/\/textundblog.de\/index.php?rest_route=%2Fwp%2Fv2%2Fcategories&post=2028"},{"taxonomy":"post_tag","embeddable":true,"href":"https:\/\/textundblog.de\/index.php?rest_route=%2Fwp%2Fv2%2Ftags&post=2028"}],"curies":[{"name":"wp","href":"https:\/\/api.w.org\/{rel}","templated":true}]}}