{"id":1944,"date":"2007-12-04T23:59:35","date_gmt":"2007-12-04T22:59:35","guid":{"rendered":"http:\/\/textundblog.de\/?p=1944"},"modified":"2007-12-11T10:17:28","modified_gmt":"2007-12-11T09:17:28","slug":"stabi-lesung-mit-alberto-manguel-die-bibliothek-bei-nacht","status":"publish","type":"post","link":"https:\/\/textundblog.de\/?p=1944","title":{"rendered":"Stabi-Lesung mit Alberto Manguel: Die Bibliothek bei Nacht"},"content":{"rendered":"<p class=\"bildrechts\"><a href=\"https:\/\/i0.wp.com\/www.fischerverlage.de\/sixcms\/media.php\/15\/978-3-10-048750-6.jpg\"><img data-recalc-dims=\"1\" loading=\"lazy\" decoding=\"async\" src=\"https:\/\/i0.wp.com\/textundblog.de\/wp-content\/bibliothekbeinacht.jpg?resize=250%2C409&#038;ssl=1\" width=\"250\" height=\"409\" alt=\"Die Bibliothek bei Nacht\" title=\"Die Bibliothek bei Nacht - Klick zeigt Cover in gro\u00df!\" \/><\/a><br \/>\nDas Cover unbedingt <a href=\"http:\/\/www.fischerverlage.de\/sixcms\/media.php\/15\/978-3-10-048750-6.jpg\">in gro\u00df<\/a> anschauen! <\/p>\n<p>Wer B\u00fccher liebt, wird dieses Buch lieben: \u00ab<a href=\"http:\/\/www.amazon.de\/gp\/redirect.html?ie=UTF8&#038;location=http%3A%2F%2Fwww.amazon.de%2FDie-Bibliothek-Nacht-Alberto-Manguel%2Fdp%2F3100487508&#038;site-redirect=de&#038;tag=markustrapp&#038;linkCode=ur2&#038;camp=1638&#038;creative=6742\">Die Bibliothek bei Nacht<\/a>\u00bb<img loading=\"lazy\" decoding=\"async\" src=\"http:\/\/www.assoc-amazon.de\/e\/ir?t=markustrapp&amp;l=ur2&amp;o=3\" width=\"1\" height=\"1\" border=\"0\" alt=\"\" style=\"border:none !important; margin:0px !important;\" \/> von <a href=\"http:\/\/en.wikipedia.org\/wiki\/Alberto_Manguel\">Alberto Manguel<\/a>.<br \/>\nIch habe mir heute Abend nach der genialen <a href=\"http:\/\/www.sub.uni-hamburg.de\/blog\/?p=763\">Lesung im Lichthof der Stabi<\/a> vorgenommen, es zu lesen. Ein sympathisch wirkender Autor hat aus dem englischen Original seines Buches gelesen und auch derma\u00dfen interessant \u00fcber das Lesen und die Gestaltung seiner eigenen Bibliothek gesprochen, dass ich auf jeden Fall gro\u00dfe Lust habe, das &#8211; wie in der deutschen Lesung zu h\u00f6ren war &#8211; von Manfred Alli\u00e9 und Gabriele Kempf-Alli\u00e9 gut \u00fcbersetzte Werk demn\u00e4chst in meine pers\u00f6nliche Bibliothek aufzunehmen.<\/p>\n<p>Manguel, Kosmopolit, in Argentinien geboren, kanadischer Staatsb\u00fcrger mit Wohnsitz unter anderem in Frankreich, beschreibt im Vorwort seinen Bezug zur Bibliothek mit diesen Worten:<\/p>\n<blockquote><p>In meiner tollk\u00fchnen Jugend, als meine Freunde von Heldentaten in der Justiz und Ingenieurskunst tr\u00e4umten, tr\u00e4umte ich davon, Bibliothekar zu werden. Tr\u00e4gheit und ein \u00fcberm\u00e4chtiger Drang zu reisen entschieden es anders. Jetzt mit 56 (laut Dostojewski, im Idioten, \u201edas Alter, in dem das wahre Leben beginnt\u201c), habe ich mich diesem alten Traum wieder zugewandt, und auch wenn ich mich nicht wirklich als Bibliothekar ansehen kann, lebe ich doch zwischen einer st\u00e4ndig zunehmenden Zahl von Regalen, deren Enden mit dem Haus verschmelzen.<\/p><\/blockquote>\n<p>Im Interview mit Deutschland Radio Kultur erkl\u00e4rt der Autor und \u00dcbersetzer Manguel, wie es damals dazu kam, dass er als Sechszehnj\u00e4hriger dem bereits sehgeschw\u00e4chten Borges vorgelesen hatte. Sehr sch\u00f6n zu lesen, dass er erst im Nachhinein entdeckt hatte, dass nicht <em>er<\/em> es war, der damit Borges einen Gefallen tat, sondern umgekehrt: \u00ab<a href=\"http:\/\/www.dradio.de\/dkultur\/sendungen\/fazit\/706377\/\">Eine Geschichte bibliophiler Tr\u00e4ume<\/a>\u00bb.<\/p>\n<p>Weitere Links:<\/p>\n<ul>\n<li>Stefanie Hartmann auf literaturkritik.de: \u00ab<a href=\"http:\/\/www.literaturkritik.de\/public\/rezension.php?rez_id=11385\">Die Bibliothek und die Welt<\/a>\u00bb<\/li>\n<li>Rezension Christian Thomas in der Frankfurter Rundschau: \u00ab<a href=\"http:\/\/www.fr-online.de\/in_und_ausland\/kultur_und_medien\/feuilleton\/?sid=f742634aededb5c9e52d78a8b23050b9&#038;em_cnt=1249544\">Weltenbummelei<\/a>\u00bb\n<\/li>\n<li>Infoseite \u00ab<a href=\"http:\/\/www.fischerverlage.de\/sixcms\/detail.php?template=fv_wide_wrapper&#038;_content_template=buch_detail&#038;_navi_area=fv_home&#038;_navi_item=03.00.00.00&#038;id=801245\">Die Bibliothek bei Nacht<\/a>\u00bb,  Fischer Verlage<\/li>\n<li><a href=\"http:\/\/www.complit.fu-berlin.de\/gastvortraege\/gastprofessur\/manguel.html\">Samuel Fischer-Gastprofessor Manguels<\/a> im Sommersemester 2003 in Berlin<\/li>\n<li><strong>Update 10.12.07:<\/strong> Nun bespricht auch Andreas Breitenstein in der NZZ den neuesten Manguel: \u00ab<a href=\"http:\/\/www.nzz.ch\/nachrichten\/kultur\/literatur_und_kunst\/sisyphos_am_buecherberg_1.595838.html?printview=true\">Sisyphos am B\u00fccherberg<\/a>\u00bb [via <a href=\"http:\/\/log.netbib.de\/archives\/2007\/12\/10\/buchbesprechung-von-manguel-die-bibliothek-bei-nacht\/\">netbib<\/a>] <\/li>\n<\/ul>\n","protected":false},"excerpt":{"rendered":"<p>Das Cover unbedingt in gro\u00df anschauen! Wer B\u00fccher liebt, wird dieses Buch lieben: \u00abDie Bibliothek bei Nacht\u00bb von Alberto Manguel. Ich habe mir heute Abend nach der genialen Lesung im Lichthof der Stabi vorgenommen, es zu lesen. Ein sympathisch wirkender Autor hat aus dem englischen Original seines Buches gelesen und auch derma\u00dfen interessant \u00fcber das [&hellip;]<\/p>\n","protected":false},"author":1,"featured_media":0,"comment_status":"open","ping_status":"open","sticky":false,"template":"","format":"standard","meta":{"site-sidebar-layout":"default","site-content-layout":"","ast-site-content-layout":"default","site-content-style":"default","site-sidebar-style":"default","ast-global-header-display":"","ast-banner-title-visibility":"","ast-main-header-display":"","ast-hfb-above-header-display":"","ast-hfb-below-header-display":"","ast-hfb-mobile-header-display":"","site-post-title":"","ast-breadcrumbs-content":"","ast-featured-img":"","footer-sml-layout":"","theme-transparent-header-meta":"","adv-header-id-meta":"","stick-header-meta":"","header-above-stick-meta":"","header-main-stick-meta":"","header-below-stick-meta":"","astra-migrate-meta-layouts":"default","ast-page-background-enabled":"default","ast-page-background-meta":{"desktop":{"background-color":"var(--ast-global-color-4)","background-image":"","background-repeat":"repeat","background-position":"center center","background-size":"auto","background-attachment":"scroll","background-type":"","background-media":"","overlay-type":"","overlay-color":"","overlay-opacity":"","overlay-gradient":""},"tablet":{"background-color":"","background-image":"","background-repeat":"repeat","background-position":"center center","background-size":"auto","background-attachment":"scroll","background-type":"","background-media":"","overlay-type":"","overlay-color":"","overlay-opacity":"","overlay-gradient":""},"mobile":{"background-color":"","background-image":"","background-repeat":"repeat","background-position":"center center","background-size":"auto","background-attachment":"scroll","background-type":"","background-media":"","overlay-type":"","overlay-color":"","overlay-opacity":"","overlay-gradient":""}},"ast-content-background-meta":{"desktop":{"background-color":"var(--ast-global-color-5)","background-image":"","background-repeat":"repeat","background-position":"center center","background-size":"auto","background-attachment":"scroll","background-type":"","background-media":"","overlay-type":"","overlay-color":"","overlay-opacity":"","overlay-gradient":""},"tablet":{"background-color":"var(--ast-global-color-5)","background-image":"","background-repeat":"repeat","background-position":"center center","background-size":"auto","background-attachment":"scroll","background-type":"","background-media":"","overlay-type":"","overlay-color":"","overlay-opacity":"","overlay-gradient":""},"mobile":{"background-color":"var(--ast-global-color-5)","background-image":"","background-repeat":"repeat","background-position":"center center","background-size":"auto","background-attachment":"scroll","background-type":"","background-media":"","overlay-type":"","overlay-color":"","overlay-opacity":"","overlay-gradient":""}},"ngg_post_thumbnail":0,"jetpack_post_was_ever_published":false,"_jetpack_newsletter_access":"","_jetpack_dont_email_post_to_subs":false,"_jetpack_newsletter_tier_id":0,"_jetpack_memberships_contains_paywalled_content":false,"_jetpack_memberships_contains_paid_content":false,"footnotes":""},"categories":[15,11,20],"tags":[],"class_list":["post-1944","post","type-post","status-publish","format-standard","hentry","category-hamburg","category-literatur","category-ubersetzen"],"jetpack_featured_media_url":"","jetpack_sharing_enabled":true,"jetpack_shortlink":"https:\/\/wp.me\/p4uzZ-vm","jetpack-related-posts":[{"id":3741,"url":"https:\/\/textundblog.de\/?p=3741","url_meta":{"origin":1944,"position":0},"title":"Cory Doctorow &amp; Alberto Manguel in Hamburg","author":"Markus","date":"14\/9\/2010","format":false,"excerpt":"Ehe ich \u00fcbermorgen f\u00fcr 10 Tage in den Filmfestivalzirkus von San Sebasti\u00e1n abtauche, werde ich morgen noch zu zwei Lesungen in Hamburg gehen, auf die ich mich beide unheimlich freue: Morgens um 11 Uhr geht's zu Cory Doctorow, der im Altonaer Museum lesen wird. Dank des Aufrufs von betahaus bin\u2026","rel":"","context":"In &quot;Hamburg&quot;","block_context":{"text":"Hamburg","link":"https:\/\/textundblog.de\/?cat=15"},"img":{"alt_text":"Cory Doctorow","src":"https:\/\/i0.wp.com\/textundblog.de\/wp-content\/corydoktorow.jpg?resize=350%2C200&ssl=1","width":350,"height":200},"classes":[]},{"id":2138,"url":"https:\/\/textundblog.de\/?p=2138","url_meta":{"origin":1944,"position":1},"title":"Volkslesen.tv &#8211; Die Vorleser aus dem Volk","author":"Markus","date":"7\/4\/2008","format":false,"excerpt":"Direktlink YouTube Christian Joswig, M\u00fc\u00dfigg\u00e4nger, 22, liest im Berliner Caf\u00e9 Uebereck Johannes R. Becher: Ballade von der schweren Stunde Bei volkslesen.tv lesen Menschen aus B\u00fcchern vor, die ihnen wichtig sind. Jede Woche eine andere Gruppe. Keine professionellen Vorleser, sondern einfache Literaturfreunde und -freundinnen. Wenn Cartoonisten aus Beckett oder Hebammen aus\u2026","rel":"","context":"In &quot;Literatur&quot;","block_context":{"text":"Literatur","link":"https:\/\/textundblog.de\/?cat=11"},"img":{"alt_text":"","src":"","width":0,"height":0},"classes":[]},{"id":157,"url":"https:\/\/textundblog.de\/?p=157","url_meta":{"origin":1944,"position":2},"title":"Rosa Reg\u00e1s heute in Saarbr\u00fccken","author":"Markus","date":"13\/1\/2005","format":false,"excerpt":"Nochmal zur Erinnerung: Rosa Reg\u00e1s, die spanische Schriftstellerin, 14(!)-fache Gro\u00dfmutter und aktuelle Leiterin der Biblioteca Nacional de Espa\u00f1a (Spanische Nationalbibliothek), ist heute zur zweisprachigen Lesung in Saarbr\u00fccken und stellt ihren Roman \"Diario de una abuela de verano\" (Tagebuch einer Sommer-Gro\u00dfmutter) vor. Villa Lessing, Lessingstr.10, 19 Uhr (fr\u00fch hingehen, wird sehr\u2026","rel":"","context":"In &quot;Literatur&quot;","block_context":{"text":"Literatur","link":"https:\/\/textundblog.de\/?cat=11"},"img":{"alt_text":"Rosa Reg\u00e0s","src":".\/wp-content\/rosaregas.jpg","width":350,"height":200},"classes":[]},{"id":5609,"url":"https:\/\/textundblog.de\/?p=5609","url_meta":{"origin":1944,"position":3},"title":"Trainer Baade liest \u00abDrama Queens in kurzen Hosen\u00bb im \u00abLe Kaschemme\u00bb","author":"Markus","date":"3\/10\/2013","format":false,"excerpt":"Das Le Kaschemme in St. Pauli ist nicht nur bekannt f\u00fcr seine wunderbaren Flammkuchen und die originell in alten B\u00fcchern eingearbeiteten Speisekarten, sondern auch f\u00fcr seine Blog-Lesungen und FCSP-Fu\u00dfball-Live\u00fcbertragungen. Wegen der zuletzt genannten beiden Punkte z\u00f6gerte ich keinen Moment, dem Trainer Baade das \u00abLe Kaschemme\u00bb vorzuschlagen, als er neulich nach\u2026","rel":"","context":"In &quot;FC St. Pauli&quot;","block_context":{"text":"FC St. Pauli","link":"https:\/\/textundblog.de\/?cat=76"},"img":{"alt_text":"","src":"https:\/\/i0.wp.com\/textundblog.de\/wp-content\/le-kaschemme.jpg?resize=350%2C200&ssl=1","width":350,"height":200},"classes":[]},{"id":3810,"url":"https:\/\/textundblog.de\/?p=3810","url_meta":{"origin":1944,"position":4},"title":"Treffpunkt Bibliothek in den B\u00fccherhallen","author":"Markus","date":"29\/10\/2010","format":false,"excerpt":"Am Sonntag (31.10.2010) werde ich im Rahmen der Abschlussveranstaltung der bundesweiten Aktion Treffpunkt Bibliothek in den B\u00fccherhallen Hamburg erz\u00e4hlen, was wir in der Stabi in Sachen Social Media unternehmen: Blog, Facebook, Twitter: ich werde berichten, was wir da machen und warum wir das machen. Ab 11 Uhr bin ich dort;\u2026","rel":"","context":"In &quot;Hamburg&quot;","block_context":{"text":"Hamburg","link":"https:\/\/textundblog.de\/?cat=15"},"img":{"alt_text":"Social Media in der Stabi","src":"https:\/\/i0.wp.com\/textundblog.de\/wp-content\/tbhoebstabi20-500.jpg?resize=350%2C200&ssl=1","width":350,"height":200},"classes":[]},{"id":2146,"url":"https:\/\/textundblog.de\/?p=2146","url_meta":{"origin":1944,"position":5},"title":"Michael Batz im Lichthof der Stabi","author":"Markus","date":"15\/4\/2008","format":false,"excerpt":"Erinnert ihr euch noch an die Blue Goals? Die blauen Tore, mit denen die Hansestadt w\u00e4hrend der letzten WM \u00fcberstrahlt wurde? Aufgestellt hatte sie der Lichtk\u00fcnstler Michael Batz. Und kein Geringerer kommt morgen in den Lichthof der Stabi, um diesen mit einem inszenierten Festvortrag feierlich zu er\u00f6ffnen. Ich bin ja\u2026","rel":"","context":"In &quot;Hamburg&quot;","block_context":{"text":"Hamburg","link":"https:\/\/textundblog.de\/?cat=15"},"img":{"alt_text":"Michael Batz: Abendkleid und Nachtgestalt","src":"https:\/\/i0.wp.com\/textundblog.de\/wp-content\/michaelbatzstabi.jpg?resize=350%2C200&ssl=1","width":350,"height":200},"classes":[]}],"_links":{"self":[{"href":"https:\/\/textundblog.de\/index.php?rest_route=\/wp\/v2\/posts\/1944","targetHints":{"allow":["GET"]}}],"collection":[{"href":"https:\/\/textundblog.de\/index.php?rest_route=\/wp\/v2\/posts"}],"about":[{"href":"https:\/\/textundblog.de\/index.php?rest_route=\/wp\/v2\/types\/post"}],"author":[{"embeddable":true,"href":"https:\/\/textundblog.de\/index.php?rest_route=\/wp\/v2\/users\/1"}],"replies":[{"embeddable":true,"href":"https:\/\/textundblog.de\/index.php?rest_route=%2Fwp%2Fv2%2Fcomments&post=1944"}],"version-history":[{"count":0,"href":"https:\/\/textundblog.de\/index.php?rest_route=\/wp\/v2\/posts\/1944\/revisions"}],"wp:attachment":[{"href":"https:\/\/textundblog.de\/index.php?rest_route=%2Fwp%2Fv2%2Fmedia&parent=1944"}],"wp:term":[{"taxonomy":"category","embeddable":true,"href":"https:\/\/textundblog.de\/index.php?rest_route=%2Fwp%2Fv2%2Fcategories&post=1944"},{"taxonomy":"post_tag","embeddable":true,"href":"https:\/\/textundblog.de\/index.php?rest_route=%2Fwp%2Fv2%2Ftags&post=1944"}],"curies":[{"name":"wp","href":"https:\/\/api.w.org\/{rel}","templated":true}]}}