{"id":1935,"date":"2007-11-28T11:40:57","date_gmt":"2007-11-28T10:40:57","guid":{"rendered":"http:\/\/textundblog.de\/?p=1935"},"modified":"2007-11-28T12:18:06","modified_gmt":"2007-11-28T11:18:06","slug":"spanische-nationalbibliothek-zeigt-kunst-in-der-typographie","status":"publish","type":"post","link":"https:\/\/textundblog.de\/?p=1935","title":{"rendered":"Spanische Nationalbibliothek zeigt Kunst in der Typographie"},"content":{"rendered":"<p><a href=\"http:\/\/www.elpais.com\/fotogaleria\/Arte\/Tipografia\/Tipografia\/Arte\/4708-1\/elpgal\/\"><img data-recalc-dims=\"1\" loading=\"lazy\" decoding=\"async\" src=\"https:\/\/i0.wp.com\/textundblog.de\/wp-content\/tipografiaphysis.jpg?resize=250%2C340&#038;ssl=1\" width=\"250\" height=\"340\" alt=\"Ausstellungsbeispiel 'Arte y Tipograf\u00eda'\" title=\"Eduardo Chillida: PHYSIS, 1997\" class=\"bildrechts\" \/><\/a> Die Spanische Nationalbibliothek zeigt eine Ausstellung \u00fcber Kunst in der Typographie und \u00fcber k\u00fcnstlerische Typographie. Kandinsky, Joan Mir\u00f3, Man Ray, Andy Warhol, Antoni Tapi\u00e8s und Eduardo Chillida geh\u00f6ren zu den 40 K\u00fcnstlern, deren Werke unter dem Titel \u00ab<a href=\"http:\/\/www.bne.es\/esp\/actividades\/artetipoarte.htm\">Arte en la Tipograf\u00eda y Tipograf\u00eda en el Arte<\/a>\u00bb zu sehen sind. Die <em>Biblioteca Nacional<\/em> zeigt die Buchstabenschau, die noch unter der Direktion von <a href=\"http:\/\/www.elmundo.es\/elmundo\/2007\/08\/19\/cultura\/1187520404.html\">Rosa Reg\u00e0s<\/a> konzipiert wurde, bis zum 27. Januar 2008. Fontfreunde, die bis dahin nach Madrid kommen, sollten sich das unbedingt anschauen.<\/p>\n<p><a href=\"http:\/\/www.elpais.com\/fotogaleria\/Arte\/Tipografia\/Tipografia\/Arte\/4708-2\/elpgal\/\"><img data-recalc-dims=\"1\" loading=\"lazy\" decoding=\"async\" src=\"https:\/\/i0.wp.com\/textundblog.de\/wp-content\/tipografiam.jpg?resize=103%2C140&#038;ssl=1\" width=\"103\" height=\"140\" alt=\"Ausstellungsbeispiel 'Arte y Tipograf\u00eda'\" title=\"Ausstellungsbeispiel 'Arte y Tipograf\u00eda'\" class=\"bildlinks\" \/><\/a> Da die <a href=\"http:\/\/www.bne.es\/esp\/actividades\/artetipoarte.htm\">Website zur Ausstellung<\/a> vornehm formuliert wenig inspirierend ist, man k\u00f6nnte auch sagen, dass sie trotz des optisch ansprechenden Sujets grottenh\u00e4sslich ist (warum kann so eine gro\u00dfe Institution wie die Spanische Nationalbibliothek keine anst\u00e4ndige Website zu so einer wichtigen Ausstellung pr\u00e4sentieren? <footnote> Geringf\u00fcgig besser macht es das spanische Kulturministerium mit seinem <a href=\"http:\/\/ca.www.mcu.es\/novedades\/novedadesArteTipografiaBN.html\">Webhinweis<\/a> auf die Ausstellung<\/footnote>), verweise ich auf den El Pa\u00eds-Artikel \u00ab<a href=\"http:\/\/www.elpais.com\/articulo\/cultura\/letra\/elevada\/rango\/arte\/elpepucul\/20071128elpepicul_2\/Tes\">La letra, elevada a rango de arte<\/a>\u00bb (dt: \u00abDie Schrift in den Rang der Kunst erhoben\u00bb) und dort im besonderen auf die gut gemachte <a href=\"http:\/\/www.elpais.com\/fotogaleria\/Arte\/Tipografia\/Tipografia\/Arte\/4708-1\/elpgal\/\">Bildpr\u00e4sentation<\/a> mit neun Ausstellungsbeispielen, die sich auch aufzurufen lohnt, wenn man kein Spanisch kann.<\/p>\n","protected":false},"excerpt":{"rendered":"<p>Die Spanische Nationalbibliothek zeigt eine Ausstellung \u00fcber Kunst in der Typographie und \u00fcber k\u00fcnstlerische Typographie. Kandinsky, Joan Mir\u00f3, Man Ray, Andy Warhol, Antoni Tapi\u00e8s und Eduardo Chillida geh\u00f6ren zu den 40 K\u00fcnstlern, deren Werke unter dem Titel \u00abArte en la Tipograf\u00eda y Tipograf\u00eda en el Arte\u00bb zu sehen sind. Die Biblioteca Nacional zeigt die Buchstabenschau, [&hellip;]<\/p>\n","protected":false},"author":1,"featured_media":0,"comment_status":"open","ping_status":"open","sticky":false,"template":"","format":"standard","meta":{"site-sidebar-layout":"default","site-content-layout":"","ast-site-content-layout":"default","site-content-style":"default","site-sidebar-style":"default","ast-global-header-display":"","ast-banner-title-visibility":"","ast-main-header-display":"","ast-hfb-above-header-display":"","ast-hfb-below-header-display":"","ast-hfb-mobile-header-display":"","site-post-title":"","ast-breadcrumbs-content":"","ast-featured-img":"","footer-sml-layout":"","theme-transparent-header-meta":"","adv-header-id-meta":"","stick-header-meta":"","header-above-stick-meta":"","header-main-stick-meta":"","header-below-stick-meta":"","astra-migrate-meta-layouts":"default","ast-page-background-enabled":"default","ast-page-background-meta":{"desktop":{"background-color":"var(--ast-global-color-4)","background-image":"","background-repeat":"repeat","background-position":"center center","background-size":"auto","background-attachment":"scroll","background-type":"","background-media":"","overlay-type":"","overlay-color":"","overlay-opacity":"","overlay-gradient":""},"tablet":{"background-color":"","background-image":"","background-repeat":"repeat","background-position":"center center","background-size":"auto","background-attachment":"scroll","background-type":"","background-media":"","overlay-type":"","overlay-color":"","overlay-opacity":"","overlay-gradient":""},"mobile":{"background-color":"","background-image":"","background-repeat":"repeat","background-position":"center center","background-size":"auto","background-attachment":"scroll","background-type":"","background-media":"","overlay-type":"","overlay-color":"","overlay-opacity":"","overlay-gradient":""}},"ast-content-background-meta":{"desktop":{"background-color":"var(--ast-global-color-5)","background-image":"","background-repeat":"repeat","background-position":"center center","background-size":"auto","background-attachment":"scroll","background-type":"","background-media":"","overlay-type":"","overlay-color":"","overlay-opacity":"","overlay-gradient":""},"tablet":{"background-color":"var(--ast-global-color-5)","background-image":"","background-repeat":"repeat","background-position":"center center","background-size":"auto","background-attachment":"scroll","background-type":"","background-media":"","overlay-type":"","overlay-color":"","overlay-opacity":"","overlay-gradient":""},"mobile":{"background-color":"var(--ast-global-color-5)","background-image":"","background-repeat":"repeat","background-position":"center center","background-size":"auto","background-attachment":"scroll","background-type":"","background-media":"","overlay-type":"","overlay-color":"","overlay-opacity":"","overlay-gradient":""}},"ngg_post_thumbnail":0,"jetpack_post_was_ever_published":false,"_jetpack_newsletter_access":"","_jetpack_dont_email_post_to_subs":false,"_jetpack_newsletter_tier_id":0,"_jetpack_memberships_contains_paywalled_content":false,"_jetpack_memberships_contains_paid_content":false,"footnotes":""},"categories":[11,8],"tags":[],"class_list":["post-1935","post","type-post","status-publish","format-standard","hentry","category-literatur","category-spanisch"],"jetpack_featured_media_url":"","jetpack_sharing_enabled":true,"jetpack_shortlink":"https:\/\/wp.me\/p4uzZ-vd","jetpack-related-posts":[{"id":2071,"url":"https:\/\/textundblog.de\/?p=2071","url_meta":{"origin":1935,"position":0},"title":"PAGE \u00fcber Typografie und Kunst","author":"Markus","date":"3\/3\/2008","format":false,"excerpt":"Heute morgen hatte mich auf meinem Schreibtisch in der Stabi eine nette \u00dcberraschung erwartet: Ein Rezensionsexemplar der neuesten Ausgabe der Design-Zeitschrift PAGE. Wie kam's? Vor kurzem kontaktierte mich eine Redakteurin der Zeitschrift, die im Rahmen ihrer Recherche zum Thema Kunst und Typographie auf meinen Blogartikel \u00fcber die Ausstellung \u00abArte en\u2026","rel":"","context":"In &quot;Artikel&quot;","block_context":{"text":"Artikel","link":"https:\/\/textundblog.de\/?cat=5"},"img":{"alt_text":"PAGE-Artikel \u00fcber Typographie und Kunst","src":"https:\/\/i0.wp.com\/textundblog.de\/wp-content\/pageartikeltypografie.jpg?resize=350%2C200&ssl=1","width":350,"height":200},"classes":[]},{"id":2987,"url":"https:\/\/textundblog.de\/?p=2987","url_meta":{"origin":1935,"position":1},"title":"Typographie und Font-Rendering","author":"Markus","date":"23\/5\/2009","format":false,"excerpt":"Zwei Tipps in Sachen Typographie und Schriftendarstellung am Bildschirm: Ersterer erm\u00f6glicht in knapp 20 Minuten die Grundbegriffe der Typographie zu verstehen. Der zweite Hinweis ist f\u00fcr Windows-Nutzer interessant, zeigt er doch, wie man mit ganz einfachen Mitteln das Font-Rendering verbessern kann und somit vermeidet, dass Buchstaben pixelig aussehen. Der britische\u2026","rel":"","context":"In &quot;Webdesign&quot;","block_context":{"text":"Webdesign","link":"https:\/\/textundblog.de\/?cat=13"},"img":{"alt_text":"2 Tipps zu Font-Rendering und Typographie","src":"https:\/\/i0.wp.com\/textundblog.de\/wp-content\/fontrend-typo.jpg?resize=350%2C200&ssl=1","width":350,"height":200},"classes":[]},{"id":3960,"url":"https:\/\/textundblog.de\/?p=3960","url_meta":{"origin":1935,"position":2},"title":"Erik Spiekermann &#8211; Feuer und Flamme f\u00fcr Typographie","author":"Markus","date":"3\/2\/2011","format":false,"excerpt":"Erik Spiekermann - Putting Back the Face into Typography from Gestalten on Vimeo. Erik Spiekermann d\u00fcrfte nicht nur Berlinern ein Begriff sein. In diesem kurzen Film \u00abPutting Back the Face into Typography\u00bb spricht er auf eine den Zuh\u00f6rer in seinen Bann ziehende Art \u00fcber seine Arbeit als Gestalter und Typograph,\u2026","rel":"","context":"In &quot;Literatur&quot;","block_context":{"text":"Literatur","link":"https:\/\/textundblog.de\/?cat=11"},"img":{"alt_text":"","src":"","width":0,"height":0},"classes":[]},{"id":1129,"url":"https:\/\/textundblog.de\/?p=1129","url_meta":{"origin":1935,"position":3},"title":"Typographie f\u00fcr Webautoren","author":"Markus","date":"7\/8\/2006","format":false,"excerpt":"(Nicht nur) Webgestalter sollten wissen, wo wann welches Zeichen zu setzen ist. Nat\u00fcrlich gibt es jenseits der Norm Gestaltungsfreir\u00e4ume (w\u00e4r ja noch sch\u00f6ner, wenn dem nicht so w\u00e4re), dennoch lassen sich der umfangreichen Zusammenstellung von Christoph Willy Caspar \u00bbCrissov\u00ab P\u00e4per viele hilfreiche Tipps entnehmen: \u00abTypographie f\u00fcr Webautoren\u00bb (man beachte das\u2026","rel":"","context":"In &quot;Webdesign&quot;","block_context":{"text":"Webdesign","link":"https:\/\/textundblog.de\/?cat=13"},"img":{"alt_text":"","src":"","width":0,"height":0},"classes":[]},{"id":1485,"url":"https:\/\/textundblog.de\/?p=1485","url_meta":{"origin":1935,"position":4},"title":"Bembo&#8217;s Zoo: Tierische Typographie","author":"Markus","date":"10\/3\/2007","format":false,"excerpt":"Bembo's Zoo ist eigentlich ein Projekt f\u00fcr Kinder, doch ist es nicht minder interessant f\u00fcr alle, die sich gerne mit Typographie besch\u00e4ftigen: Der in New York lebende brasilianische Graphikdesigner mit dem \u00fcberaus genialen Namen Roberto de Vicq de Cumptich hat ein Buch und eine Website gestaltet mit dem Namen Bembo's\u2026","rel":"","context":"In &quot;Literatur&quot;","block_context":{"text":"Literatur","link":"https:\/\/textundblog.de\/?cat=11"},"img":{"alt_text":"Bembo's Zoo","src":"https:\/\/i0.wp.com\/textundblog.de\/wp-content\/bemboszoo.gif?resize=350%2C200&ssl=1","width":350,"height":200},"classes":[]},{"id":3835,"url":"https:\/\/textundblog.de\/?p=3835","url_meta":{"origin":1935,"position":5},"title":"Martin Z. Schr\u00f6der \u00fcberreicht Max Goldt dessen neues Buch","author":"Markus","date":"10\/11\/2010","format":false,"excerpt":"Der Stammleserschaft von Text & Blog ist der Berliner Setzer und Drucker Martin Z. Schr\u00f6der ein Begriff. Vor fast genau drei Jahren hatte ich ihn und sein wunderbares Reden ist Silber \u2013 Druckerey Blog schon mal hier vorgestellt: Martin Z. Schr\u00f6der: Schreiben ist blei. Der begnadete Bleisatzk\u00fcnstler hat Max Goldts\u2026","rel":"","context":"In &quot;Literatur&quot;","block_context":{"text":"Literatur","link":"https:\/\/textundblog.de\/?cat=11"},"img":{"alt_text":"","src":"","width":0,"height":0},"classes":[]}],"_links":{"self":[{"href":"https:\/\/textundblog.de\/index.php?rest_route=\/wp\/v2\/posts\/1935","targetHints":{"allow":["GET"]}}],"collection":[{"href":"https:\/\/textundblog.de\/index.php?rest_route=\/wp\/v2\/posts"}],"about":[{"href":"https:\/\/textundblog.de\/index.php?rest_route=\/wp\/v2\/types\/post"}],"author":[{"embeddable":true,"href":"https:\/\/textundblog.de\/index.php?rest_route=\/wp\/v2\/users\/1"}],"replies":[{"embeddable":true,"href":"https:\/\/textundblog.de\/index.php?rest_route=%2Fwp%2Fv2%2Fcomments&post=1935"}],"version-history":[{"count":0,"href":"https:\/\/textundblog.de\/index.php?rest_route=\/wp\/v2\/posts\/1935\/revisions"}],"wp:attachment":[{"href":"https:\/\/textundblog.de\/index.php?rest_route=%2Fwp%2Fv2%2Fmedia&parent=1935"}],"wp:term":[{"taxonomy":"category","embeddable":true,"href":"https:\/\/textundblog.de\/index.php?rest_route=%2Fwp%2Fv2%2Fcategories&post=1935"},{"taxonomy":"post_tag","embeddable":true,"href":"https:\/\/textundblog.de\/index.php?rest_route=%2Fwp%2Fv2%2Ftags&post=1935"}],"curies":[{"name":"wp","href":"https:\/\/api.w.org\/{rel}","templated":true}]}}