{"id":187,"date":"2005-01-25T18:50:11","date_gmt":"2005-01-25T17:50:11","guid":{"rendered":"http:\/\/textundblog.de\/?p=187"},"modified":"2005-01-25T18:52:18","modified_gmt":"2005-01-25T17:52:18","slug":"am-anfang-steht-die-kreativitat","status":"publish","type":"post","link":"https:\/\/textundblog.de\/?p=187","title":{"rendered":"Am Anfang steht die Kreativit\u00e4t"},"content":{"rendered":"<p><a href=\"http:\/\/www.einfach-persoenlich.de\/2005-01-14\/blogging-tipps-16-erkenntnisse-kreativer-blogger.html\"><img loading=\"lazy\" decoding=\"async\" src=\".\/wp-content\/einfachpersoenlich.jpg\" width=\"125\" height=\"125\" alt=\"Einfach Pers\u00f6nlich\" title=\"Einfach Pers\u00f6nlich\" \/><\/a><br \/>\nSehr sch\u00f6n:<\/p>\n<blockquote><p>Am Beginn jedes Weblogs steht ein Entschluss, der doppelte Bedeutung hat. Einmal bist Du Dir damit im Klaren, dass Du selbst kreativ sein kannst. Gar zu viele Menschen versuchen Dir das wom\u00f6glich auszureden. Zum anderen wirst Du Wege und Mittel suchen und finden, auch wirklich kreativ werden zu k\u00f6nnen. Deine Gedanken fokussieren sich auf das Weblog, dem Du Dich verschrieben hast. Dann kannst Du einfach anfangen&#8230;<\/p><\/blockquote>\n<p>&#8230; schreibt J\u00f6rg Petermann in seinen <a href=\"http:\/\/www.einfach-persoenlich.de\/2005-01-14\/blogging-tipps-16-erkenntnisse-kreativer-blogger.html\">16 Erkenntnissen eines kreativen Bloggers<\/a>.<\/p>\n","protected":false},"excerpt":{"rendered":"<p>Sehr sch\u00f6n: &#8222;Am Beginn jedes Weblogs steht ein Entschluss&#8230;&#8220; schreibt J\u00f6rg Petermann in seinen &#8222;16 Erkenntnissen eines kreativen Bloggers&#8220;.<\/p>\n","protected":false},"author":1,"featured_media":0,"comment_status":"open","ping_status":"open","sticky":false,"template":"","format":"standard","meta":{"site-sidebar-layout":"default","site-content-layout":"","ast-site-content-layout":"default","site-content-style":"default","site-sidebar-style":"default","ast-global-header-display":"","ast-banner-title-visibility":"","ast-main-header-display":"","ast-hfb-above-header-display":"","ast-hfb-below-header-display":"","ast-hfb-mobile-header-display":"","site-post-title":"","ast-breadcrumbs-content":"","ast-featured-img":"","footer-sml-layout":"","theme-transparent-header-meta":"","adv-header-id-meta":"","stick-header-meta":"","header-above-stick-meta":"","header-main-stick-meta":"","header-below-stick-meta":"","astra-migrate-meta-layouts":"default","ast-page-background-enabled":"default","ast-page-background-meta":{"desktop":{"background-color":"var(--ast-global-color-4)","background-image":"","background-repeat":"repeat","background-position":"center center","background-size":"auto","background-attachment":"scroll","background-type":"","background-media":"","overlay-type":"","overlay-color":"","overlay-opacity":"","overlay-gradient":""},"tablet":{"background-color":"","background-image":"","background-repeat":"repeat","background-position":"center center","background-size":"auto","background-attachment":"scroll","background-type":"","background-media":"","overlay-type":"","overlay-color":"","overlay-opacity":"","overlay-gradient":""},"mobile":{"background-color":"","background-image":"","background-repeat":"repeat","background-position":"center center","background-size":"auto","background-attachment":"scroll","background-type":"","background-media":"","overlay-type":"","overlay-color":"","overlay-opacity":"","overlay-gradient":""}},"ast-content-background-meta":{"desktop":{"background-color":"var(--ast-global-color-5)","background-image":"","background-repeat":"repeat","background-position":"center center","background-size":"auto","background-attachment":"scroll","background-type":"","background-media":"","overlay-type":"","overlay-color":"","overlay-opacity":"","overlay-gradient":""},"tablet":{"background-color":"var(--ast-global-color-5)","background-image":"","background-repeat":"repeat","background-position":"center center","background-size":"auto","background-attachment":"scroll","background-type":"","background-media":"","overlay-type":"","overlay-color":"","overlay-opacity":"","overlay-gradient":""},"mobile":{"background-color":"var(--ast-global-color-5)","background-image":"","background-repeat":"repeat","background-position":"center center","background-size":"auto","background-attachment":"scroll","background-type":"","background-media":"","overlay-type":"","overlay-color":"","overlay-opacity":"","overlay-gradient":""}},"ngg_post_thumbnail":0,"jetpack_post_was_ever_published":false,"_jetpack_newsletter_access":"","_jetpack_dont_email_post_to_subs":false,"_jetpack_newsletter_tier_id":0,"_jetpack_memberships_contains_paywalled_content":false,"_jetpack_memberships_contains_paid_content":false,"footnotes":""},"categories":[4],"tags":[],"class_list":["post-187","post","type-post","status-publish","format-standard","hentry","category-internet"],"jetpack_featured_media_url":"","jetpack_sharing_enabled":true,"jetpack_shortlink":"https:\/\/wp.me\/p4uzZ-31","jetpack-related-posts":[{"id":919,"url":"https:\/\/textundblog.de\/?p=919","url_meta":{"origin":187,"position":0},"title":"Blogtipps zum Welttag des Buches","author":"Markus","date":"23\/4\/2006","format":false,"excerpt":"Und dann gibt es da noch den Buch-Blogger, alias J\u00f6rg Petermann, diesmal auf deutsch, auch heute gestartet, einfach pers\u00f6nlich. Sehr sch\u00f6n, der Feed ist schon abonniert.","rel":"","context":"In &quot;Literatur&quot;","block_context":{"text":"Literatur","link":"https:\/\/textundblog.de\/?cat=11"},"img":{"alt_text":"la tormenta en un vaso","src":"https:\/\/i0.wp.com\/www.textundblog.de\/wp-content\/tormentaenunvaso.jpg?resize=350%2C200","width":350,"height":200},"classes":[]},{"id":1654,"url":"https:\/\/textundblog.de\/?p=1654","url_meta":{"origin":187,"position":1},"title":"Planckton &#8211; das Blog der FAS-Wissenschaftsredaktion","author":"Markus","date":"24\/6\/2007","format":false,"excerpt":"Beim Fr\u00fchst\u00fcck der Frankfurter Allgemeinen Sonntagszeitung entnommen: Die F.A.S.-Wissenschaftsredaktion hat jetzt ein Blog. Unter planckton.de erreicht man das \u00abOnline-Caf\u00e9 der F.A.S.-Wissenschaftsredaktion\u00bb mit den Autoren (K\u00fcrzel in Klammern): J\u00f6rg Albrecht (echt) | Vlada Menz (vmz) | Klemens Polatschek (kp) | Ulf von Rauchhaupt (uvr) | Jochen Reinecke (jr) | Jonas Siehoff\u2026","rel":"","context":"In &quot;Internet&quot;","block_context":{"text":"Internet","link":"https:\/\/textundblog.de\/?cat=4"},"img":{"alt_text":"Planckton - das Blog der Wissenschaftsredaktion der FAS","src":"https:\/\/i0.wp.com\/textundblog.de\/wp-content\/fasblogplanckton.jpg?resize=350%2C200&ssl=1","width":350,"height":200},"classes":[]},{"id":1696,"url":"https:\/\/textundblog.de\/?p=1696","url_meta":{"origin":187,"position":2},"title":"Speech Bubbles Contest","author":"Markus","date":"15\/7\/2007","format":false,"excerpt":"Speech Bubbles Contest (SBC) ist ein Wettbewerb, zu dem ich euch heute aufrufen m\u00f6chte. Es geht darum Websites mit kreativen Sprechblasen zu versehen. Auf der SBC-Seite steht, wie es geht: textundblog.de\/sbc. Ich bitte euch um rege Teilnahme und auch um einen Hinweis auf die Aktion in euren Blogs, wenn ihr\u2026","rel":"","context":"In &quot;Internet&quot;","block_context":{"text":"Internet","link":"https:\/\/textundblog.de\/?cat=4"},"img":{"alt_text":"Speech Bubbles Contest","src":"https:\/\/i0.wp.com\/textundblog.de\/wp-content\/sbc.jpg?resize=350%2C200&ssl=1","width":350,"height":200},"classes":[]},{"id":1823,"url":"https:\/\/textundblog.de\/?p=1823","url_meta":{"origin":187,"position":3},"title":"Santiago Roncagliolo und DAS Weblog","author":"Markus","date":"18\/9\/2007","format":false,"excerpt":"Solange der Tagesspiegel meinen Leser-Kommentar unter dem Artikel \u00abDas andere Gesicht\u00bb - Untertitel: Von Puppenstuben und Bloggern: Das Berliner Literaturfestival widmet sich Lateinamerika - noch zur Ver\u00f6ffentlichung pr\u00fcft (und vor allem, weil ihn dort kaum jemand finden wird, auch nachdem er ver\u00f6ffentlicht wird), m\u00f6chte ich ihn hier publizieren: Die Diskussion\u2026","rel":"","context":"In &quot;Literatur&quot;","block_context":{"text":"Literatur","link":"https:\/\/textundblog.de\/?cat=11"},"img":{"alt_text":"Das Blog von Santiago Roncaglio","src":"https:\/\/i0.wp.com\/textundblog.de\/wp-content\/santiagoroncaglio.jpg?resize=350%2C200&ssl=1","width":350,"height":200},"classes":[]},{"id":1761,"url":"https:\/\/textundblog.de\/?p=1761","url_meta":{"origin":187,"position":4},"title":"Ikea: Entdecke die M\u00f6glichkeiten!","author":"Markus","date":"12\/8\/2007","format":false,"excerpt":"Wer gestern die Sendung Trackback geh\u00f6rt hat, kennt jetzt den aktuellen Stand zum Thema \u00abSchlie\u00dfung des Blogs IKEA Hacker\u00bb (im Podcast [Website nicht mehr online, aber noch zu h\u00f6ren via Archiv-Link Podcast], behandelt von Minute 38-50). Thomas Meyer wird das Blog, das er bis zum 31.07.2007 betrieben hat, nicht mehr\u2026","rel":"","context":"In &quot;Allgemeines&quot;","block_context":{"text":"Allgemeines","link":"https:\/\/textundblog.de\/?cat=1"},"img":{"alt_text":"","src":"","width":0,"height":0},"classes":[]},{"id":1497,"url":"https:\/\/textundblog.de\/?p=1497","url_meta":{"origin":187,"position":5},"title":"Weblogs schaffen Vertrauen","author":"Markus","date":"15\/3\/2007","format":false,"excerpt":"Foto: ri\u0161ko (Flickr) Neulich habe ich nochmal in dem wunderbaren Buch \u00abDie Google-Gesellschaft\u00bb (Vom digitalen Wandel des Wissens) diese Worte von Martin Roell gelesen, mit denen er beschreibt, wie Weblogs Vertrauen schaffen: Wer bei einem Weblogger eine Weile mitliest, lernt ihn kennen: Er erf\u00e4hrt, womit er sich besch\u00e4ftigt, was und\u2026","rel":"","context":"In &quot;Internet&quot;","block_context":{"text":"Internet","link":"https:\/\/textundblog.de\/?cat=4"},"img":{"alt_text":"Foto \u00a9 ri\u0161ko","src":"https:\/\/i0.wp.com\/textundblog.de\/wp-content\/vertrauen.jpg?resize=350%2C200&ssl=1","width":350,"height":200},"classes":[]}],"_links":{"self":[{"href":"https:\/\/textundblog.de\/index.php?rest_route=\/wp\/v2\/posts\/187","targetHints":{"allow":["GET"]}}],"collection":[{"href":"https:\/\/textundblog.de\/index.php?rest_route=\/wp\/v2\/posts"}],"about":[{"href":"https:\/\/textundblog.de\/index.php?rest_route=\/wp\/v2\/types\/post"}],"author":[{"embeddable":true,"href":"https:\/\/textundblog.de\/index.php?rest_route=\/wp\/v2\/users\/1"}],"replies":[{"embeddable":true,"href":"https:\/\/textundblog.de\/index.php?rest_route=%2Fwp%2Fv2%2Fcomments&post=187"}],"version-history":[{"count":0,"href":"https:\/\/textundblog.de\/index.php?rest_route=\/wp\/v2\/posts\/187\/revisions"}],"wp:attachment":[{"href":"https:\/\/textundblog.de\/index.php?rest_route=%2Fwp%2Fv2%2Fmedia&parent=187"}],"wp:term":[{"taxonomy":"category","embeddable":true,"href":"https:\/\/textundblog.de\/index.php?rest_route=%2Fwp%2Fv2%2Fcategories&post=187"},{"taxonomy":"post_tag","embeddable":true,"href":"https:\/\/textundblog.de\/index.php?rest_route=%2Fwp%2Fv2%2Ftags&post=187"}],"curies":[{"name":"wp","href":"https:\/\/api.w.org\/{rel}","templated":true}]}}