{"id":1846,"date":"2007-10-09T12:14:31","date_gmt":"2007-10-09T10:14:31","guid":{"rendered":"http:\/\/textundblog.de\/?p=1846"},"modified":"2007-10-09T12:17:52","modified_gmt":"2007-10-09T10:17:52","slug":"top10-der-kommentatoren-auf-text-blog","status":"publish","type":"post","link":"https:\/\/textundblog.de\/?p=1846","title":{"rendered":"Top10 der Kommentatoren auf Text &amp; Blog"},"content":{"rendered":"<p><img data-recalc-dims=\"1\" loading=\"lazy\" decoding=\"async\" src=\"https:\/\/i0.wp.com\/textundblog.de\/wp-images\/gravatar.jpg?resize=80%2C80&#038;ssl=1\" width=\"80\" height=\"80\" alt=\"Text &#038; Blog\" title=\"Text &#038; Blog\" class=\"bildrechts\"\/> Kurzer Einblick in die Statistik und Dank in eigener Sache: Ein Blog lebt ganz wesentlich von seinen Kommentaren. Da dies bei \u00abText &#038; Blog\u00bb nicht anders ist, m\u00f6chte ich mich nochmals bei <em>all<\/em> meinen Kommentatorinnen und Kommentatoren bedanken, ganz besonders und stellvertretend bei den Menschen, die durch ihre Beitr\u00e4ge am h\u00e4ufigsten auf diesem Blog aktiv sind:<\/p>\n<ol>\n<li><a href=\"http:\/\/jekylla.twoday.net\">Jekylla<\/a>\t<\/li>\n<li><a href=\"http:\/\/www.rob-log.de\">rob<\/a><\/li>\n<li><a href=\"http:\/\/blog.the-exit.net\">The Exit<\/a><\/li>\n<li><a href=\"http:\/\/www.fcsblog.de\">Carsten<\/a><\/li>\n<li><a href=\"http:\/\/saarbrigge.de\">Quintus<\/a><\/li>\n<li><a href=\"http:\/\/www.ultimonativ.de\">Ultimonativ<\/a><\/li>\n<li>Aengelchen<\/li>\n<li>Henning<\/li>\n<li><a href=\"http:\/\/www.virtual-unreality.de\">Faustus<\/a><\/li>\n<li><a href=\"http:\/\/www.charmingquark.de\">Liisa<\/a><\/li>\n<\/ol>\n<p>Vorherige Top10-Auflistungen im Blog: <a href=\"https:\/\/textundblog.de\/?p=1652\">23.06.07<\/a> | <a href=\"https:\/\/textundblog.de\/?p=1608\">23.05.07<\/a><\/p>\n<p>Nat\u00fcrlich bedanke ich mich ausdr\u00fccklich bei allen Kommentatoren und Lesern (m\/w). Auch bei denen, die hier nur mitlesen, manchmal auch mailen, aber eben weniger oder gar nicht kommentieren. Auch f\u00fcr euch mache ich das hier.<\/p>\n","protected":false},"excerpt":{"rendered":"<p>Kurzer Einblick in die Statistik und Dank in eigener Sache: Ein Blog lebt ganz wesentlich von seinen Kommentaren. Da dies bei \u00abText &#038; Blog\u00bb nicht anders ist, m\u00f6chte ich mich nochmals bei all meinen Kommentatorinnen und Kommentatoren bedanken, ganz besonders und stellvertretend bei den Menschen, die durch ihre Beitr\u00e4ge am h\u00e4ufigsten auf diesem Blog aktiv [&hellip;]<\/p>\n","protected":false},"author":1,"featured_media":0,"comment_status":"open","ping_status":"open","sticky":false,"template":"","format":"standard","meta":{"site-sidebar-layout":"default","site-content-layout":"","ast-site-content-layout":"default","site-content-style":"default","site-sidebar-style":"default","ast-global-header-display":"","ast-banner-title-visibility":"","ast-main-header-display":"","ast-hfb-above-header-display":"","ast-hfb-below-header-display":"","ast-hfb-mobile-header-display":"","site-post-title":"","ast-breadcrumbs-content":"","ast-featured-img":"","footer-sml-layout":"","theme-transparent-header-meta":"","adv-header-id-meta":"","stick-header-meta":"","header-above-stick-meta":"","header-main-stick-meta":"","header-below-stick-meta":"","astra-migrate-meta-layouts":"default","ast-page-background-enabled":"default","ast-page-background-meta":{"desktop":{"background-color":"var(--ast-global-color-4)","background-image":"","background-repeat":"repeat","background-position":"center center","background-size":"auto","background-attachment":"scroll","background-type":"","background-media":"","overlay-type":"","overlay-color":"","overlay-opacity":"","overlay-gradient":""},"tablet":{"background-color":"","background-image":"","background-repeat":"repeat","background-position":"center center","background-size":"auto","background-attachment":"scroll","background-type":"","background-media":"","overlay-type":"","overlay-color":"","overlay-opacity":"","overlay-gradient":""},"mobile":{"background-color":"","background-image":"","background-repeat":"repeat","background-position":"center center","background-size":"auto","background-attachment":"scroll","background-type":"","background-media":"","overlay-type":"","overlay-color":"","overlay-opacity":"","overlay-gradient":""}},"ast-content-background-meta":{"desktop":{"background-color":"var(--ast-global-color-5)","background-image":"","background-repeat":"repeat","background-position":"center center","background-size":"auto","background-attachment":"scroll","background-type":"","background-media":"","overlay-type":"","overlay-color":"","overlay-opacity":"","overlay-gradient":""},"tablet":{"background-color":"var(--ast-global-color-5)","background-image":"","background-repeat":"repeat","background-position":"center center","background-size":"auto","background-attachment":"scroll","background-type":"","background-media":"","overlay-type":"","overlay-color":"","overlay-opacity":"","overlay-gradient":""},"mobile":{"background-color":"var(--ast-global-color-5)","background-image":"","background-repeat":"repeat","background-position":"center center","background-size":"auto","background-attachment":"scroll","background-type":"","background-media":"","overlay-type":"","overlay-color":"","overlay-opacity":"","overlay-gradient":""}},"ngg_post_thumbnail":0,"jetpack_post_was_ever_published":false,"_jetpack_newsletter_access":"","_jetpack_dont_email_post_to_subs":false,"_jetpack_newsletter_tier_id":0,"_jetpack_memberships_contains_paywalled_content":false,"_jetpack_memberships_contains_paid_content":false,"footnotes":""},"categories":[4],"tags":[],"class_list":["post-1846","post","type-post","status-publish","format-standard","hentry","category-internet"],"jetpack_featured_media_url":"","jetpack_sharing_enabled":true,"jetpack_shortlink":"https:\/\/wp.me\/p4uzZ-tM","jetpack-related-posts":[{"id":1652,"url":"https:\/\/textundblog.de\/?p=1652","url_meta":{"origin":1846,"position":0},"title":"Text &amp; Blog ist auch ein saarl\u00e4ndisches Blog","author":"Markus","date":"23\/6\/2007","format":false,"excerpt":"Warum \u00abText & Blog\u00bb auch ein saarl\u00e4ndisches Blog ist, obwohl ich in Hamburg lebe und arbeite? (Und mich - ganz nebenbei gesagt - hier sehr, sehr wohl f\u00fchle!) Das ist schnell erkl\u00e4rt: erstens bin ich Saarl\u00e4nder (so was legt man auch nach einem Umzug nicht ab - ich nenne mich\u2026","rel":"","context":"In &quot;Saarland&quot;","block_context":{"text":"Saarland","link":"https:\/\/textundblog.de\/?cat=12"},"img":{"alt_text":"Saarschleife","src":"https:\/\/i0.wp.com\/textundblog.de\/wp-content\/saarschleife.jpg?resize=350%2C200&ssl=1","width":350,"height":200},"classes":[]},{"id":1608,"url":"https:\/\/textundblog.de\/?p=1608","url_meta":{"origin":1846,"position":1},"title":"WordPress-Plugin Semmelstatz und Kommentatoren-Hitparade","author":"Markus","date":"23\/5\/2007","format":false,"excerpt":"Auf software-guide hat Michael W\u00f6hrer das Ergebnis seiner Umfrage zu WordPress-Erweiterungen vorgestellt. Auf Platz eines der \u00abbeliebtesten WordPress-Plugins in der deutschsprachigen Blogosph\u00e4re\u00bb wird dort das Statistik-Plugin Semmelstatz genannt, das ich gar nicht kannte und gleich mal ausprobiert hatte. Hui, hui, hui, was man da so alles erf\u00e4hrt: Ich habe also\u2026","rel":"","context":"In &quot;Internet&quot;","block_context":{"text":"Internet","link":"https:\/\/textundblog.de\/?cat=4"},"img":{"alt_text":"Blog-Statz - Screenshot der Statistik von 'Text & Blog'","src":"https:\/\/i0.wp.com\/textundblog.de\/wp-content\/blogstatz.gif?resize=350%2C200&ssl=1","width":350,"height":200},"classes":[]},{"id":2024,"url":"https:\/\/textundblog.de\/?p=2024","url_meta":{"origin":1846,"position":2},"title":"5000 Kommentare auf Text &amp; Blog","author":"Markus","date":"2\/2\/2008","format":false,"excerpt":"Herr Rob hat vor wenigen Minuten den 5000. Kommentar auf diesem Blog geschrieben (und den 5001. gleich hinterher ;-). Ich danke Herrn Rob stellvertretend f\u00fcr alle Kommentatoren, denn ohne die (ich wiederhole mich da gerne), w\u00e4re dieses Blog nicht das, was es ist: ein virtueller Treffpunkt im Netz. 5000 Kommentare\u2026","rel":"","context":"In &quot;Allgemeines&quot;","block_context":{"text":"Allgemeines","link":"https:\/\/textundblog.de\/?cat=1"},"img":{"alt_text":"Herr Rob","src":"https:\/\/i0.wp.com\/textundblog.de\/wp-content\/robavatar.jpg?resize=350%2C200&ssl=1","width":350,"height":200},"classes":[]},{"id":2250,"url":"https:\/\/textundblog.de\/?p=2250","url_meta":{"origin":1846,"position":3},"title":"Autohotkey-Einf\u00fchrung bei Michael Sonntag","author":"Markus","date":"14\/7\/2008","format":false,"excerpt":"Michael Sonntag hat heute in seinem Blog Autohotkey vorgestellt: Kleine Einf\u00fchrung in Autohotkey (mit Beispielen). Ich habe dies zum Anlass genommen, von meinem bisher genutzten Textersetzungstool Texter, das auch auf Autohotkey basiert, auf dieses noch m\u00e4chtigere Tool umzusteigen (h\u00e4tte ich damals bei der Vorstellung von Texter hier im Blog schon\u2026","rel":"","context":"In &quot;Software&quot;","block_context":{"text":"Software","link":"https:\/\/textundblog.de\/?cat=21"},"img":{"alt_text":"Autohotkey-Einf\u00fchrung bei Michael Sonntag","src":"https:\/\/i0.wp.com\/textundblog.de\/wp-content\/michael-autohotkey.jpg?resize=350%2C200&ssl=1","width":350,"height":200},"classes":[]},{"id":1611,"url":"https:\/\/textundblog.de\/?p=1611","url_meta":{"origin":1846,"position":4},"title":"Post von Stefan Niggemeier: Das Fernsehlexikon","author":"Markus","date":"25\/5\/2007","format":false,"excerpt":"Heute habe ich Post von Stefan Niggemeier bekommen, ein Paket mit meinem Gewinn aus der Grand-Prix-Wette: das handsignierte Fernsehlexikon, das er zusammen mit Michael Reufsteck geschrieben hat. Ich bin begeistert, alles drin: Daktari, Dalli Dalli, Mein lieber Onkel Bill, ein unglaublich umfangreiches Personenregister, selbst Kommentatoren aus Text & Blog sind\u2026","rel":"","context":"In &quot;Literatur&quot;","block_context":{"text":"Literatur","link":"https:\/\/textundblog.de\/?cat=11"},"img":{"alt_text":"Das Fernsehlexikon","src":"https:\/\/i0.wp.com\/textundblog.de\/wp-content\/fernsehlexikon.jpg?resize=350%2C200&ssl=1","width":350,"height":200},"classes":[]},{"id":2063,"url":"https:\/\/textundblog.de\/?p=2063","url_meta":{"origin":1846,"position":5},"title":"Faustus und die Suche nach der geeigneten Literaturverwaltung","author":"Markus","date":"27\/2\/2008","format":false,"excerpt":"Faustus, vielen als Stammkommentator auf \u00abText & Blog\u00bb und als Autor des Blogs \u00abVirtual Unreality\u00bb bekannt, hat dieser Tage ein neues Blog er\u00f6ffnet: Semanticker. Er siedelt es an \u00abim Dreieck von Linguistik, Informatik und Kognition\u00bb und schreibt dort \u00fcber sein wissenschaftliches Werkeln. Heute Abend nimmt er Bezug auf die Schwierigkeit,\u2026","rel":"","context":"In &quot;Informationskompetenz&quot;","block_context":{"text":"Informationskompetenz","link":"https:\/\/textundblog.de\/?cat=16"},"img":{"alt_text":"","src":"","width":0,"height":0},"classes":[]}],"_links":{"self":[{"href":"https:\/\/textundblog.de\/index.php?rest_route=\/wp\/v2\/posts\/1846","targetHints":{"allow":["GET"]}}],"collection":[{"href":"https:\/\/textundblog.de\/index.php?rest_route=\/wp\/v2\/posts"}],"about":[{"href":"https:\/\/textundblog.de\/index.php?rest_route=\/wp\/v2\/types\/post"}],"author":[{"embeddable":true,"href":"https:\/\/textundblog.de\/index.php?rest_route=\/wp\/v2\/users\/1"}],"replies":[{"embeddable":true,"href":"https:\/\/textundblog.de\/index.php?rest_route=%2Fwp%2Fv2%2Fcomments&post=1846"}],"version-history":[{"count":0,"href":"https:\/\/textundblog.de\/index.php?rest_route=\/wp\/v2\/posts\/1846\/revisions"}],"wp:attachment":[{"href":"https:\/\/textundblog.de\/index.php?rest_route=%2Fwp%2Fv2%2Fmedia&parent=1846"}],"wp:term":[{"taxonomy":"category","embeddable":true,"href":"https:\/\/textundblog.de\/index.php?rest_route=%2Fwp%2Fv2%2Fcategories&post=1846"},{"taxonomy":"post_tag","embeddable":true,"href":"https:\/\/textundblog.de\/index.php?rest_route=%2Fwp%2Fv2%2Ftags&post=1846"}],"curies":[{"name":"wp","href":"https:\/\/api.w.org\/{rel}","templated":true}]}}