{"id":1786,"date":"2007-08-29T00:36:00","date_gmt":"2007-08-28T22:36:00","guid":{"rendered":"http:\/\/textundblog.de\/?p=1786"},"modified":"2009-06-06T16:33:52","modified_gmt":"2009-06-06T14:33:52","slug":"lindsay-de-paul-sugar-me","status":"publish","type":"post","link":"https:\/\/textundblog.de\/?p=1786","title":{"rendered":"Lynsey De Paul: Sugar Me"},"content":{"rendered":"<p>In einer Szene der schwarzen \u00f6sterreichischen Kom\u00f6die \u00ab<a href=\"http:\/\/www.arte.tv\/de\/woche\/244,broadcastingNum=693056,day=4,week=35,year=2007.html\">Fr\u00e4ulein Phyllis<\/a>\u00bb (Sophie Rois wohnt mit 40 noch bei Muddi und f\u00e4hrt gef\u00e4hrlich mit Muddis Volvo durch die Wiener Gegend) habe ich ein Lied geh\u00f6rt, dass mir schon ewig nicht mehr zu Ohren gekommen war, und das mich nach Ende des eben auf arte gesehenen Films auf Videojagd in die Soundwelten von YouTube trieb: Sugar Me von <a href=\"http:\/\/de.wikipedia.org\/wiki\/Lynsey_De_Paul\">Lynsey De Paul<\/a>.<\/p>\n<p><span class=\"video\"><object type=\"application\/x-shockwave-flash\" style=\"width:425px; height:344px\" data=\"http:\/\/www.youtube.com\/v\/nkGwcA4j-9s&#038;ap=%2526fmt%3D18\"><param name=\"movie\" value=\"http:\/\/www.youtube.com\/v\/nkGwcA4j-9s&#038;ap=%2526fmt%3D18\" \/><\/object> <br \/> <cite>Direktlink <a href=\"http:\/\/de.youtube.com\/watch?v=nkGwcA4j-9s\">YouTube<\/a><\/cite><\/span><\/p>\n<p>Grand-Prix-Fans kennen Lynsey de Paul auch von Ihrem Eurovision-Duett mit Mike Moran \u00ab<a href=\"http:\/\/www.youtube.com\/watch?v=fq41OPy_400\">Rock bottom<\/a>\u00bb. Und wer den Film \u00abFr\u00e4ulein Phyllis\u00bb mit der wie immer gro\u00dfartigen Sophie Rois samt dem hier gezeigten zuckers\u00fc\u00dfen Pop-Song sehen m\u00f6chte: <a href=\"http:\/\/www.arte.tv\/de\/woche\/244,broadcastingNum=693056,day=4,week=35,year=2007.html\">arte<\/a> bietet noch zwei Wiederholungstermine: 29.08.2007 um 03:00 Uhr (<del datetime=\"2007-08-29T01:01:41+00:00\">also noch in dieser Nacht<\/del>, Mi. auf Do.) oder am 06.09.2007 um 01:30 Uhr.<\/p>\n","protected":false},"excerpt":{"rendered":"<p>In einer Szene der schwarzen \u00f6sterreichischen Kom\u00f6die \u00abFr\u00e4ulein Phyllis\u00bb (Sophie Rois wohnt mit 40 noch bei Muddi und f\u00e4hrt gef\u00e4hrlich mit Muddis Volvo durch die Wiener Gegend) habe ich ein Lied geh\u00f6rt, dass mir schon ewig nicht mehr zu Ohren gekommen war, und das mich nach Ende des eben auf arte gesehenen Films auf Videojagd [&hellip;]<\/p>\n","protected":false},"author":1,"featured_media":0,"comment_status":"open","ping_status":"open","sticky":false,"template":"","format":"standard","meta":{"site-sidebar-layout":"default","site-content-layout":"","ast-site-content-layout":"default","site-content-style":"default","site-sidebar-style":"default","ast-global-header-display":"","ast-banner-title-visibility":"","ast-main-header-display":"","ast-hfb-above-header-display":"","ast-hfb-below-header-display":"","ast-hfb-mobile-header-display":"","site-post-title":"","ast-breadcrumbs-content":"","ast-featured-img":"","footer-sml-layout":"","theme-transparent-header-meta":"","adv-header-id-meta":"","stick-header-meta":"","header-above-stick-meta":"","header-main-stick-meta":"","header-below-stick-meta":"","astra-migrate-meta-layouts":"default","ast-page-background-enabled":"default","ast-page-background-meta":{"desktop":{"background-color":"var(--ast-global-color-4)","background-image":"","background-repeat":"repeat","background-position":"center center","background-size":"auto","background-attachment":"scroll","background-type":"","background-media":"","overlay-type":"","overlay-color":"","overlay-opacity":"","overlay-gradient":""},"tablet":{"background-color":"","background-image":"","background-repeat":"repeat","background-position":"center center","background-size":"auto","background-attachment":"scroll","background-type":"","background-media":"","overlay-type":"","overlay-color":"","overlay-opacity":"","overlay-gradient":""},"mobile":{"background-color":"","background-image":"","background-repeat":"repeat","background-position":"center center","background-size":"auto","background-attachment":"scroll","background-type":"","background-media":"","overlay-type":"","overlay-color":"","overlay-opacity":"","overlay-gradient":""}},"ast-content-background-meta":{"desktop":{"background-color":"var(--ast-global-color-5)","background-image":"","background-repeat":"repeat","background-position":"center center","background-size":"auto","background-attachment":"scroll","background-type":"","background-media":"","overlay-type":"","overlay-color":"","overlay-opacity":"","overlay-gradient":""},"tablet":{"background-color":"var(--ast-global-color-5)","background-image":"","background-repeat":"repeat","background-position":"center center","background-size":"auto","background-attachment":"scroll","background-type":"","background-media":"","overlay-type":"","overlay-color":"","overlay-opacity":"","overlay-gradient":""},"mobile":{"background-color":"var(--ast-global-color-5)","background-image":"","background-repeat":"repeat","background-position":"center center","background-size":"auto","background-attachment":"scroll","background-type":"","background-media":"","overlay-type":"","overlay-color":"","overlay-opacity":"","overlay-gradient":""}},"ngg_post_thumbnail":0,"_jetpack_newsletter_access":"","_jetpack_dont_email_post_to_subs":false,"_jetpack_newsletter_tier_id":0,"_jetpack_memberships_contains_paywalled_content":false,"_jetpack_feature_clip_id":0,"_jetpack_memberships_contains_paid_content":false,"footnotes":"","jetpack_post_was_ever_published":false},"categories":[2,7,3,18],"tags":[],"class_list":["post-1786","post","type-post","status-publish","format-standard","hentry","category-kino","category-musik","category-tv","category-video"],"jetpack_sharing_enabled":true,"jetpack_shortlink":"https:\/\/wp.me\/p4uzZ-sO","jetpack-related-posts":[{"id":3590,"url":"https:\/\/textundblog.de\/?p=3590","url_meta":{"origin":1786,"position":0},"title":"G\u00e4nsehaut beim Lesen des Artikels von Ian Paul Joy","author":"Markus","date":"30\/6\/2010","format":false,"excerpt":"\u00dcber den aus USA stammenden Ex-FC St. Pauli-Spieler Ian Paul JoyHier im Videobericht zu sehen bei seinem Tor zum 1:0 gegen Augsburg im April 2008. war vor einem Jahr in der Presse zu lesen: Die Geschichte des Ian Paul Joy ist keine allt\u00e4gliche. Wer die Geschichte des Ian Paul Joy\u2026","rel":"","context":"In &quot;FC St. Pauli&quot;","block_context":{"text":"FC St. Pauli","link":"https:\/\/textundblog.de\/?cat=76"},"img":{"alt_text":"Ian Paul Joy","src":"https:\/\/i0.wp.com\/textundblog.de\/wp-content\/ian-joy.jpg?resize=350%2C200&ssl=1","width":350,"height":200},"classes":[]},{"id":3716,"url":"https:\/\/textundblog.de\/?p=3716","url_meta":{"origin":1786,"position":1},"title":"Wake Me Up When September Ends","author":"Markus","date":"1\/9\/2010","format":false,"excerpt":"Direktlink YouTube","rel":"","context":"In &quot;Musik&quot;","block_context":{"text":"Musik","link":"https:\/\/textundblog.de\/?cat=7"},"img":{"alt_text":"","src":"","width":0,"height":0},"classes":[]},{"id":915,"url":"https:\/\/textundblog.de\/?p=915","url_meta":{"origin":1786,"position":2},"title":"Depeche Mode &#8211; Never Let Me Down Again","author":"Markus","date":"22\/4\/2006","format":false,"excerpt":"Direktlink YouTube","rel":"","context":"In &quot;Musik&quot;","block_context":{"text":"Musik","link":"https:\/\/textundblog.de\/?cat=7"},"img":{"alt_text":"","src":"","width":0,"height":0},"classes":[]},{"id":2536,"url":"https:\/\/textundblog.de\/?p=2536","url_meta":{"origin":1786,"position":3},"title":"Hey Sarah Palin","author":"Markus","date":"6\/10\/2008","format":false,"excerpt":"Direktlink YouTube Oh, if you become V.P., oh, it's Canada for me. Gro\u00dfartiges Video, das momentan seinen Weg durchs Netz findet. Wer die TV-Debatte mit Sarah Palin und Joe Biden und die vorangegangenen in mehreren Interviews deutlich gewordenen \u00abWissensl\u00fccken\u00bb der republikanischen Vizepr\u00e4sidentschaftskandidaten Sarah Palin verfolgt hat, wird seinen Spa\u00df mit\u2026","rel":"","context":"In &quot;Politik&quot;","block_context":{"text":"Politik","link":"https:\/\/textundblog.de\/?cat=9"},"img":{"alt_text":"","src":"","width":0,"height":0},"classes":[]},{"id":2543,"url":"https:\/\/textundblog.de\/?p=2543","url_meta":{"origin":1786,"position":4},"title":"Beaker: La Habanera","author":"Markus","date":"8\/10\/2008","format":false,"excerpt":"Es ist wieder mal Zeit f\u00fcr ein bisschen Kultur. Meine Damen und Herren, Ladies and Gentlemen, Damas y Caballeros: La Habanera! Direktlink YouTube \u266b Mee mee meeme me me mee mee\u2026 \u266b [via franztoo]","rel":"","context":"In &quot;Musik&quot;","block_context":{"text":"Musik","link":"https:\/\/textundblog.de\/?cat=7"},"img":{"alt_text":"","src":"","width":0,"height":0},"classes":[]},{"id":5853,"url":"https:\/\/textundblog.de\/?p=5853","url_meta":{"origin":1786,"position":5},"title":"Mini-Doku \u00fcber Wes Anderson","author":"Markus","date":"16\/3\/2014","format":false,"excerpt":"Der Texaner Wes Anderson ist ohne Zweifel ein gro\u00dfer Regisseur. Gerade l\u00e4uft bei uns in den Kinos der Berlinale-Er\u00f6ffnungsfilm \u00abGrand Budapest Hotel\u00bb. Schon bei den \u00abRoyal Tenenbaums\u00bb konnte man sich von Andersons Originalit\u00e4t \u00fcberzeugen. Was seine Filme auszeichnet, zeigt Paul Waters in diesem nicht minder originellen Kurzfilm. Eine wahre Freude\u2026","rel":"","context":"In &quot;Kino&quot;","block_context":{"text":"Kino","link":"https:\/\/textundblog.de\/?cat=2"},"img":{"alt_text":"","src":"","width":0,"height":0},"classes":[]}],"jetpack_featured_media_url":"","_links":{"self":[{"href":"https:\/\/textundblog.de\/index.php?rest_route=\/wp\/v2\/posts\/1786","targetHints":{"allow":["GET"]}}],"collection":[{"href":"https:\/\/textundblog.de\/index.php?rest_route=\/wp\/v2\/posts"}],"about":[{"href":"https:\/\/textundblog.de\/index.php?rest_route=\/wp\/v2\/types\/post"}],"author":[{"embeddable":true,"href":"https:\/\/textundblog.de\/index.php?rest_route=\/wp\/v2\/users\/1"}],"replies":[{"embeddable":true,"href":"https:\/\/textundblog.de\/index.php?rest_route=%2Fwp%2Fv2%2Fcomments&post=1786"}],"version-history":[{"count":0,"href":"https:\/\/textundblog.de\/index.php?rest_route=\/wp\/v2\/posts\/1786\/revisions"}],"wp:attachment":[{"href":"https:\/\/textundblog.de\/index.php?rest_route=%2Fwp%2Fv2%2Fmedia&parent=1786"}],"wp:term":[{"taxonomy":"category","embeddable":true,"href":"https:\/\/textundblog.de\/index.php?rest_route=%2Fwp%2Fv2%2Fcategories&post=1786"},{"taxonomy":"post_tag","embeddable":true,"href":"https:\/\/textundblog.de\/index.php?rest_route=%2Fwp%2Fv2%2Ftags&post=1786"}],"curies":[{"name":"wp","href":"https:\/\/api.w.org\/{rel}","templated":true}]}}