{"id":1754,"date":"2007-08-09T14:59:09","date_gmt":"2007-08-09T12:59:09","guid":{"rendered":"http:\/\/textundblog.de\/?p=1754"},"modified":"2007-08-09T15:44:06","modified_gmt":"2007-08-09T13:44:06","slug":"ikea-versus-blogger-ein-zwischenfazit","status":"publish","type":"post","link":"https:\/\/textundblog.de\/?p=1754","title":{"rendered":"Ikea versus Blogger &#8211; ein Zwischenfazit"},"content":{"rendered":"<p>Nachdem die Auseinandersetzung zwischen dem schwedischen M\u00f6belhaus und dem Blogger Thomas Meyer um dessen Blog IKEA Hacker immer weitere Kreise zieht (heute berichtet zum Beispiel Spiegel Online unter dem Titel \u00ab<a href=\"http:\/\/www.spiegel.de\/netzwelt\/web\/0,1518,498722,00.html\">Ikea-Hacker basteln bunter<\/a>\u00bb), m\u00f6chte ich ein kurzes <strong>Zwischenfazit<\/strong> ziehen:<\/p>\n<p>Aufgrund meines Artikels \u00ab<a href=\"https:\/\/textundblog.de\/?p=1747\">Unkluge Ikea-Entscheidung: Ikeahacker geschlossen<\/a>\u00bb, \u00fcber den ich sowohl IKEA, als auch den betroffenen Blogger per E-Mail informiert hatte, haben sich erfreulicherweise beide bei mir gemeldet. Zuerst der IKEA-Pressesprecher Andreas Jantke, der mir in einer ausf\u00fchrlichen E-Mail durchaus nachvollziehbar die Gr\u00fcnde der Haltung seines Hauses geschildert hatte, als auch der Blogger, der sich in seinem <a href=\"https:\/\/textundblog.de\/?p=1747#comment-86569\">Kommentar<\/a> genauso wie die Blogcommunity dar\u00fcber freut, dass IKEA hier nicht gleich juristische Schritte eingeleitet hat, der aber auch entt\u00e4uscht ist, dass man sich nach der Aufforderung, Markenrechte in seinem Blog nicht zu verletzen und die Domain <a href=\"http:\/\/www.ikeahacker.de\/\">ikeahacker.de<\/a>, die den Namen IKEA enth\u00e4lt, nicht weiter zu f\u00fchren, nicht mehr bei ihm gemeldet habe. Auch nicht, nach der Kontaktierung des Pressesprechers durch die Frankfurter Rundschau und der anschlie\u00dfenden Ver\u00f6ffentlichung des dortigen Artikels \u00ab<a href=\"http:\/\/fr-online.de\/in_und_ausland\/magazin\/?em_cnt=1183688\">M\u00f6belhaus duldet keinen inoffiziellen Markenkult<\/a>\u00bb.<\/p>\n<p>Ich kann nur hoffen, dass beide Parteien die nun bestehende Chance nutzen werden, und dass dieser Konflikt, der keiner bleiben muss, in eine <em> Win-Win-Situation<\/em> m\u00fcnden wird. <em>Thomas Meyer<\/em> k\u00f6nnte <strong>gewinnen<\/strong>, indem er die momentan bestehende Publicity f\u00fcr einen Neuanfang des Blogs unter Ber\u00fccksichtigung der von mir skizzierten Kompromisspunkte nutzt (Respektierung der Markenrechte, keine Verwendung von Ikea-Produktfotos, Sicherheitshinweis bei gef\u00e4hrlichen Bastelanleitungen) und <em>IKEA<\/em> k\u00f6nnte <strong>gewinnen<\/strong>, indem sie der interessierten \u00d6ffentlichkeit (und ihren <a href=\"https:\/\/textundblog.de\/?p=1747#comment-87063\">Mitarbeitern<\/a>) beweisen, dass sie einer sympathischen und zugleich umsatzf\u00f6rdernden Blogidee im Sinne ihres Firmenmottos (\u00abEntdecke die M\u00f6glichkeiten\u00bb) nicht im Wege stehen.<\/p>\n<p>Nun hei\u00dft es abwarten: <strong>Entdecken beide Seiten tats\u00e4chlich Ihre M\u00f6glichkeiten?<\/strong> Zu hoffen w\u00e4r&#8217;s.<\/p>\n","protected":false},"excerpt":{"rendered":"<p>Nachdem die Auseinandersetzung zwischen dem schwedischen M\u00f6belhaus und dem Blogger Thomas Meyer um dessen Blog IKEA Hacker immer weitere Kreise zieht (heute berichtet zum Beispiel Spiegel Online unter dem Titel \u00abIkea-Hacker basteln bunter\u00bb), m\u00f6chte ich ein kurzes Zwischenfazit ziehen: Aufgrund meines Artikels \u00abUnkluge Ikea-Entscheidung: Ikeahacker geschlossen\u00bb, \u00fcber den ich sowohl IKEA, als auch den betroffenen [&hellip;]<\/p>\n","protected":false},"author":1,"featured_media":0,"comment_status":"open","ping_status":"open","sticky":false,"template":"","format":"standard","meta":{"site-sidebar-layout":"default","site-content-layout":"","ast-site-content-layout":"default","site-content-style":"default","site-sidebar-style":"default","ast-global-header-display":"","ast-banner-title-visibility":"","ast-main-header-display":"","ast-hfb-above-header-display":"","ast-hfb-below-header-display":"","ast-hfb-mobile-header-display":"","site-post-title":"","ast-breadcrumbs-content":"","ast-featured-img":"","footer-sml-layout":"","theme-transparent-header-meta":"","adv-header-id-meta":"","stick-header-meta":"","header-above-stick-meta":"","header-main-stick-meta":"","header-below-stick-meta":"","astra-migrate-meta-layouts":"default","ast-page-background-enabled":"default","ast-page-background-meta":{"desktop":{"background-color":"var(--ast-global-color-4)","background-image":"","background-repeat":"repeat","background-position":"center center","background-size":"auto","background-attachment":"scroll","background-type":"","background-media":"","overlay-type":"","overlay-color":"","overlay-opacity":"","overlay-gradient":""},"tablet":{"background-color":"","background-image":"","background-repeat":"repeat","background-position":"center center","background-size":"auto","background-attachment":"scroll","background-type":"","background-media":"","overlay-type":"","overlay-color":"","overlay-opacity":"","overlay-gradient":""},"mobile":{"background-color":"","background-image":"","background-repeat":"repeat","background-position":"center center","background-size":"auto","background-attachment":"scroll","background-type":"","background-media":"","overlay-type":"","overlay-color":"","overlay-opacity":"","overlay-gradient":""}},"ast-content-background-meta":{"desktop":{"background-color":"var(--ast-global-color-5)","background-image":"","background-repeat":"repeat","background-position":"center center","background-size":"auto","background-attachment":"scroll","background-type":"","background-media":"","overlay-type":"","overlay-color":"","overlay-opacity":"","overlay-gradient":""},"tablet":{"background-color":"var(--ast-global-color-5)","background-image":"","background-repeat":"repeat","background-position":"center center","background-size":"auto","background-attachment":"scroll","background-type":"","background-media":"","overlay-type":"","overlay-color":"","overlay-opacity":"","overlay-gradient":""},"mobile":{"background-color":"var(--ast-global-color-5)","background-image":"","background-repeat":"repeat","background-position":"center center","background-size":"auto","background-attachment":"scroll","background-type":"","background-media":"","overlay-type":"","overlay-color":"","overlay-opacity":"","overlay-gradient":""}},"ngg_post_thumbnail":0,"jetpack_post_was_ever_published":false,"_jetpack_newsletter_access":"","_jetpack_dont_email_post_to_subs":false,"_jetpack_newsletter_tier_id":0,"_jetpack_memberships_contains_paywalled_content":false,"_jetpack_memberships_contains_paid_content":false,"footnotes":""},"categories":[4],"tags":[],"class_list":["post-1754","post","type-post","status-publish","format-standard","hentry","category-internet"],"jetpack_featured_media_url":"","jetpack_sharing_enabled":true,"jetpack_shortlink":"https:\/\/wp.me\/p4uzZ-si","jetpack-related-posts":[{"id":1509,"url":"https:\/\/textundblog.de\/?p=1509","url_meta":{"origin":1754,"position":0},"title":"IKEA-Blog mit originellen Einrichtungsideen","author":"Markus","date":"18\/3\/2007","format":false,"excerpt":"Geniale Idee: Thomas Meyer aus Idstein ist der IKEA Hacker. In seinem frisch eingerichteten Blog schreibt er: Nicht jede Wohnung ist so geschnitten, dass M\u00f6bel von der Stange reinpassen und manch einer mag es auch lieber etwas individueller. Und man kann aus Billy & Co. so viel mehr machen, wenn\u2026","rel":"","context":"In &quot;Allgemeines&quot;","block_context":{"text":"Allgemeines","link":"https:\/\/textundblog.de\/?cat=1"},"img":{"alt_text":"IKEA Hacker","src":"https:\/\/i0.wp.com\/textundblog.de\/wp-content\/ikeahacker.jpg?resize=350%2C200&ssl=1","width":350,"height":200},"classes":[]},{"id":1761,"url":"https:\/\/textundblog.de\/?p=1761","url_meta":{"origin":1754,"position":1},"title":"Ikea: Entdecke die M\u00f6glichkeiten!","author":"Markus","date":"12\/8\/2007","format":false,"excerpt":"Wer gestern die Sendung Trackback geh\u00f6rt hat, kennt jetzt den aktuellen Stand zum Thema \u00abSchlie\u00dfung des Blogs IKEA Hacker\u00bb (im Podcast [Website nicht mehr online, aber noch zu h\u00f6ren via Archiv-Link Podcast], behandelt von Minute 38-50). Thomas Meyer wird das Blog, das er bis zum 31.07.2007 betrieben hat, nicht mehr\u2026","rel":"","context":"In &quot;Allgemeines&quot;","block_context":{"text":"Allgemeines","link":"https:\/\/textundblog.de\/?cat=1"},"img":{"alt_text":"","src":"","width":0,"height":0},"classes":[]},{"id":1747,"url":"https:\/\/textundblog.de\/?p=1747","url_meta":{"origin":1754,"position":2},"title":"Unkluge Ikea-Entscheidung: Ikeahacker geschlossen","author":"Markus","date":"7\/8\/2007","format":false,"excerpt":"Eine Entscheidung, die zeigt, wie unklug das Beharren auf juristisch korrekten Positionen sein kann: Ikea untersagt Thomas Meyer das Fortf\u00fchren seines Weblogs IKEA Hacker. Ich hatte das Blog ja hier im Fr\u00fchjahr vorgestellt: \u00abIKEA-Blog mit originellen Einrichtungsideen\u00bb. Mit dieser Entscheidung hat der schwedische M\u00f6belkonzern sich keinen Gefallen getan, ganz im\u2026","rel":"","context":"In &quot;Internet&quot;","block_context":{"text":"Internet","link":"https:\/\/textundblog.de\/?cat=4"},"img":{"alt_text":"IKEA Hacker geschlossen","src":"https:\/\/i0.wp.com\/textundblog.de\/wp-content\/ikeahackerclosed.jpg?resize=350%2C200&ssl=1","width":350,"height":200},"classes":[]},{"id":1756,"url":"https:\/\/textundblog.de\/?p=1756","url_meta":{"origin":1754,"position":3},"title":"Ikea versus Blogger bei Trackback","author":"Markus","date":"10\/8\/2007","format":false,"excerpt":"Meine H\u00f6rempfehlung f\u00fcr morgen nachmittag (Samstag, 18:00-20:00 Uhr): Die Sendung Trackback auf Fritz-Radio. Es k\u00f6nnte sein, dass ihr in der zweiten Stunde dort jemanden h\u00f6rt, den ihr kennt bzw. regelm\u00e4\u00dfig lest. ;-) Es geht in der mit \u00abAlles, was Recht ist?\u00bb betitelten Sendung unter anderem um \u00abIkea versus Blogger\u00bb, aber\u2026","rel":"","context":"In &quot;Internet&quot;","block_context":{"text":"Internet","link":"https:\/\/textundblog.de\/?cat=4"},"img":{"alt_text":"Trackback","src":"https:\/\/i0.wp.com\/textundblog.de\/wp-content\/trackback.jpg?resize=350%2C200&ssl=1","width":350,"height":200},"classes":[]},{"id":1767,"url":"https:\/\/textundblog.de\/?p=1767","url_meta":{"origin":1754,"position":4},"title":"Online-Inkompetenz des Main-Rheiner","author":"Markus","date":"16\/8\/2007","format":false,"excerpt":"Wieder ein nahezu fassungslos machendes Beispiel der Online-Inkompetenz von manchen Zeitungen. Dieses Mal der Main-Rheiner bzw. die dort zuliefernde Idsteiner Zeitung: Die weisen doch tats\u00e4chlich vorgestern (14. August), also zwei Wochen (!) nach Schlie\u00dfung des Blogs IKEA Hacker noch in einem ausf\u00fchrlichen Artikel auf selbiges hin: \u00abSkurrile Entw\u00fcrfe aus Billi\u2026","rel":"","context":"In &quot;Artikel&quot;","block_context":{"text":"Artikel","link":"https:\/\/textundblog.de\/?cat=5"},"img":{"alt_text":"Main-Rheiner - Auszug Artikel \u00fcber IKEA Hacker","src":"https:\/\/i0.wp.com\/textundblog.de\/wp-content\/mainrheiner.jpg?resize=350%2C200&ssl=1","width":350,"height":200},"classes":[]},{"id":1762,"url":"https:\/\/textundblog.de\/?p=1762","url_meta":{"origin":1754,"position":5},"title":"Ikea-Katalog 2008 online","author":"Markus","date":"13\/8\/2007","format":false,"excerpt":"Ich wollte eigentlich so schnell nix mehr \u00fcber Ikea schreiben, aber das hier wird sicher alle Fans des schwedischen M\u00f6belhauses interessieren: Durch die Meldung auf derStandart.at \u00abStartschuss f\u00fcr die neue Ikea-Kampagne \"Weil es dein Zuhause ist\"\u00bb habe ich gerade erfahren, dass ab heute der neue Ikea-Katalog 2008 in \u00d6sterreich zu\u2026","rel":"","context":"In &quot;Allgemeines&quot;","block_context":{"text":"Allgemeines","link":"https:\/\/textundblog.de\/?cat=1"},"img":{"alt_text":"","src":"","width":0,"height":0},"classes":[]}],"_links":{"self":[{"href":"https:\/\/textundblog.de\/index.php?rest_route=\/wp\/v2\/posts\/1754","targetHints":{"allow":["GET"]}}],"collection":[{"href":"https:\/\/textundblog.de\/index.php?rest_route=\/wp\/v2\/posts"}],"about":[{"href":"https:\/\/textundblog.de\/index.php?rest_route=\/wp\/v2\/types\/post"}],"author":[{"embeddable":true,"href":"https:\/\/textundblog.de\/index.php?rest_route=\/wp\/v2\/users\/1"}],"replies":[{"embeddable":true,"href":"https:\/\/textundblog.de\/index.php?rest_route=%2Fwp%2Fv2%2Fcomments&post=1754"}],"version-history":[{"count":0,"href":"https:\/\/textundblog.de\/index.php?rest_route=\/wp\/v2\/posts\/1754\/revisions"}],"wp:attachment":[{"href":"https:\/\/textundblog.de\/index.php?rest_route=%2Fwp%2Fv2%2Fmedia&parent=1754"}],"wp:term":[{"taxonomy":"category","embeddable":true,"href":"https:\/\/textundblog.de\/index.php?rest_route=%2Fwp%2Fv2%2Fcategories&post=1754"},{"taxonomy":"post_tag","embeddable":true,"href":"https:\/\/textundblog.de\/index.php?rest_route=%2Fwp%2Fv2%2Ftags&post=1754"}],"curies":[{"name":"wp","href":"https:\/\/api.w.org\/{rel}","templated":true}]}}