{"id":1654,"date":"2007-06-24T11:53:50","date_gmt":"2007-06-24T09:53:50","guid":{"rendered":"http:\/\/textundblog.de\/?p=1654"},"modified":"2007-06-24T15:49:07","modified_gmt":"2007-06-24T13:49:07","slug":"planckton-das-blog-der-fas-wissenschaftsredaktion","status":"publish","type":"post","link":"https:\/\/textundblog.de\/?p=1654","title":{"rendered":"Planckton &#8211; das Blog der FAS-Wissenschaftsredaktion"},"content":{"rendered":"<p><a href=\"http:\/\/www.planckton.de\/\"><img data-recalc-dims=\"1\" loading=\"lazy\" decoding=\"async\" src=\"https:\/\/i0.wp.com\/textundblog.de\/wp-content\/fasblogplanckton.jpg?resize=250%2C200&#038;ssl=1\" width=\"250\" height=\"200\" alt=\"Planckton - das Blog der Wissenschaftsredaktion der FAS\" title=\"Planckton - das Blog der Wissenschaftsredaktion der FAS\" class=\"bildlinks\"\/><\/a> Beim Fr\u00fchst\u00fcck der Frankfurter Allgemeinen Sonntagszeitung entnommen: Die F.A.S.-Wissenschaftsredaktion hat jetzt ein Blog. Unter <a href=\"http:\/\/www.planckton.de\/\">planckton.de<\/a> erreicht man das \u00ab<em>Online-Caf\u00e9 der F.A.S.-Wissenschaftsredaktion<\/em>\u00bb mit den Autoren (K\u00fcrzel in Klammern):  J\u00f6rg Albrecht (echt) | Vlada Menz  (vmz) | Klemens Polatschek  (kp) | Ulf von Rauchhaupt  (uvr) | Jochen Reinecke (jr) | Jonas Siehoff (jona) | Tilman Spreckelsen (spre) und Volker Stollorz (vst).<\/p>\n<p>Nach ersten Experimenten, die Leser mit an der Entstehung von Artikeln zu beteiligen (wie etwa in dem Artikel \u00ab<a href=\"http:\/\/www.faz.net\/s\/Rub9D1EE68AC11C4C50AC3F3509F354677D\/Doc~E952C5F07445E45EB9B4E0EA8A811D7A5~ATpl~Ecommon~Scontent.html\">Was ist neu am Web 2.0?\u00bb<\/a>, zum Hintergrund siehe auch den Artikel auf <a href=\"http:\/\/www.onlinejournalismus.de\/2007\/01\/28\/kollaborativer-kokolores-bei-der-frankfurter-allgemeinen-sonntagszeitung-2\/\">onlinejournalismus.de<\/a>), ist dies der n\u00e4chste (und konsequentere) Schritt einer Zeitungsredaktion in die direkte Kommunikation mit ihrer Leserschaft (und dar\u00fcber hinaus!) einzutreten. Sehr sch\u00f6n.<\/p>\n<p>Kinderkrankheiten wird man sicher schnell in den Griff bekommen (manche Links in den Artikel\u00fcberschriften oder in der Sidebar) f\u00fchren jetzt noch zu den Feeds statt zu den Artikeln. Aber erste interessante Artikel gibt es schon zu lesen. Kommentieren kann man nach Anmeldung. Ok, ich denke, damit kann man leben. Sch\u00f6ner w\u00e4r&#8217;s nat\u00fcrlich ohne Anmeldung. <\/p>\n<p><a href=\"http:\/\/www.googlefight.com\/index.php?lang=en_GB&#038;word1=%22das+weblog%22&#038;word2=%22der+weblog%22\"><img data-recalc-dims=\"1\" loading=\"lazy\" decoding=\"async\" src=\"https:\/\/i0.wp.com\/textundblog.de\/wp-content\/googlefightdasweblog.jpg?resize=351%2C200&#038;ssl=1\" width=\"351\" height=\"200\" alt=\"Googlefight - 'DAS Weblog' siegt gegen 'DER Weblog'\" title=\"Googlefight - 'DAS Weblog' siegt gegen 'DER Weblog'\" class=\"bildrechts\"\/><\/a> Was mich aber sehr wundert: dass eine <em>Wissenschaftsredaktion<\/em> den falschen Artikel f\u00fcr <strong>das<\/strong> Weblog w\u00e4hlt. Es hei\u00dft <strong>DAS Weblog<\/strong> und nicht <strong>DER Weblog<\/strong> und es wird auch nicht richtiger &#8211; was viele tun, die jetzt neu mit dem Bloggen anfangen, wenn man darauf verweist, das andere <em>beide<\/em> M\u00f6glichkeiten zulassen (da hilft es auch nichts, sich auf die alles andere als unfehlbare Duden-Redaktion zu berufen). Statt wissenschaftlichem Artikel [sic!] zu dem leidigen Thema, das bereits zur Gen\u00fcge in der Blogosph\u00e4re behandelt wurde, hier ein rascher Blick auf <a href=\"http:\/\/www.googlefight.com\/index.php?lang=en_GB&#038;word1=%22das+weblog%22&#038;word2=%22der+weblog%22\">Googlefight<\/a>.<\/p>\n<p>Wer doch noch mehr zum Thema \u00abder oder das\u00bb lesen m\u00f6chte: <a href=\"http:\/\/www.pepilog.de\/artikel\/der-blog-ist-doch-scheisse.htm\">Pepilog<\/a> hat das mal Anfang des Jahres deutlich (sprich mit deftigen Worten) auf den Punkt gebracht. Immerhin macht es die FAZ mit ihrem Hinweis auf das Blog besser und schreibt tats\u00e4chlich und korrekt <strong>DAS Weblog<\/strong>, begeht daf\u00fcr aber den Riesenfehler, den Artikel mit Hinweis auf das Blog (\u00ab<a href=\"http:\/\/www.faz.net\/IN\/INtemplates\/faznet\/default.asp?tpl=common\/zwischenseite.asp&#038;dx2={71FBE5AA-0A9E-B68D-A4C9-2C3903E3F116}&#038;rub={2B6A2616-EDFF-44E6-8158-808A90883DEB}\">Das eigene Weblog<\/a>\u00bb) nur geb\u00fchrenpflichtig anzubieten. Hallo, geht&#8217;s noch? Wir machen Werbung f\u00fcr ein offen zug\u00e4ngliches Online-Angebot, lassen sie aber nur von der zahlenden Leserschaft lesen? Lernprozesse sind angesagt, die aber  &#8211; da bin ich mir sicher &#8211; schnell gemeistert werden und so freue ich mich auf die Lekt\u00fcre von <a href=\"http:\/\/planckton.de\/\">Planckton<\/a> und habe schon mal den <a href=\"http:\/\/planckton.de\/feed\/\">Feed<\/a> abonniert.<\/p>\n","protected":false},"excerpt":{"rendered":"<p>Beim Fr\u00fchst\u00fcck der Frankfurter Allgemeinen Sonntagszeitung entnommen: Die F.A.S.-Wissenschaftsredaktion hat jetzt ein Blog. Unter planckton.de erreicht man das \u00abOnline-Caf\u00e9 der F.A.S.-Wissenschaftsredaktion\u00bb mit den Autoren (K\u00fcrzel in Klammern): J\u00f6rg Albrecht (echt) | Vlada Menz (vmz) | Klemens Polatschek (kp) | Ulf von Rauchhaupt (uvr) | Jochen Reinecke (jr) | Jonas Siehoff (jona) | Tilman Spreckelsen (spre) [&hellip;]<\/p>\n","protected":false},"author":1,"featured_media":0,"comment_status":"open","ping_status":"open","sticky":false,"template":"","format":"standard","meta":{"site-sidebar-layout":"default","site-content-layout":"","ast-site-content-layout":"default","site-content-style":"default","site-sidebar-style":"default","ast-global-header-display":"","ast-banner-title-visibility":"","ast-main-header-display":"","ast-hfb-above-header-display":"","ast-hfb-below-header-display":"","ast-hfb-mobile-header-display":"","site-post-title":"","ast-breadcrumbs-content":"","ast-featured-img":"","footer-sml-layout":"","theme-transparent-header-meta":"","adv-header-id-meta":"","stick-header-meta":"","header-above-stick-meta":"","header-main-stick-meta":"","header-below-stick-meta":"","astra-migrate-meta-layouts":"default","ast-page-background-enabled":"default","ast-page-background-meta":{"desktop":{"background-color":"var(--ast-global-color-4)","background-image":"","background-repeat":"repeat","background-position":"center center","background-size":"auto","background-attachment":"scroll","background-type":"","background-media":"","overlay-type":"","overlay-color":"","overlay-opacity":"","overlay-gradient":""},"tablet":{"background-color":"","background-image":"","background-repeat":"repeat","background-position":"center center","background-size":"auto","background-attachment":"scroll","background-type":"","background-media":"","overlay-type":"","overlay-color":"","overlay-opacity":"","overlay-gradient":""},"mobile":{"background-color":"","background-image":"","background-repeat":"repeat","background-position":"center center","background-size":"auto","background-attachment":"scroll","background-type":"","background-media":"","overlay-type":"","overlay-color":"","overlay-opacity":"","overlay-gradient":""}},"ast-content-background-meta":{"desktop":{"background-color":"var(--ast-global-color-5)","background-image":"","background-repeat":"repeat","background-position":"center center","background-size":"auto","background-attachment":"scroll","background-type":"","background-media":"","overlay-type":"","overlay-color":"","overlay-opacity":"","overlay-gradient":""},"tablet":{"background-color":"var(--ast-global-color-5)","background-image":"","background-repeat":"repeat","background-position":"center center","background-size":"auto","background-attachment":"scroll","background-type":"","background-media":"","overlay-type":"","overlay-color":"","overlay-opacity":"","overlay-gradient":""},"mobile":{"background-color":"var(--ast-global-color-5)","background-image":"","background-repeat":"repeat","background-position":"center center","background-size":"auto","background-attachment":"scroll","background-type":"","background-media":"","overlay-type":"","overlay-color":"","overlay-opacity":"","overlay-gradient":""}},"ngg_post_thumbnail":0,"jetpack_post_was_ever_published":false,"_jetpack_newsletter_access":"","_jetpack_dont_email_post_to_subs":false,"_jetpack_newsletter_tier_id":0,"_jetpack_memberships_contains_paywalled_content":false,"_jetpack_memberships_contains_paid_content":false,"footnotes":""},"categories":[4],"tags":[],"class_list":["post-1654","post","type-post","status-publish","format-standard","hentry","category-internet"],"jetpack_featured_media_url":"","jetpack_sharing_enabled":true,"jetpack_shortlink":"https:\/\/wp.me\/p4uzZ-qG","jetpack-related-posts":[{"id":275,"url":"https:\/\/textundblog.de\/?p=275","url_meta":{"origin":1654,"position":0},"title":"Literaturwissenschaftliche Rezensionen","author":"Markus","date":"8\/3\/2005","format":false,"excerpt":"'Literaturwissenschaftliche Rezensionen (LR)' ist ein Portal, das dem Zugriff auf Fachrezensionen im Volltext dient. Die Rezensionen entstammen eigenst\u00e4ndigen Fachorganen und unterschiedlichen Anbietern. In Kooperation mit deren Redaktionen beobachten Fachreferenten die Neuerscheinungen in ihrem Interessengebiet, initiieren und betreuen die Besprechungen. Mit Hilfe von LR werden Fachinformationen verschiedener Herkunft unter einer Adresse\u2026","rel":"","context":"In &quot;Internet&quot;","block_context":{"text":"Internet","link":"https:\/\/textundblog.de\/?cat=4"},"img":{"alt_text":"Literaturwissenschaftliche Rezensionen","src":".\/wp-content\/litrezensionen.gif","width":350,"height":200},"classes":[]},{"id":1463,"url":"https:\/\/textundblog.de\/?p=1463","url_meta":{"origin":1654,"position":1},"title":"Vascoda empfiehlt Text &amp; Blog","author":"Markus","date":"24\/2\/2007","format":false,"excerpt":"Vascoda, das \u00dcberblicksportal aller Virtuellen Fachbibliotheken in Deutschland, empfiehlt in seinem neuesten Newsletter Text & Blog. Ein herzliches Dankesch\u00f6n an die dortige Redaktion. Nat\u00fcrlich f\u00fchle ich mich geschmeichelt, wenn ein Wissenschaftsportal seinem Fachpublikum mein Blog zur Lekt\u00fcre empfiehlt. So hei\u00dft es dort: Kennen Sie schon ...? ...Text und Blog mit\u2026","rel":"","context":"In &quot;Informationskompetenz&quot;","block_context":{"text":"Informationskompetenz","link":"https:\/\/textundblog.de\/?cat=16"},"img":{"alt_text":"Vacoda-Newsletter: Vorstellung Text & Blog","src":"\/wp-content\/vascodanewsletter.jpg","width":350,"height":200},"classes":[]},{"id":10155,"url":"https:\/\/textundblog.de\/?p=10155","url_meta":{"origin":1654,"position":2},"title":"Weiter FFP2-Masken tragen hilft enorm","author":"Markus","date":"3\/4\/2022","format":false,"excerpt":"Wer glaubt, nach dem Wegfall der bundesweiten Corona-Schutzma\u00dfnahmen in Deutschland zum heutigen Tag - eine verheerende Fehlentscheidung der von der FDP dazu getriebenen Bundesregierung - auf das Tragen von FFP2-Masken beim Aufeinandertreffen mit anderen Personen in Innenr\u00e4umen verzichten zu k\u00f6nnen, sollte sich sehr genau diesen Tweet der Wissenschaftsredaktion des WDR\u2026","rel":"","context":"In &quot;Bluesky&quot;","block_context":{"text":"Bluesky","link":"https:\/\/textundblog.de\/?cat=33"},"img":{"alt_text":"Tweet der Woche","src":"wp-images\/tweetderwoche2-200x96.jpg","width":350,"height":200},"classes":[]},{"id":2218,"url":"https:\/\/textundblog.de\/?p=2218","url_meta":{"origin":1654,"position":3},"title":"Wann erkennt die Wissenschaft den Nutzen von Blogs?","author":"Markus","date":"20\/6\/2008","format":false,"excerpt":"Unbedingte Leseempfehlung zum Wochenausklang: Der Sozialwissenschaftler Marc Scheloske \u00e4u\u00dfert sich in einem Gastbeitrag auf KoopTechKoopTech ist das Blog von Christiane Schulzki-Haddouti zum Thema \"kooperative Technologien\" zu den Potentialen wissenschaftlicher Blogs: Wenn Wissenschaftler damit beginnen, ihre Gedanken und Notizen in Blogs niederzuschreiben, so bleibt das nicht folgenlos. Wissenschaftliche Blogs, die auch\u2026","rel":"","context":"In &quot;Informationskompetenz&quot;","block_context":{"text":"Informationskompetenz","link":"https:\/\/textundblog.de\/?cat=16"},"img":{"alt_text":"Marc Scheloske: \u00dcber die (un-)m\u00f6gliche Professionalisierung wissenschaftlicher Blogs","src":"https:\/\/i0.wp.com\/textundblog.de\/wp-content\/kooptechscr.jpg?resize=350%2C200&ssl=1","width":350,"height":200},"classes":[]},{"id":3571,"url":"https:\/\/textundblog.de\/?p=3571","url_meta":{"origin":1654,"position":4},"title":"Gemeinsamer Journalismus &#8211; Die neue N\u00e4he zwischen Lesern und Redaktion","author":"Markus","date":"19\/6\/2010","format":false,"excerpt":"War 'ne gute Sendung heute Morgen. \u00dcberhaupt ist die Reihe ZEIT Online-Talk auf DRadioWissen jeden Samstag von 11:05-12 Uhr (oder im Anschluss als Podcast) sehr informativ. Heute ging's um Prozess-Journalismus, also um einen gemeinsamen Journalismus mit neuer N\u00e4he zwischen Lesern und Redaktion. Ein Prozess, der bei vielen Medien noch in\u2026","rel":"","context":"In &quot;Bluesky&quot;","block_context":{"text":"Bluesky","link":"https:\/\/textundblog.de\/?cat=33"},"img":{"alt_text":"","src":"","width":0,"height":0},"classes":[]},{"id":1807,"url":"https:\/\/textundblog.de\/?p=1807","url_meta":{"origin":1654,"position":5},"title":"Computer tr\u00e4umen nicht von elektrischen Schafen","author":"Markus","date":"9\/9\/2007","format":false,"excerpt":"Die Ank\u00fcndigung auf Planckton, dem Blog der Wissenschaftsredaktion der Frankfurter Allgemeinen Sonntagszeitung, hat nicht zuviel versprochen. Der Artikel \u00abComputer tr\u00e4umen nicht von elektrischen Schafen\u00bb von David Gelernter \u00fcber K\u00fcnstliche Intelligenz wurde im Auftrag des pfiffigen Sonntagsblattes, das ich immer schon samstagsnachts in meinem Briefkasten vorfinde, von Ulf von Rauchhaupt aus\u2026","rel":"","context":"In &quot;Artikel&quot;","block_context":{"text":"Artikel","link":"https:\/\/textundblog.de\/?cat=5"},"img":{"alt_text":"","src":"","width":0,"height":0},"classes":[]}],"_links":{"self":[{"href":"https:\/\/textundblog.de\/index.php?rest_route=\/wp\/v2\/posts\/1654","targetHints":{"allow":["GET"]}}],"collection":[{"href":"https:\/\/textundblog.de\/index.php?rest_route=\/wp\/v2\/posts"}],"about":[{"href":"https:\/\/textundblog.de\/index.php?rest_route=\/wp\/v2\/types\/post"}],"author":[{"embeddable":true,"href":"https:\/\/textundblog.de\/index.php?rest_route=\/wp\/v2\/users\/1"}],"replies":[{"embeddable":true,"href":"https:\/\/textundblog.de\/index.php?rest_route=%2Fwp%2Fv2%2Fcomments&post=1654"}],"version-history":[{"count":0,"href":"https:\/\/textundblog.de\/index.php?rest_route=\/wp\/v2\/posts\/1654\/revisions"}],"wp:attachment":[{"href":"https:\/\/textundblog.de\/index.php?rest_route=%2Fwp%2Fv2%2Fmedia&parent=1654"}],"wp:term":[{"taxonomy":"category","embeddable":true,"href":"https:\/\/textundblog.de\/index.php?rest_route=%2Fwp%2Fv2%2Fcategories&post=1654"},{"taxonomy":"post_tag","embeddable":true,"href":"https:\/\/textundblog.de\/index.php?rest_route=%2Fwp%2Fv2%2Ftags&post=1654"}],"curies":[{"name":"wp","href":"https:\/\/api.w.org\/{rel}","templated":true}]}}