{"id":1650,"date":"2007-06-22T11:22:25","date_gmt":"2007-06-22T09:22:25","guid":{"rendered":"http:\/\/textundblog.de\/?p=1650"},"modified":"2007-06-28T09:37:40","modified_gmt":"2007-06-28T07:37:40","slug":"mexikanische-fussballnationalmannschaft-weiterhin-erfolgreich","status":"publish","type":"post","link":"https:\/\/textundblog.de\/?p=1650","title":{"rendered":"Mexikanische Fussballnationalmannschaft weiterhin erfolgreich"},"content":{"rendered":"<p><object type=\"application\/x-shockwave-flash\" style=\"width:425px; height:350px\" data=\"http:\/\/www.youtube.com\/v\/Imj2lE0Lh6E\"><param name=\"movie\" value=\"http:\/\/www.youtube.com\/v\/Imj2lE0Lh6E\" \/><\/object> <br \/> <cite>Direktlink <a href=\"http:\/\/www.youtube.com\/watch?v=Imj2lE0Lh6E\">YouTube<\/a><\/cite><\/p>\n<p>Mexiko steht dank des 1:0 gegen Fussballzwerg Guadeloupe im Finale des <a href=\"http:\/\/de.wikipedia.org\/wiki\/CONCACAF_Gold_Cup\">Goldcup<\/a> (Turnier des nord- und mittelamerikanischen Fu\u00dfballverbandes CONCACAF). Der sehenswerte Fernschuss (siehe Video) von Pavel Pardo d\u00fcrfte nicht nur den VfB Stuttgart-Fans gefallen, mit denen der Mexikaner dieses Jahr Deutscher Meister geworden ist. Kurios: Das kleine Fussballland <a href=\"http:\/\/de.wikipedia.org\/wiki\/Guadeloupe\">Guadeloupe<\/a> ist mit seinen 400.000 Einwohnern noch nicht einmal von der FIFA anerkannt, hat aber eine \u00fcberraschend gute Rolle in dem Turnier gespielt. Schade zwar f\u00fcr das kleine Land &#8211; man ist ja sonst gern mal f\u00fcr die Kleinen \ud83d\ude09 &#8211; aber nat\u00fcrlich freue ich mich als Fan der mexikanischen Nationalmannschaft (wie hab ich mit denen letztes Jahr bei der WM gefiebert!, siehe <a href=\"https:\/\/textundblog.de\/?p=994\">hier<\/a> und <a href=\"https:\/\/textundblog.de\/?p=1017\">da<\/a>), dass die TRI im Finale sind.<\/p>\n<p><strong>Update I &#8211; 24.6.2007, 23:50 Uhr:<\/strong> Das Finale hat <a href=\"http:\/\/www.netzeitung.de\/sport\/680630.html\">Mexiko leider 1:2 gegen die USA verloren<\/a>, trotz 1:0-F\u00fchrung. In Ermangelung von live-TV-Bildern habe ich die Partie nebenher durch die Live-TV-Screenshots und Spielbeschreibungen in diesem katalanischen Blog verfolgt: \u00ab<a href=\"http:\/\/futbolmitic.blogspot.com\/2007\/06\/usa-vs-mexico-live-en-directe.html\">Futbol M\u00edtic<\/a>\u00bb. [<strong>Update I &#8211; Ende<\/strong>]<\/p>\n<p><strong>Update II &#8211; 28.6.07, 9:30 Uhr:<\/strong> Mexiko hat heute Nacht das Spiel gegen Brasilien durch die Tore von Castillo und Morales <a href=\"http:\/\/www.kicker.de\/live-news\/livescores\/livekonferenz\/object\/794347\">2:0 gewonnen<\/a>. \u00a1Bravo, M\u00e9xico! [<strong>Update II &#8211; Ende<\/strong>]<\/p>\n<p>Und ich freue mich auch schon auf die <a href=\"http:\/\/www.fussballdaten.de\/copa\/\">Copa Am\u00e9rica<\/a>, die n\u00e4chste Woche in Venezuela beginnt, und wo es gleich in der Vorrunde zum Knaller Brasilien-Mexiko kommt (Do, 28.6., 2:45 Uhr). Wird zum Gl\u00fcck komplett (alle 26 Spiele!) von <a href=\"http:\/\/www.arena.tv\/presse\/pressemeldung_3293.jsp\">arena<\/a> \u00fcbertragen.<br \/>\nAber erstmal hei\u00dft es jetzt f\u00fcr Mexiko am Sonntag die Gringos im Finale des Goldcup besiegen.<br \/>\nArtikel zum Thema:<\/p>\n<ul>\n<li>netzeitung: \u00ab<a href=\"http:\/\/www.netzeitung.de\/sport\/678813.html\">Stuttgarter schie\u00dft Mexiko ins Goldcup-Finale<\/a>\u00bb<\/li>\n<li>kicker: \u00ab<a href=\"http:\/\/www.kicker.de\/fussball\/intligen\/startseite\/artikel\/367068\/\">Finale USA gegen Mexiko<\/a>\u00bb<\/li>\n<li>FTD: \u00ab<a href=\"http:\/\/www.ftd.de\/sport\/fussball\/auslandsfussball\/news\/216433.html?nv=cd-rss1000\">USA und Mexiko erreichen Finale des Goldcups<\/a>\u00bb<\/li>\n<li>La Jornada: \u00ab<a href=\"http:\/\/www.jornada.unam.mx\/ultimas\/2007\/06\/21\/mexico-disputara-la-final-frente-a-eu-en-copa-oro-vence-1-0-a-guadalupe\">M\u00e9xico vence 1-0 a Guadalupe<\/a>\u00bb<\/li>\n<\/ul>\n","protected":false},"excerpt":{"rendered":"<p>Direktlink YouTube Mexiko steht dank des 1:0 gegen Fussballzwerg Guadeloupe im Finale des Goldcup (Turnier des nord- und mittelamerikanischen Fu\u00dfballverbandes CONCACAF). Der sehenswerte Fernschuss (siehe Video) von Pavel Pardo d\u00fcrfte nicht nur den VfB Stuttgart-Fans gefallen, mit denen der Mexikaner dieses Jahr Deutscher Meister geworden ist. Kurios: Das kleine Fussballland Guadeloupe ist mit seinen 400.000 [&hellip;]<\/p>\n","protected":false},"author":1,"featured_media":0,"comment_status":"open","ping_status":"open","sticky":false,"template":"","format":"standard","meta":{"site-sidebar-layout":"default","site-content-layout":"","ast-site-content-layout":"default","site-content-style":"default","site-sidebar-style":"default","ast-global-header-display":"","ast-banner-title-visibility":"","ast-main-header-display":"","ast-hfb-above-header-display":"","ast-hfb-below-header-display":"","ast-hfb-mobile-header-display":"","site-post-title":"","ast-breadcrumbs-content":"","ast-featured-img":"","footer-sml-layout":"","theme-transparent-header-meta":"","adv-header-id-meta":"","stick-header-meta":"","header-above-stick-meta":"","header-main-stick-meta":"","header-below-stick-meta":"","astra-migrate-meta-layouts":"default","ast-page-background-enabled":"default","ast-page-background-meta":{"desktop":{"background-color":"var(--ast-global-color-4)","background-image":"","background-repeat":"repeat","background-position":"center center","background-size":"auto","background-attachment":"scroll","background-type":"","background-media":"","overlay-type":"","overlay-color":"","overlay-opacity":"","overlay-gradient":""},"tablet":{"background-color":"","background-image":"","background-repeat":"repeat","background-position":"center center","background-size":"auto","background-attachment":"scroll","background-type":"","background-media":"","overlay-type":"","overlay-color":"","overlay-opacity":"","overlay-gradient":""},"mobile":{"background-color":"","background-image":"","background-repeat":"repeat","background-position":"center center","background-size":"auto","background-attachment":"scroll","background-type":"","background-media":"","overlay-type":"","overlay-color":"","overlay-opacity":"","overlay-gradient":""}},"ast-content-background-meta":{"desktop":{"background-color":"var(--ast-global-color-5)","background-image":"","background-repeat":"repeat","background-position":"center center","background-size":"auto","background-attachment":"scroll","background-type":"","background-media":"","overlay-type":"","overlay-color":"","overlay-opacity":"","overlay-gradient":""},"tablet":{"background-color":"var(--ast-global-color-5)","background-image":"","background-repeat":"repeat","background-position":"center center","background-size":"auto","background-attachment":"scroll","background-type":"","background-media":"","overlay-type":"","overlay-color":"","overlay-opacity":"","overlay-gradient":""},"mobile":{"background-color":"var(--ast-global-color-5)","background-image":"","background-repeat":"repeat","background-position":"center center","background-size":"auto","background-attachment":"scroll","background-type":"","background-media":"","overlay-type":"","overlay-color":"","overlay-opacity":"","overlay-gradient":""}},"ngg_post_thumbnail":0,"jetpack_post_was_ever_published":false,"_jetpack_newsletter_access":"","_jetpack_dont_email_post_to_subs":false,"_jetpack_newsletter_tier_id":0,"_jetpack_memberships_contains_paywalled_content":false,"_jetpack_memberships_contains_paid_content":false,"footnotes":""},"categories":[17],"tags":[],"class_list":["post-1650","post","type-post","status-publish","format-standard","hentry","category-fussball"],"jetpack_featured_media_url":"","jetpack_sharing_enabled":true,"jetpack_shortlink":"https:\/\/wp.me\/p4uzZ-qC","jetpack-related-posts":[{"id":863,"url":"https:\/\/textundblog.de\/?p=863","url_meta":{"origin":1650,"position":0},"title":"Mexicano im Online-Stadion","author":"Markus","date":"18\/3\/2006","format":false,"excerpt":"Ich bin ein gro\u00dfer Fan der mexikanischen Fu\u00dfballnationalmannschaft und nachdem ich schon keine Karten f\u00fcr die WM bekommen habe, hab ich wenigstens meinen mexikanischen Fan in diesem Online-Stadion untergebracht. Es sind noch Pl\u00e4tze frei, bitte hier entlang. Wer sich beeilt, kriegt auch noch was im sch\u00f6nen Block J - Tribune\u2026","rel":"","context":"In &quot;Internet&quot;","block_context":{"text":"Internet","link":"https:\/\/textundblog.de\/?cat=4"},"img":{"alt_text":"Block J - Tribune 1","src":"https:\/\/i0.wp.com\/www.textundblog.de\/wp-content\/onlinestadium.gif?resize=350%2C200","width":350,"height":200},"classes":[]},{"id":386,"url":"https:\/\/textundblog.de\/?p=386","url_meta":{"origin":1650,"position":1},"title":"Copa Fifa Confederaciones","author":"Markus","date":"14\/6\/2005","format":false,"excerpt":"Ich bin ein gro\u00dfer Fan der mexikanischen Fu\u00dfballnationalmannschaft und freue mich, sie beim Konfederationscup sehen zu k\u00f6nnen. Premiere \u00fcbertr\u00e4gt zum Gl\u00fcck alle Spiele live! Spanischsprachige Infos gibt's hier: Copa Fifa Confederaciones Alemania. Erstes Spiel: 16. Juni, 18 Uhr, Japan-Mexiko; zweites Spiel: 19. Juni, 20:45 Uhr, Mexiko-Brasilien; drittes Spiel: 22. Juno,\u2026","rel":"","context":"In &quot;Internet&quot;","block_context":{"text":"Internet","link":"https:\/\/textundblog.de\/?cat=4"},"img":{"alt_text":"M\u00e9xico","src":".\/wp-content\/mex.gif","width":350,"height":200},"classes":[]},{"id":1031,"url":"https:\/\/textundblog.de\/?p=1031","url_meta":{"origin":1650,"position":2},"title":"Zur Einstimmung: Deutschland &#8211; Argentinien","author":"Markus","date":"30\/6\/2006","format":false,"excerpt":"YouTube-Link auf das Video. Es gilt heute f\u00fcr die deutsche Mannschaft nicht nur weiter guten Fu\u00dfball zu spielen. Nein, es gilt auch meine Mexikaner zu r\u00e4chen ;-).","rel":"","context":"In &quot;Fu\u00dfball&quot;","block_context":{"text":"Fu\u00dfball","link":"https:\/\/textundblog.de\/?cat=17"},"img":{"alt_text":"","src":"","width":0,"height":0},"classes":[]},{"id":6022,"url":"https:\/\/textundblog.de\/?p=6022","url_meta":{"origin":1650,"position":3},"title":"SR-Doku \u00fcber die Saarl\u00e4ndische Nationalmannschaft","author":"Markus","date":"1\/6\/2014","format":false,"excerpt":"Wenn man vom Saarland und vom gro\u00dfen Fu\u00dfball redet, muss man schon lange in die Vergangenheit zur\u00fcckgehen. Manche wissen gar nicht, dass das Saarland \u2013 vor seinem Beitritt zur BRD \u2013 mal eine eigene Nationalmannschaft hatte und damals sogar in einer Qualifikationsgruppe mit Deutschland um die Teilnahme an der WM\u2026","rel":"","context":"In &quot;Fu\u00dfball&quot;","block_context":{"text":"Fu\u00dfball","link":"https:\/\/textundblog.de\/?cat=17"},"img":{"alt_text":"SR-Doku \u00fcber die Saarl\u00e4ndische Nationalmannschaft","src":"https:\/\/i0.wp.com\/textundblog.de\/wp-content\/saarlandfifa1.jpg?resize=350%2C200&ssl=1","width":350,"height":200},"classes":[]},{"id":4192,"url":"https:\/\/textundblog.de\/?p=4192","url_meta":{"origin":1650,"position":4},"title":"Giovanni Dos Santos mit Traumtor beim Copa Oro-Sieg Mexikos","author":"Markus","date":"26\/6\/2011","format":false,"excerpt":"Direktlink YouTube Mexiko hat heute Nacht das Finale des CONCACAF Gold Cup gewonnen und ist damit zum 6. Mal beste Mannschaft Mittel- und Nordamerikas geworden. Gegen den Erzrivalen USA. Auf deren Terrain \u2013 im Rose Bowl Stadium in Los Angeles County \u2013 vor \u00fcber 93.000 Zuschauern gr\u00f6\u00dftenteils mexikanischen Ursprungs, hehe.\u2026","rel":"","context":"In &quot;Fu\u00dfball&quot;","block_context":{"text":"Fu\u00dfball","link":"https:\/\/textundblog.de\/?cat=17"},"img":{"alt_text":"","src":"","width":0,"height":0},"classes":[]},{"id":1035,"url":"https:\/\/textundblog.de\/?p=1035","url_meta":{"origin":1650,"position":5},"title":"Pardo und Osorio zum VfB Stuttgart","author":"Markus","date":"1\/7\/2006","format":false,"excerpt":"Was f\u00fcr einen sch\u00f6ne Nachricht am Rande der WM: \u00abVfB Stuttgart holt zwei Mexikaner\u00bb. Die Mexikaner Pavel Pardo und Ricardo Osorio spielen k\u00fcnftig am Neckar, teilte ein VfB-Sprecher am Samstag mit. Der 29- j\u00e4hrige Pardo erh\u00e4lt einen Vertrag bis 2009. Der 149-malige Nationalspieler von Amerika Mexico City spielt im defensiven\u2026","rel":"","context":"In &quot;Fu\u00dfball&quot;","block_context":{"text":"Fu\u00dfball","link":"https:\/\/textundblog.de\/?cat=17"},"img":{"alt_text":"Pavel Pardo","src":"https:\/\/i0.wp.com\/www.textundblog.de\/wp-content\/pavelpardo.jpg?resize=350%2C200","width":350,"height":200},"classes":[]}],"_links":{"self":[{"href":"https:\/\/textundblog.de\/index.php?rest_route=\/wp\/v2\/posts\/1650","targetHints":{"allow":["GET"]}}],"collection":[{"href":"https:\/\/textundblog.de\/index.php?rest_route=\/wp\/v2\/posts"}],"about":[{"href":"https:\/\/textundblog.de\/index.php?rest_route=\/wp\/v2\/types\/post"}],"author":[{"embeddable":true,"href":"https:\/\/textundblog.de\/index.php?rest_route=\/wp\/v2\/users\/1"}],"replies":[{"embeddable":true,"href":"https:\/\/textundblog.de\/index.php?rest_route=%2Fwp%2Fv2%2Fcomments&post=1650"}],"version-history":[{"count":0,"href":"https:\/\/textundblog.de\/index.php?rest_route=\/wp\/v2\/posts\/1650\/revisions"}],"wp:attachment":[{"href":"https:\/\/textundblog.de\/index.php?rest_route=%2Fwp%2Fv2%2Fmedia&parent=1650"}],"wp:term":[{"taxonomy":"category","embeddable":true,"href":"https:\/\/textundblog.de\/index.php?rest_route=%2Fwp%2Fv2%2Fcategories&post=1650"},{"taxonomy":"post_tag","embeddable":true,"href":"https:\/\/textundblog.de\/index.php?rest_route=%2Fwp%2Fv2%2Ftags&post=1650"}],"curies":[{"name":"wp","href":"https:\/\/api.w.org\/{rel}","templated":true}]}}