{"id":1635,"date":"2007-06-11T11:32:32","date_gmt":"2007-06-11T09:32:32","guid":{"rendered":"http:\/\/textundblog.de\/?p=1635"},"modified":"2007-06-11T14:06:19","modified_gmt":"2007-06-11T12:06:19","slug":"neue-saarlandische-blogfeedsammlung-saarland-opml","status":"publish","type":"post","link":"https:\/\/textundblog.de\/?p=1635","title":{"rendered":"Neue saarl\u00e4ndische Blogfeedsammlung: Saarland OPML"},"content":{"rendered":"<p><a href=\"http:\/\/www.saarebbes.de\/index.php?\/pages\/saarland-opml.html\"><img data-recalc-dims=\"1\" loading=\"lazy\" decoding=\"async\" src=\"https:\/\/i0.wp.com\/textundblog.de\/wp-content\/saarebbes.jpg?resize=266%2C109&#038;ssl=1\" width=\"266\" height=\"109\" alt=\"Saar Ebbes!\" title=\"Saar Ebbes!\" class=\"bildrechts\"\/><\/a> Ein Saarl\u00e4nder bleibt ja immer &#8211; egal wo er lebt &#8211; ein Saarl\u00e4nder. Obwohl in Hamburg lebend und bloggend, begreife ich mich auch als Saar-Blogger im Exil und verfolge die Geschicke meines Heimatlandes (vor allem, was den <a href=\"https:\/\/textundblog.de\/?cat=17\">Fu\u00dfball<\/a> angelangt &#8211; seufz!) immer auch vom Hohen Norden aus. Somit war ich auch im Gruppenfeed <a href=\"http:\/\/saarblogger.de\">Saarblogger<\/a> aufgef\u00fchrt, der aber leider nicht mehr aktualisiert wird, aber wohl irgendwann einmal zu <a href=\"http:\/\/saarblogger.sciurus.net\/web20.html\">Saarblogger 2.0<\/a> werden soll.<\/p>\n<p>Thomas Reiter hat nun dankenswerterweise auf Saar-Ebbes die Nachfolge dieser \u00dcbersicht von saarl\u00e4ndischen Blogs angetreten und so kann ich nur alle dort noch nicht aufgef\u00fchrten Saar-Blogs ermuntern, sich f\u00fcr die <a href=\"http:\/\/www.saarebbes.de\/index.php?\/pages\/saarland-opml.html\">Saarland-OPML<\/a> anzumelden. Ich habe dies vor einigen Tagen auch getan und wurde in die Saarland-OPML <a href=\"http:\/\/www.saarebbes.de\/index.php?\/archives\/27-Fuenfte-Erweiterung-der-Saarland-OPML.html\">aufgenommen<\/a>. Herzlichen Dank an Thomas Reiter.<\/p>\n<p>F\u00fcr alle Nicht-Saarl\u00e4nder: Saar-Ebbes erschlie\u00dft sich aus der Verbindung des Begriffes <em>Saar<\/em> und der Aufforderung <em>Sag etwas!<\/em> (im Saarl\u00e4ndischen: <em>Sah ebbes<\/em>). <\/p>\n<p>Ich verweise auf den Saar-Feed in meiner Meta-\u00dcbersicht in der rechten Spalte ganz unten hier im Blog mit diesem kleinen Button: <img loading=\"lazy\" decoding=\"async\" src=\"\/wp-images\/saarland-opml.gif\" width=\"80\" height=\"15\" alt=\"Saarland OPML\" title=\"Saarland OPML\"\/>.<br \/>\nEinige der dortigen Buttons habe ich heute aufgrund des praktischen Hinweises von <a href=\"http:\/\/www.perun.net\/2007\/06\/11\/viele-schoene-blog-micro-buttons\/\">perun<\/a> auf die gelungenen Arbeiten von <a href=\"http:\/\/kosmar.de\/archives\/2007\/06\/07\/blog-micro-buttons-80px15px\/\">kosmar<\/a> etwas aktualisiert.<\/p>\n","protected":false},"excerpt":{"rendered":"<p>Ein Saarl\u00e4nder bleibt ja immer &#8211; egal wo er lebt &#8211; ein Saarl\u00e4nder. Obwohl in Hamburg lebend und bloggend, begreife ich mich auch als Saar-Blogger im Exil und verfolge die Geschicke meines Heimatlandes (vor allem, was den Fu\u00dfball angelangt &#8211; seufz!) immer auch vom Hohen Norden aus. Somit war ich auch im Gruppenfeed Saarblogger aufgef\u00fchrt, [&hellip;]<\/p>\n","protected":false},"author":1,"featured_media":0,"comment_status":"open","ping_status":"open","sticky":false,"template":"","format":"standard","meta":{"site-sidebar-layout":"default","site-content-layout":"","ast-site-content-layout":"default","site-content-style":"default","site-sidebar-style":"default","ast-global-header-display":"","ast-banner-title-visibility":"","ast-main-header-display":"","ast-hfb-above-header-display":"","ast-hfb-below-header-display":"","ast-hfb-mobile-header-display":"","site-post-title":"","ast-breadcrumbs-content":"","ast-featured-img":"","footer-sml-layout":"","theme-transparent-header-meta":"","adv-header-id-meta":"","stick-header-meta":"","header-above-stick-meta":"","header-main-stick-meta":"","header-below-stick-meta":"","astra-migrate-meta-layouts":"default","ast-page-background-enabled":"default","ast-page-background-meta":{"desktop":{"background-color":"var(--ast-global-color-4)","background-image":"","background-repeat":"repeat","background-position":"center center","background-size":"auto","background-attachment":"scroll","background-type":"","background-media":"","overlay-type":"","overlay-color":"","overlay-opacity":"","overlay-gradient":""},"tablet":{"background-color":"","background-image":"","background-repeat":"repeat","background-position":"center center","background-size":"auto","background-attachment":"scroll","background-type":"","background-media":"","overlay-type":"","overlay-color":"","overlay-opacity":"","overlay-gradient":""},"mobile":{"background-color":"","background-image":"","background-repeat":"repeat","background-position":"center center","background-size":"auto","background-attachment":"scroll","background-type":"","background-media":"","overlay-type":"","overlay-color":"","overlay-opacity":"","overlay-gradient":""}},"ast-content-background-meta":{"desktop":{"background-color":"var(--ast-global-color-5)","background-image":"","background-repeat":"repeat","background-position":"center center","background-size":"auto","background-attachment":"scroll","background-type":"","background-media":"","overlay-type":"","overlay-color":"","overlay-opacity":"","overlay-gradient":""},"tablet":{"background-color":"var(--ast-global-color-5)","background-image":"","background-repeat":"repeat","background-position":"center center","background-size":"auto","background-attachment":"scroll","background-type":"","background-media":"","overlay-type":"","overlay-color":"","overlay-opacity":"","overlay-gradient":""},"mobile":{"background-color":"var(--ast-global-color-5)","background-image":"","background-repeat":"repeat","background-position":"center center","background-size":"auto","background-attachment":"scroll","background-type":"","background-media":"","overlay-type":"","overlay-color":"","overlay-opacity":"","overlay-gradient":""}},"ngg_post_thumbnail":0,"jetpack_post_was_ever_published":false,"_jetpack_newsletter_access":"","_jetpack_dont_email_post_to_subs":false,"_jetpack_newsletter_tier_id":0,"_jetpack_memberships_contains_paywalled_content":false,"_jetpack_memberships_contains_paid_content":false,"footnotes":""},"categories":[4,12],"tags":[],"class_list":["post-1635","post","type-post","status-publish","format-standard","hentry","category-internet","category-saarland"],"jetpack_featured_media_url":"","jetpack_sharing_enabled":true,"jetpack_shortlink":"https:\/\/wp.me\/p4uzZ-qn","jetpack-related-posts":[{"id":3108,"url":"https:\/\/textundblog.de\/?p=3108","url_meta":{"origin":1635,"position":0},"title":"Moin, moin Saar-Spektakel!","author":"Markus","date":"7\/8\/2009","format":false,"excerpt":"Als ich Anfang Mai mit meiner Schwester, meinem Bruder und meiner Schw\u00e4gerin gleich dreifach prominenten Besuch aus dem Saarland hatte, sind wir im Rummel des Hamburger Hafengeburtstages (wo ich sicher so schnell nicht nochmal hingehen werde) am saarl\u00e4ndischen Infostand an den Landungsbr\u00fccken auf dieses pfiffige Werbeangebot des Saarland-Touristik-Verbandes gesto\u00dfen: \u00abWochenendtrip\u2026","rel":"","context":"In &quot;Foto&quot;","block_context":{"text":"Foto","link":"https:\/\/textundblog.de\/?cat=10"},"img":{"alt_text":"Moin, moin Saarbr\u00fccken!","src":"https:\/\/i0.wp.com\/textundblog.de\/wp-content\/moinmoinsaarspektakel.jpg?resize=350%2C200&ssl=1","width":350,"height":200},"classes":[]},{"id":1361,"url":"https:\/\/textundblog.de\/?p=1361","url_meta":{"origin":1635,"position":1},"title":"50 Jahre Saarland 1957-2007","author":"Markus","date":"1\/1\/2007","format":false,"excerpt":"Landschaft im Nord-Saarland - Foto: Flickr Das Saarland ist nat\u00fcrlich viel \u00e4lter als 50 Jahre, aber es geh\u00f6rt seit heute genau 50 Jahren zur Bundesrepublik Deutschland. So wie vor 50 Jahren Konrad Adenauer mit dem Zug ins Saarland einfuhr, kommt heute Angela Merkel mit dem ICE ins j\u00fcngste alte Bundesland\u2026","rel":"","context":"In &quot;Artikel&quot;","block_context":{"text":"Artikel","link":"https:\/\/textundblog.de\/?cat=5"},"img":{"alt_text":"Saarland(schaft)","src":"https:\/\/i0.wp.com\/textundblog.de\/wp-content\/saarlandschaft.jpg?resize=350%2C200&ssl=1","width":350,"height":200},"classes":[]},{"id":1652,"url":"https:\/\/textundblog.de\/?p=1652","url_meta":{"origin":1635,"position":2},"title":"Text &amp; Blog ist auch ein saarl\u00e4ndisches Blog","author":"Markus","date":"23\/6\/2007","format":false,"excerpt":"Warum \u00abText & Blog\u00bb auch ein saarl\u00e4ndisches Blog ist, obwohl ich in Hamburg lebe und arbeite? (Und mich - ganz nebenbei gesagt - hier sehr, sehr wohl f\u00fchle!) Das ist schnell erkl\u00e4rt: erstens bin ich Saarl\u00e4nder (so was legt man auch nach einem Umzug nicht ab - ich nenne mich\u2026","rel":"","context":"In &quot;Saarland&quot;","block_context":{"text":"Saarland","link":"https:\/\/textundblog.de\/?cat=12"},"img":{"alt_text":"Saarschleife","src":"https:\/\/i0.wp.com\/textundblog.de\/wp-content\/saarschleife.jpg?resize=350%2C200&ssl=1","width":350,"height":200},"classes":[]},{"id":158,"url":"https:\/\/textundblog.de\/?p=158","url_meta":{"origin":1635,"position":3},"title":"Saarland &#8211; Au(f\/s)steigerland","author":"Markus","date":"13\/1\/2005","format":false,"excerpt":"Saarland - ein Land mit wechselvoller Geschichte Das Saarland hei\u00dft \"Saar-land\" schon seit 1935. Dennoch hat sich das \"Saargebiet\", so hie\u00df es laut Versailler Vertrag von 1920, im Sprachgebrauch der \u00c4lteren und vieler Nicht-Saarl\u00e4nder gehalten. Sprachliches Relikt einer wechselvollen Geschichte. Besonders in den letzten 200 Jahren, in denen das Land\u2026","rel":"","context":"In &quot;Politik&quot;","block_context":{"text":"Politik","link":"https:\/\/textundblog.de\/?cat=9"},"img":{"alt_text":"Saarheimkehrer","src":".\/wp-content\/saar13011935.jpg","width":350,"height":200},"classes":[]},{"id":1728,"url":"https:\/\/textundblog.de\/?p=1728","url_meta":{"origin":1635,"position":4},"title":"50 Joor Saarland","author":"Markus","date":"30\/7\/2007","format":false,"excerpt":"Wie ihr alle wisst, ist das bis vor der Wende j\u00fcngste westliche Bundesland, meine Heimat das Saarland, in diesem Jahr 50 Jahre alt geworden. Stefan Abendsch\u00f6n von der Hochschule der Bildenden K\u00fcnste Saar hat zu diesem Jubil\u00e4um ein feines Filmchen kreiert, dass uns zeigt, was ein Saarl\u00e4nder ist und dass\u2026","rel":"","context":"In &quot;Saarland&quot;","block_context":{"text":"Saarland","link":"https:\/\/textundblog.de\/?cat=12"},"img":{"alt_text":"50 Joor Saarland - Scheen dass de do bischd","src":"https:\/\/i0.wp.com\/textundblog.de\/wp-content\/50joorsaarland1.jpg?resize=350%2C200&ssl=1","width":350,"height":200},"classes":[]},{"id":1787,"url":"https:\/\/textundblog.de\/?p=1787","url_meta":{"origin":1635,"position":5},"title":"Anarchie im Saarland","author":"Markus","date":"29\/8\/2007","format":false,"excerpt":"Diese besonders skurrile Interview-Situation ist wirklich zum Wegschreien. Ich hatte einen Hinweis darauf vor ein paar Tagen schon als Mail-Tipp bekommen, doch leider das Video nicht auf YouTube gefunden (sondern nur bei phoenix) und deshalb auch nicht gebloggt. Doch Andreas hat nun per Mail einen Hinweis auf die YouTube-Version bekommen,\u2026","rel":"","context":"In &quot;Politik&quot;","block_context":{"text":"Politik","link":"https:\/\/textundblog.de\/?cat=9"},"img":{"alt_text":"","src":"","width":0,"height":0},"classes":[]}],"_links":{"self":[{"href":"https:\/\/textundblog.de\/index.php?rest_route=\/wp\/v2\/posts\/1635","targetHints":{"allow":["GET"]}}],"collection":[{"href":"https:\/\/textundblog.de\/index.php?rest_route=\/wp\/v2\/posts"}],"about":[{"href":"https:\/\/textundblog.de\/index.php?rest_route=\/wp\/v2\/types\/post"}],"author":[{"embeddable":true,"href":"https:\/\/textundblog.de\/index.php?rest_route=\/wp\/v2\/users\/1"}],"replies":[{"embeddable":true,"href":"https:\/\/textundblog.de\/index.php?rest_route=%2Fwp%2Fv2%2Fcomments&post=1635"}],"version-history":[{"count":0,"href":"https:\/\/textundblog.de\/index.php?rest_route=\/wp\/v2\/posts\/1635\/revisions"}],"wp:attachment":[{"href":"https:\/\/textundblog.de\/index.php?rest_route=%2Fwp%2Fv2%2Fmedia&parent=1635"}],"wp:term":[{"taxonomy":"category","embeddable":true,"href":"https:\/\/textundblog.de\/index.php?rest_route=%2Fwp%2Fv2%2Fcategories&post=1635"},{"taxonomy":"post_tag","embeddable":true,"href":"https:\/\/textundblog.de\/index.php?rest_route=%2Fwp%2Fv2%2Ftags&post=1635"}],"curies":[{"name":"wp","href":"https:\/\/api.w.org\/{rel}","templated":true}]}}