{"id":1535,"date":"2007-04-02T14:50:20","date_gmt":"2007-04-02T12:50:20","guid":{"rendered":"http:\/\/textundblog.de\/?p=1535"},"modified":"2007-05-07T11:29:33","modified_gmt":"2007-05-07T09:29:33","slug":"fragebogen-zum-it-gipfelblog","status":"publish","type":"post","link":"https:\/\/textundblog.de\/?p=1535","title":{"rendered":"Fragebogen zum IT-Gipfelblog"},"content":{"rendered":"<p>Im Dezember letzten Jahres fand in Potsdam am <a href=\"http:\/\/hpi.uni-potsdam.de\/index.htm\">Hasso-Plattner-Institut<\/a> (HPI) der 1. deutsche IT-Gipfel statt. Auf <a href=\"http:\/\/netzpolitik.org\/2006\/wachsende-kritik-am-nationalen-it-gipfel-der-bundesregierung\/\">netzpolitik.org<\/a> wurde zurecht kritisiert, dass die Zivilgesellschaft nicht in die Vorbereitung dieses Treffens mit einbezogen wurde. Nun soll bald ein Gipfelblog eingerichtet werden, das eine breitere Diskussion \u00fcber IT-Dienste in Deutschland erm\u00f6glicht. Die Konzeption des Blogs soll mittels eines <a href=\"http:\/\/blog-umfrage.hpi-web.de\/\">Fragebogens<\/a> vorbereitet werden.<\/p>\n<p>Die Reaktion auf die Kritik und die Einrichtung des Fragebogens werden mit folgenden Worten auf den Seiten des <acronym title=\"Hasso-Plattner-Institut\">HPI<\/acronym> beschrieben:<\/p>\n<blockquote><p>In der Nachbearbeitung des IT-Gipfels zeigte sich jedoch, dass die beschlossenen Ma\u00dfnahmenpakete, die Handlungsempfehlungen, sowie die Diskussionspunkte der Arbeitsgruppen nicht der interessierten breiten \u00d6ffentlichkeit zur Diskussion zug\u00e4nglich gemacht wurden. Eine \u00f6ffentliche Debatte \u00fcber die Gipfel-Inhalte war demnach nicht m\u00f6glich. Daher wurde die M\u00f6glichkeit er\u00f6rtert, die inhaltlichen Resultate des IT-Gipfels auf einer Internet-basierten Diskussionsplattform namens &#8222;Gipfel-Blog&#8220; zur Verf\u00fcgung zu stellen, durch die Mehrwerte f\u00fcr die Politik, die Wirtschaft und f\u00fcr die Branche insgesamt herausgefiltert werden sollen.<\/p><\/blockquote>\n<p>Ich finde es lobenswert, wenigstens ein Blog im Anschluss an den IT-Gipfel einzurichten und habe deshalb gerade eben an der Fragebogenaktion teilgenommen. In 10 Minuten ist man durch. Wer sich f\u00fcr das Thema IT-Gipfel der Bundesregierung und Mitsprache bzw. Diskussion per Blog interessiert, der oder dem sei das Ausf\u00fcllen des <a href=\"http:\/\/blog-umfrage.hpi-web.de\/\">Fragebogens<\/a> empfohlen.<br \/>\n<strong>Update 4.04.07<\/strong>: Die Fragebogen-Aktion ist beendet [Achtung, doch nicht, siehe Update II), wie ich gerade im aktualisierten Posting bei <a href=\"http:\/\/moresemantic.blogspot.com\/2007\/03\/online-umfrage-zum-it-gipfel-2006.html\">Harald Sack<\/a> gelesen habe.<\/p>\n<p><strong>Update II &#8211; 13.04.07<\/strong>: <a href=\"http:\/\/brossover.wordpress.com\/2007\/04\/13\/online-umfrage-it-gipfelblog\/\">Brossover<\/a> vermeldet, dass bereits 250 Fragebogen ausgef\u00fcllt wurden, aber dass man gerne noch teilnehmen k\u00f6nne. Wird die Aktion beendet, wird das selbstverst\u00e4ndlich auf der Fragebogenseite angezeigt.<\/p>\n<p><strong>Update III &#8211; 7.05.07<\/strong>: Die Umfrage ist nach 350 ausgef\u00fcllten Fragebogen nun beendet worden. Eine Auswertung soll es &#8211; lt. Justus Bro\u00df &#8211; in ca. 2 Wochen auf der Website geben.<\/p>\n","protected":false},"excerpt":{"rendered":"<p>Im Dezember letzten Jahres fand in Potsdam am Hasso-Plattner-Institut (HPI) der 1. deutsche IT-Gipfel statt. Auf netzpolitik.org wurde zurecht kritisiert, dass die Zivilgesellschaft nicht in die Vorbereitung dieses Treffens mit einbezogen wurde. Nun soll bald ein Gipfelblog eingerichtet werden, das eine breitere Diskussion \u00fcber IT-Dienste in Deutschland erm\u00f6glicht. Die Konzeption des Blogs soll mittels eines [&hellip;]<\/p>\n","protected":false},"author":1,"featured_media":0,"comment_status":"open","ping_status":"open","sticky":false,"template":"","format":"standard","meta":{"site-sidebar-layout":"default","site-content-layout":"","ast-site-content-layout":"default","site-content-style":"default","site-sidebar-style":"default","ast-global-header-display":"","ast-banner-title-visibility":"","ast-main-header-display":"","ast-hfb-above-header-display":"","ast-hfb-below-header-display":"","ast-hfb-mobile-header-display":"","site-post-title":"","ast-breadcrumbs-content":"","ast-featured-img":"","footer-sml-layout":"","theme-transparent-header-meta":"","adv-header-id-meta":"","stick-header-meta":"","header-above-stick-meta":"","header-main-stick-meta":"","header-below-stick-meta":"","astra-migrate-meta-layouts":"default","ast-page-background-enabled":"default","ast-page-background-meta":{"desktop":{"background-color":"var(--ast-global-color-4)","background-image":"","background-repeat":"repeat","background-position":"center center","background-size":"auto","background-attachment":"scroll","background-type":"","background-media":"","overlay-type":"","overlay-color":"","overlay-opacity":"","overlay-gradient":""},"tablet":{"background-color":"","background-image":"","background-repeat":"repeat","background-position":"center center","background-size":"auto","background-attachment":"scroll","background-type":"","background-media":"","overlay-type":"","overlay-color":"","overlay-opacity":"","overlay-gradient":""},"mobile":{"background-color":"","background-image":"","background-repeat":"repeat","background-position":"center center","background-size":"auto","background-attachment":"scroll","background-type":"","background-media":"","overlay-type":"","overlay-color":"","overlay-opacity":"","overlay-gradient":""}},"ast-content-background-meta":{"desktop":{"background-color":"var(--ast-global-color-5)","background-image":"","background-repeat":"repeat","background-position":"center center","background-size":"auto","background-attachment":"scroll","background-type":"","background-media":"","overlay-type":"","overlay-color":"","overlay-opacity":"","overlay-gradient":""},"tablet":{"background-color":"var(--ast-global-color-5)","background-image":"","background-repeat":"repeat","background-position":"center center","background-size":"auto","background-attachment":"scroll","background-type":"","background-media":"","overlay-type":"","overlay-color":"","overlay-opacity":"","overlay-gradient":""},"mobile":{"background-color":"var(--ast-global-color-5)","background-image":"","background-repeat":"repeat","background-position":"center center","background-size":"auto","background-attachment":"scroll","background-type":"","background-media":"","overlay-type":"","overlay-color":"","overlay-opacity":"","overlay-gradient":""}},"ngg_post_thumbnail":0,"jetpack_post_was_ever_published":false,"_jetpack_newsletter_access":"","_jetpack_dont_email_post_to_subs":false,"_jetpack_newsletter_tier_id":0,"_jetpack_memberships_contains_paywalled_content":false,"_jetpack_memberships_contains_paid_content":false,"footnotes":""},"categories":[4,9],"tags":[],"class_list":["post-1535","post","type-post","status-publish","format-standard","hentry","category-internet","category-politik"],"jetpack_featured_media_url":"","jetpack_sharing_enabled":true,"jetpack_shortlink":"https:\/\/wp.me\/p4uzZ-oL","jetpack-related-posts":[{"id":1582,"url":"https:\/\/textundblog.de\/?p=1582","url_meta":{"origin":1535,"position":0},"title":"Blogfragebogen: Haste mal 5 Minuten?","author":"Markus","date":"3\/5\/2007","format":false,"excerpt":"W\u00e4hrend es in der Fu\u00dfg\u00e4ngerzone schon mal hei\u00dfen kann \"Haste mal 'n Euro?\", trifft man im Netz gerne auf die Frage \"Haste mal 5 Minuten?\". Wenn ihr sie habt, und dazu noch ein Blog euer eigen nennt, dann schenkt doch diese Zeit dem Studenten der Kommunikationswissenschaften Andreas Laux aus M\u00fcnchen.\u2026","rel":"","context":"In &quot;Internet&quot;","block_context":{"text":"Internet","link":"https:\/\/textundblog.de\/?cat=4"},"img":{"alt_text":"","src":"","width":0,"height":0},"classes":[]},{"id":5808,"url":"https:\/\/textundblog.de\/?p=5808","url_meta":{"origin":1535,"position":1},"title":"Gesucht: Social-Media-Ansprechpartner wissenschaftlicher Bibliotheken","author":"Markus","date":"31\/1\/2014","format":false,"excerpt":"Update 17. M\u00e4rz 2014: Ich bedanke mich herzlich bei den 20 R\u00fccksenderinnen und R\u00fccksendern des Fragebogens. Die Beantwortung der kurzen Fragen aus dem Kreis der Kolleginnen und Kollegen anderer wissenschaftlicher Bibliotheken aus dem deutschsprachigen Raum hilft mir sehr bei der Ausarbeitung meiner Masterarbeit. (Ende Update) Ein Aufruf in eigener Sache:\u2026","rel":"","context":"In &quot;Literatur&quot;","block_context":{"text":"Literatur","link":"https:\/\/textundblog.de\/?cat=11"},"img":{"alt_text":"","src":"https:\/\/i0.wp.com\/textundblog.de\/wp-content\/veraenderungsmanagement.jpg?resize=350%2C200&ssl=1","width":350,"height":200},"classes":[]},{"id":418,"url":"https:\/\/textundblog.de\/?p=418","url_meta":{"origin":1535,"position":2},"title":"Stoppt Merkel","author":"Markus","date":"26\/6\/2005","format":false,"excerpt":"Wahrscheinlich ist es schon zu sp\u00e4t... aber immerhin sind alle gewarnt worden. Mit einem Schaudern habe ich dann heute noch diese Nachricht auf SPON vernommen. Das obige Bild ist zugegeben etwas unfair, da Angie doch sehr diabolisch r\u00fcberkommt. Zum Ausgleich verlinke ich hier noch die Fotos auf ihrer Webseite. Wer\u2026","rel":"","context":"In &quot;Politik&quot;","block_context":{"text":"Politik","link":"https:\/\/textundblog.de\/?cat=9"},"img":{"alt_text":"Stoppt Merkel","src":".\/wp-content\/stopptmerkel.jpg","width":350,"height":200},"classes":[]},{"id":6011,"url":"https:\/\/textundblog.de\/?p=6011","url_meta":{"origin":1535,"position":3},"title":"Masterarbeit fertig \u2013 Alles wird gut. Danke.","author":"Markus","date":"22\/5\/2014","format":false,"excerpt":"Wie ich heute morgen schon schrieb: es ist noch kein Master vom Himmel gefallen. Jeder, der neben dem Beruf nochmal ein Studium aufnimmt, wei\u00df, dass so etwas parallel zum Job zu Ende zu bringen, einen hohen Grad an Disziplin erfordert. Da ich von Natur aus eher undiszipliniert bin, ist es\u2026","rel":"","context":"In &quot;Literatur&quot;","block_context":{"text":"Literatur","link":"https:\/\/textundblog.de\/?cat=11"},"img":{"alt_text":"","src":"https:\/\/i0.wp.com\/textundblog.de\/wp-content\/masterarbeit.jpg?resize=350%2C200&ssl=1","width":350,"height":200},"classes":[]},{"id":1632,"url":"https:\/\/textundblog.de\/?p=1632","url_meta":{"origin":1535,"position":4},"title":"George unp\u00e4sslich auf dem Gipfel","author":"Markus","date":"8\/6\/2007","format":false,"excerpt":"Foto: Ausschnitt aus einem Reuters-Foto, ver\u00f6ffentlicht bei DIE WELT. George Dabbelju ist heute unp\u00e4sslich. Mir ist ja gestern schon schlecht geworden, bei den besch\u00e4menden Nichtergebnissen dieses Pseudo-Gipfels.","rel":"","context":"In &quot;Foto&quot;","block_context":{"text":"Foto","link":"https:\/\/textundblog.de\/?cat=10"},"img":{"alt_text":"George hat wieder ins Glas geschaut...","src":"https:\/\/i0.wp.com\/textundblog.de\/wp-content\/bushbier.jpg?resize=350%2C200&ssl=1","width":350,"height":200},"classes":[]},{"id":2947,"url":"https:\/\/textundblog.de\/?p=2947","url_meta":{"origin":1535,"position":5},"title":"Gisbert zu Knyphausen: Interview &amp; Konzert auf DLF","author":"Markus","date":"4\/5\/2009","format":false,"excerpt":"Gisbert zu Knyphausen in einem netten Interview im Deutschlandfunk auf die Frage, ob er sich als Liedermacher bezeichne: Ich w\u00fcrde mich als Liedermacher, Songwriter und Popmusiker beschreiben. Der DLF startet mit der Sendung Gisbert zu Knyphausen eine Serie zur Vorstellung sogenannter neuer Liedermacher. Zu h\u00f6ren ist ein 53-min\u00fctiger Konzertmitschnitt von\u2026","rel":"","context":"In &quot;Musik&quot;","block_context":{"text":"Musik","link":"https:\/\/textundblog.de\/?cat=7"},"img":{"alt_text":"Gisbert zu Knyphausen: Interview auf DLF","src":"https:\/\/i0.wp.com\/textundblog.de\/wp-content\/gzk-dlf-interview.jpg?resize=350%2C200&ssl=1","width":350,"height":200},"classes":[]}],"_links":{"self":[{"href":"https:\/\/textundblog.de\/index.php?rest_route=\/wp\/v2\/posts\/1535","targetHints":{"allow":["GET"]}}],"collection":[{"href":"https:\/\/textundblog.de\/index.php?rest_route=\/wp\/v2\/posts"}],"about":[{"href":"https:\/\/textundblog.de\/index.php?rest_route=\/wp\/v2\/types\/post"}],"author":[{"embeddable":true,"href":"https:\/\/textundblog.de\/index.php?rest_route=\/wp\/v2\/users\/1"}],"replies":[{"embeddable":true,"href":"https:\/\/textundblog.de\/index.php?rest_route=%2Fwp%2Fv2%2Fcomments&post=1535"}],"version-history":[{"count":0,"href":"https:\/\/textundblog.de\/index.php?rest_route=\/wp\/v2\/posts\/1535\/revisions"}],"wp:attachment":[{"href":"https:\/\/textundblog.de\/index.php?rest_route=%2Fwp%2Fv2%2Fmedia&parent=1535"}],"wp:term":[{"taxonomy":"category","embeddable":true,"href":"https:\/\/textundblog.de\/index.php?rest_route=%2Fwp%2Fv2%2Fcategories&post=1535"},{"taxonomy":"post_tag","embeddable":true,"href":"https:\/\/textundblog.de\/index.php?rest_route=%2Fwp%2Fv2%2Ftags&post=1535"}],"curies":[{"name":"wp","href":"https:\/\/api.w.org\/{rel}","templated":true}]}}