{"id":1517,"date":"2007-03-24T21:14:26","date_gmt":"2007-03-24T20:14:26","guid":{"rendered":"http:\/\/textundblog.de\/?p=1517"},"modified":"2007-03-24T21:35:18","modified_gmt":"2007-03-24T20:35:18","slug":"6-jahre-programmiererfahrung-eines-16-jahrigen","status":"publish","type":"post","link":"https:\/\/textundblog.de\/?p=1517","title":{"rendered":"6 Jahre Programmiererfahrung eines 16-J\u00e4hrigen"},"content":{"rendered":"<p>Alle Webprogrammierer, die sich mit den Unzul\u00e4nglichkeiten des Internet Explorers herum schlagen m\u00fcssen, werden sich \u00fcber diesen Satz nicht wundern, der ausdr\u00fcckt, wie \u00e4rgerlich die Fehlerhaftigkeit und die Missachtung von Webstandards beim Internet Explorer sind:<\/p>\n<blockquote><p>For the last couple of years, we developers have been struggling with IE incompatibilities while creating and testing our sites.<\/p><\/blockquote>\n<p>Zieht man jedoch in Betracht, dass diese Aussage von einem erst k\u00fcrzlich 16 Jahre alt gewordenen Programmierer getroffen wird, kommt man aus dem Staunen nicht mehr so recht heraus. Der Satz stammt von Guillermo Rauch, einem hochtalentierten 16-j\u00e4hrigen Argentinier, der in seinem englischsprachigen Blog <a href=\"http:\/\/devthought.com\">Devthought<\/a> Einblick in seine Arbeit als Webworker gibt, der er <a href=\"http:\/\/devthought.com\/about\">nach eigener Aussage<\/a> seit 6 (!!!) Jahren nachgeht:<\/p>\n<blockquote><p>For the past 6 years I\u2019ve been comitted to creating (hopefully) modern and usable websites.<\/p><\/blockquote>\n<p>Ganz nebenbei stellt Guillermo auf Devthought eine wunderbare Navigation namens \u00ab<a href=\"http:\/\/devthought.com\/cssjavascript-true-power-fancy-menu\/\">Fancy menu<\/a>\u00bb vor, die unter Einsatz des Frameworks <a href=\"http:\/\/www.mootools.net\/\">Mootools<\/a> (siehe <a href=\"http:\/\/docs.mootools.net\/files\/Core\/Moo-js.html\">Dokumentation<\/a>) mit CSS und Javascript ein originelles Men\u00fc kreiert, und der zudem in seinen <a href=\"http:\/\/devthought.com\/cssjavascript-true-power-fancy-menu\/#comment-73\">Kommentaren<\/a> ank\u00fcndigt, f\u00fcr selbiges Verfahrenen eine textbasierte Version in seinem Blog zur Verf\u00fcgung zu stellen.<\/p>\n<p>Und dass auch der neueste Browser aus dem Hause Microsoft, der IE7, entgegen aller Ank\u00fcndigungen und Verhei\u00dfungen immer noch etliche Webstandards <em>nicht<\/em> erf\u00fcllt, fasst Guillermo in seinem Posting, aus dem auch der oben zitierte Satz stammt, zusammen: \u00ab<a href=\"http:\/\/devthought.com\/ie7-still-creating-problems-for-developers\/\">IE7 still creating problems for developers?<\/a>\u00bb.<\/p>\n<p>Respekt, Alter \ud83d\ude09 !<\/p>\n","protected":false},"excerpt":{"rendered":"<p>Alle Webprogrammierer, die sich mit den Unzul\u00e4nglichkeiten des Internet Explorers herum schlagen m\u00fcssen, werden sich \u00fcber diesen Satz nicht wundern, der ausdr\u00fcckt, wie \u00e4rgerlich die Fehlerhaftigkeit und die Missachtung von Webstandards beim Internet Explorer sind: For the last couple of years, we developers have been struggling with IE incompatibilities while creating and testing our sites. [&hellip;]<\/p>\n","protected":false},"author":1,"featured_media":0,"comment_status":"open","ping_status":"open","sticky":false,"template":"","format":"standard","meta":{"site-sidebar-layout":"default","site-content-layout":"","ast-site-content-layout":"default","site-content-style":"default","site-sidebar-style":"default","ast-global-header-display":"","ast-banner-title-visibility":"","ast-main-header-display":"","ast-hfb-above-header-display":"","ast-hfb-below-header-display":"","ast-hfb-mobile-header-display":"","site-post-title":"","ast-breadcrumbs-content":"","ast-featured-img":"","footer-sml-layout":"","theme-transparent-header-meta":"","adv-header-id-meta":"","stick-header-meta":"","header-above-stick-meta":"","header-main-stick-meta":"","header-below-stick-meta":"","astra-migrate-meta-layouts":"default","ast-page-background-enabled":"default","ast-page-background-meta":{"desktop":{"background-color":"var(--ast-global-color-4)","background-image":"","background-repeat":"repeat","background-position":"center center","background-size":"auto","background-attachment":"scroll","background-type":"","background-media":"","overlay-type":"","overlay-color":"","overlay-opacity":"","overlay-gradient":""},"tablet":{"background-color":"","background-image":"","background-repeat":"repeat","background-position":"center center","background-size":"auto","background-attachment":"scroll","background-type":"","background-media":"","overlay-type":"","overlay-color":"","overlay-opacity":"","overlay-gradient":""},"mobile":{"background-color":"","background-image":"","background-repeat":"repeat","background-position":"center center","background-size":"auto","background-attachment":"scroll","background-type":"","background-media":"","overlay-type":"","overlay-color":"","overlay-opacity":"","overlay-gradient":""}},"ast-content-background-meta":{"desktop":{"background-color":"var(--ast-global-color-5)","background-image":"","background-repeat":"repeat","background-position":"center center","background-size":"auto","background-attachment":"scroll","background-type":"","background-media":"","overlay-type":"","overlay-color":"","overlay-opacity":"","overlay-gradient":""},"tablet":{"background-color":"var(--ast-global-color-5)","background-image":"","background-repeat":"repeat","background-position":"center center","background-size":"auto","background-attachment":"scroll","background-type":"","background-media":"","overlay-type":"","overlay-color":"","overlay-opacity":"","overlay-gradient":""},"mobile":{"background-color":"var(--ast-global-color-5)","background-image":"","background-repeat":"repeat","background-position":"center center","background-size":"auto","background-attachment":"scroll","background-type":"","background-media":"","overlay-type":"","overlay-color":"","overlay-opacity":"","overlay-gradient":""}},"ngg_post_thumbnail":0,"jetpack_post_was_ever_published":false,"_jetpack_newsletter_access":"","_jetpack_dont_email_post_to_subs":false,"_jetpack_newsletter_tier_id":0,"_jetpack_memberships_contains_paywalled_content":false,"_jetpack_memberships_contains_paid_content":false,"footnotes":""},"categories":[13],"tags":[],"class_list":["post-1517","post","type-post","status-publish","format-standard","hentry","category-webdesign"],"jetpack_featured_media_url":"","jetpack_sharing_enabled":true,"jetpack_shortlink":"https:\/\/wp.me\/p4uzZ-ot","jetpack-related-posts":[{"id":1110,"url":"https:\/\/textundblog.de\/?p=1110","url_meta":{"origin":1517,"position":0},"title":"JavaScript &#8211; missverstandene Programmiersprache?","author":"Markus","date":"1\/8\/2006","format":false,"excerpt":"Das meint zumindest Simon Willison: \u00abA (Re)-Introduction to JavaScript\u00bb. Why a re-introduction? Because JavaScript has a reasonable claim to being the world's most misunderstood programming language. While often derided as a toy, beneath its deceptive simplicity lie some powerful language features. The last year has seen the launch of a\u2026","rel":"","context":"In &quot;Internet&quot;","block_context":{"text":"Internet","link":"https:\/\/textundblog.de\/?cat=4"},"img":{"alt_text":"","src":"","width":0,"height":0},"classes":[]},{"id":627,"url":"https:\/\/textundblog.de\/?p=627","url_meta":{"origin":1517,"position":1},"title":"Die zehn schlimmsten Software-Fehler aller Zeiten","author":"Markus","date":"9\/11\/2005","format":false,"excerpt":"Die netzeitung berichtet in ihrer Meldung \u00abDie zehn schlimmsten Software-Fehler aller Zeiten\u00bb \u00fcber einen Artikel im amerikanischen Magazin \u00abWired\u00bb (Allerdings ohne den Bericht zu verlinken. Der Verweis wird daher hier nachgeliefert: \u00abHistory's Worst Software Bugs\u00bb). Ich dachte ja, die zehn schlimmsten Software-Fehler aller Zeiten seien diese: Internet Explorer Internet Explorer\u2026","rel":"","context":"In &quot;Artikel&quot;","block_context":{"text":"Artikel","link":"https:\/\/textundblog.de\/?cat=5"},"img":{"alt_text":"","src":"","width":0,"height":0},"classes":[]},{"id":570,"url":"https:\/\/textundblog.de\/?p=570","url_meta":{"origin":1517,"position":2},"title":"Yahoo tritt Digitalisierungsprojekt bei","author":"Markus","date":"4\/10\/2005","format":false,"excerpt":"Yahoo ist der \u00abOpen Content Alliance\u00bb beigetreten, wird hunderttausende B\u00fccher digitalisieren und macht somit Googles Bibliothek Konkurrenz. Die New York Times schreibt dazu: The new project, called the Open Content Alliance, has the wide-ranging goal of digitizing historical works of fiction along with specialized technical papers. In addition to Yahoo,\u2026","rel":"","context":"In &quot;Internet&quot;","block_context":{"text":"Internet","link":"https:\/\/textundblog.de\/?cat=4"},"img":{"alt_text":"","src":"","width":0,"height":0},"classes":[]},{"id":3441,"url":"https:\/\/textundblog.de\/?p=3441","url_meta":{"origin":1517,"position":3},"title":"Alice im Web Wonderland","author":"Markus","date":"18\/3\/2010","format":false,"excerpt":"Alice im Wunderland ist durch die Neuverfilmung von Tim Burton (Trailer) zur Zeit wieder in aller Munde. So toll soll die ja gar nicht sein, was man so h\u00f6rt und liest. Wenn der gute Burton - wie viele vor ihm - den Stoff schon anpackt, und - das ist sein\u2026","rel":"","context":"In &quot;Internet&quot;","block_context":{"text":"Internet","link":"https:\/\/textundblog.de\/?cat=4"},"img":{"alt_text":"Alice gezeichnet von Lewis Carroll im Manuskript 'Alice's Adventures Under Ground' von 1864","src":"https:\/\/i0.wp.com\/textundblog.de\/wp-content\/alice-36.jpg?resize=350%2C200&ssl=1","width":350,"height":200},"classes":[]},{"id":1060,"url":"https:\/\/textundblog.de\/?p=1060","url_meta":{"origin":1517,"position":4},"title":"Geschichte der Sozialen Software","author":"Markus","date":"10\/7\/2006","format":false,"excerpt":"\u00abSoziale Software\u00bb r\u00fcckt seit ein, zwei Jahren immer st\u00e4rker in den Fokus all derer, die das Internet aktiv nutzen und findet erst recht Beachtung bei denen, die ihre Inhalte\/Dienste \u00fcber das Internet anbieten. Was \u00abSoziale Software\u00bb ist, beschreibt die Wikipedia mit den Worten Als Soziale Software (englisch Social Software) werden\u2026","rel":"","context":"In &quot;Artikel&quot;","block_context":{"text":"Artikel","link":"https:\/\/textundblog.de\/?cat=5"},"img":{"alt_text":"","src":"","width":0,"height":0},"classes":[]},{"id":3250,"url":"https:\/\/textundblog.de\/?p=3250","url_meta":{"origin":1517,"position":5},"title":"5 Jahre Firefox &#8211; Portabler Fuchs mit s\u00fc\u00dfem Logo","author":"Markus","date":"9\/11\/2009","format":false,"excerpt":"Heute hat neben dem Fall der Mauer und der Reichsprogromnacht noch jemand Geburtstag und das soll bei all den denkw\u00fcrdigen, geschichtstr\u00e4chtigen und positiven wie negativen Erinnerungen nicht vergessen werden: Der kleine Firefox ist heute 5 Jahre alt geworden. Am 9. November 2004 erschien er in Version 1.0. und steht bald\u2026","rel":"","context":"In &quot;Internet&quot;","block_context":{"text":"Internet","link":"https:\/\/textundblog.de\/?cat=4"},"img":{"alt_text":"Firefox ist heute 5 Jahre alt geworden","src":"https:\/\/i0.wp.com\/textundblog.de\/wp-content\/5thbdayfirefox.png?resize=350%2C200&ssl=1","width":350,"height":200},"classes":[]}],"_links":{"self":[{"href":"https:\/\/textundblog.de\/index.php?rest_route=\/wp\/v2\/posts\/1517","targetHints":{"allow":["GET"]}}],"collection":[{"href":"https:\/\/textundblog.de\/index.php?rest_route=\/wp\/v2\/posts"}],"about":[{"href":"https:\/\/textundblog.de\/index.php?rest_route=\/wp\/v2\/types\/post"}],"author":[{"embeddable":true,"href":"https:\/\/textundblog.de\/index.php?rest_route=\/wp\/v2\/users\/1"}],"replies":[{"embeddable":true,"href":"https:\/\/textundblog.de\/index.php?rest_route=%2Fwp%2Fv2%2Fcomments&post=1517"}],"version-history":[{"count":0,"href":"https:\/\/textundblog.de\/index.php?rest_route=\/wp\/v2\/posts\/1517\/revisions"}],"wp:attachment":[{"href":"https:\/\/textundblog.de\/index.php?rest_route=%2Fwp%2Fv2%2Fmedia&parent=1517"}],"wp:term":[{"taxonomy":"category","embeddable":true,"href":"https:\/\/textundblog.de\/index.php?rest_route=%2Fwp%2Fv2%2Fcategories&post=1517"},{"taxonomy":"post_tag","embeddable":true,"href":"https:\/\/textundblog.de\/index.php?rest_route=%2Fwp%2Fv2%2Ftags&post=1517"}],"curies":[{"name":"wp","href":"https:\/\/api.w.org\/{rel}","templated":true}]}}