{"id":1447,"date":"2007-02-14T09:45:00","date_gmt":"2007-02-14T08:45:00","guid":{"rendered":"http:\/\/textundblog.de\/?p=1447"},"modified":"2007-02-14T21:38:55","modified_gmt":"2007-02-14T20:38:55","slug":"valentinstag","status":"publish","type":"post","link":"https:\/\/textundblog.de\/?p=1447","title":{"rendered":"Valentinstag"},"content":{"rendered":"<p class=\"bildlinks\"><a href=\"http:\/\/photocase.com\/de\/photodetail.asp?i=51992\"><img data-recalc-dims=\"1\" loading=\"lazy\" decoding=\"async\" src=\"https:\/\/i0.wp.com\/textundblog.de\/wp-content\/valentinsherz.jpg?resize=140%2C140&#038;ssl=1\" width=\"140\" height=\"140\" alt=\"Herz\" title=\"Herz\" \/><\/a><br \/>\n<cite>Foto: <a href=\"http:\/\/photocase.com\/de\/photodetail.asp?i=51992\">photocase.com<\/a><\/cite><\/p>\n<p>Warum hei\u00dft der Valentinstag eigentlich Valentinstag?<br \/>\nDie <a href=\"http:\/\/de.wikipedia.org\/wiki\/Valentinstag\">Wikipedia<\/a> (heute \u00fcbrigens im <a href=\"http:\/\/www.sub.uni-hamburg.de\/blog\/?p=455\">Stabi-Blog<\/a> als relevante Recherchequelle im Web 2.0-Kontext vorgestellt) gibt die Antwort.<br \/>\nIm spanischsprachigen Wikipedia-Artikel \u00ab<a href=\"http:\/\/es.wikipedia.org\/wiki\/D%C3%ADa_de_San_Valent%C3%ADn\">D\u00eda de San Valent\u00edn<\/a>\u00bb wird erw\u00e4hnt, dass der Valentinstag in Kolumbien auch \u00abD\u00eda del Amor y la Amistad\u00bb (Tag der Liebe und Freundschaft) hei\u00dft. Aus meiner Zeit in Mexiko kann ich das auch best\u00e4tigen: dort begl\u00fcckw\u00fcnschen oder beschenken sich auch gute Freunde zum Valentinstag. Also, liebe Freunde: \u00a1Feliz D\u00eda de San Valent\u00edn!<\/p>\n","protected":false},"excerpt":{"rendered":"<p>Foto: photocase.com Warum hei\u00dft der Valentinstag eigentlich Valentinstag? Die Wikipedia (heute \u00fcbrigens im Stabi-Blog als relevante Recherchequelle im Web 2.0-Kontext vorgestellt) gibt die Antwort. Im spanischsprachigen Wikipedia-Artikel \u00abD\u00eda de San Valent\u00edn\u00bb wird erw\u00e4hnt, dass der Valentinstag in Kolumbien auch \u00abD\u00eda del Amor y la Amistad\u00bb (Tag der Liebe und Freundschaft) hei\u00dft. Aus meiner Zeit in [&hellip;]<\/p>\n","protected":false},"author":1,"featured_media":0,"comment_status":"open","ping_status":"open","sticky":false,"template":"","format":"standard","meta":{"site-sidebar-layout":"default","site-content-layout":"","ast-site-content-layout":"default","site-content-style":"default","site-sidebar-style":"default","ast-global-header-display":"","ast-banner-title-visibility":"","ast-main-header-display":"","ast-hfb-above-header-display":"","ast-hfb-below-header-display":"","ast-hfb-mobile-header-display":"","site-post-title":"","ast-breadcrumbs-content":"","ast-featured-img":"","footer-sml-layout":"","theme-transparent-header-meta":"","adv-header-id-meta":"","stick-header-meta":"","header-above-stick-meta":"","header-main-stick-meta":"","header-below-stick-meta":"","astra-migrate-meta-layouts":"default","ast-page-background-enabled":"default","ast-page-background-meta":{"desktop":{"background-color":"var(--ast-global-color-4)","background-image":"","background-repeat":"repeat","background-position":"center center","background-size":"auto","background-attachment":"scroll","background-type":"","background-media":"","overlay-type":"","overlay-color":"","overlay-opacity":"","overlay-gradient":""},"tablet":{"background-color":"","background-image":"","background-repeat":"repeat","background-position":"center center","background-size":"auto","background-attachment":"scroll","background-type":"","background-media":"","overlay-type":"","overlay-color":"","overlay-opacity":"","overlay-gradient":""},"mobile":{"background-color":"","background-image":"","background-repeat":"repeat","background-position":"center center","background-size":"auto","background-attachment":"scroll","background-type":"","background-media":"","overlay-type":"","overlay-color":"","overlay-opacity":"","overlay-gradient":""}},"ast-content-background-meta":{"desktop":{"background-color":"var(--ast-global-color-5)","background-image":"","background-repeat":"repeat","background-position":"center center","background-size":"auto","background-attachment":"scroll","background-type":"","background-media":"","overlay-type":"","overlay-color":"","overlay-opacity":"","overlay-gradient":""},"tablet":{"background-color":"var(--ast-global-color-5)","background-image":"","background-repeat":"repeat","background-position":"center center","background-size":"auto","background-attachment":"scroll","background-type":"","background-media":"","overlay-type":"","overlay-color":"","overlay-opacity":"","overlay-gradient":""},"mobile":{"background-color":"var(--ast-global-color-5)","background-image":"","background-repeat":"repeat","background-position":"center center","background-size":"auto","background-attachment":"scroll","background-type":"","background-media":"","overlay-type":"","overlay-color":"","overlay-opacity":"","overlay-gradient":""}},"ngg_post_thumbnail":0,"jetpack_post_was_ever_published":false,"_jetpack_newsletter_access":"","_jetpack_dont_email_post_to_subs":false,"_jetpack_newsletter_tier_id":0,"_jetpack_memberships_contains_paywalled_content":false,"_jetpack_memberships_contains_paid_content":false,"footnotes":""},"categories":[1,8],"tags":[],"class_list":["post-1447","post","type-post","status-publish","format-standard","hentry","category-allgemeines","category-spanisch"],"jetpack_featured_media_url":"","jetpack_sharing_enabled":true,"jetpack_shortlink":"https:\/\/wp.me\/p4uzZ-nl","jetpack-related-posts":[{"id":3767,"url":"https:\/\/textundblog.de\/?p=3767","url_meta":{"origin":1447,"position":0},"title":"Traumhafte Argentinische Buchhandlungen","author":"Markus","date":"28\/9\/2010","format":false,"excerpt":"Foto: Wikipedia Argentinien hat mich gerade wieder in San Sebasti\u00e1n beeindruckt wegen der gro\u00dfartigen Filme, die ich dort sah (dazu mehr in meinem noch kommenden Festivalbericht). Argentinien ist auch Gastland der in der kommenden Woche beginnenden Frankfurter Buchmesse. Dies nimmt DIE ZEIT zum Anlass, die f\u00fcnf sch\u00f6nsten Buchhandlungen der argentinischen\u2026","rel":"","context":"In &quot;Foto&quot;","block_context":{"text":"Foto","link":"https:\/\/textundblog.de\/?cat=10"},"img":{"alt_text":"Ateneo - Buchhandlung in Buenos Aires","src":"https:\/\/i0.wp.com\/textundblog.de\/wp-content\/ateneo.jpg?resize=350%2C200&ssl=1","width":350,"height":200},"classes":[]},{"id":4197,"url":"https:\/\/textundblog.de\/?p=4197","url_meta":{"origin":1447,"position":1},"title":"San Sebasti\u00e1n: Europ\u00e4ische Kulturhauptstadt 2016","author":"Markus","date":"28\/6\/2011","format":false,"excerpt":"\u00dcber keine andere spanische Stadt ist in diesem Blog so viel geschrieben worden wie \u00fcber San Sebasti\u00e1n. Was nat\u00fcrlich damit zusammenh\u00e4ngt, dass ich seit 1995 jedes Jahr mindestens einmal im Jahr dort bin (wegen des Filmfestivals). So wird jeder sicher gut verstehen k\u00f6nnen, dass ich mich wahnsinnig freue, dass diese\u2026","rel":"","context":"In &quot;Kino&quot;","block_context":{"text":"Kino","link":"https:\/\/textundblog.de\/?cat=2"},"img":{"alt_text":"San Sebasti\u00e1n \u2013 Europ\u00e4ische Kulturhaupstadt 2016","src":"https:\/\/i0.wp.com\/textundblog.de\/wp-content\/donostia2016.jpg?resize=350%2C200&ssl=1","width":350,"height":200},"classes":[]},{"id":1287,"url":"https:\/\/textundblog.de\/?p=1287","url_meta":{"origin":1447,"position":2},"title":"Guardian Weekend Edition: Web 2.0","author":"Markus","date":"11\/11\/2006","format":false,"excerpt":"Der Guardian wartet zum Wochenende mit einer Guardian Weekend Edition zum Thema Web 2.0 auf: Web 2.0 issue. Dort kommen fast alle zu Wort \/ zu Bild \/ zu Ton, die Web 2.0-m\u00e4\u00dfig einen Namen haben: u.a. Jimmy Wales (Wikipedia), Matt Mullenweg (WordPress), Joshua Schachter (del.icio.us), Caterine Fake & Stewart\u2026","rel":"","context":"In &quot;Artikel&quot;","block_context":{"text":"Artikel","link":"https:\/\/textundblog.de\/?cat=5"},"img":{"alt_text":"","src":"","width":0,"height":0},"classes":[]},{"id":622,"url":"https:\/\/textundblog.de\/?p=622","url_meta":{"origin":1447,"position":3},"title":"wikipedia.org","author":"Markus","date":"8\/11\/2005","format":false,"excerpt":"Auf wikipedia.org gibt es eine \u00dcbersicht der Wikipedias in verschiedenen Sprachen. Kurios: die Portugiesische Wikipedia (82.000) hat mehr Artikel als die Spanische (74.000). Ich denke, das wird sich bald \u00e4ndern... Auf die Graphik bin ich aufmerksam geworden durch den in netbib verlinkten CNN-Artikel \u00ab Wikipedia may go to print\u00bb.","rel":"","context":"In &quot;Artikel&quot;","block_context":{"text":"Artikel","link":"https:\/\/textundblog.de\/?cat=5"},"img":{"alt_text":"Wikipedia","src":".\/wp-content\/wikipedia.jpg","width":350,"height":200},"classes":[]},{"id":7251,"url":"https:\/\/textundblog.de\/?p=7251","url_meta":{"origin":1447,"position":4},"title":"San Sebasti\u00e1n, ich freu mich auf Dich","author":"Markus","date":"28\/7\/2016","format":false,"excerpt":"So langsam steigt die Vorfreude auf San Sebasti\u00e1n. Im September werde ich, wie jedes Jahr seit 1995, auf dem dortigen Filmfestival sein. Am Sonntag lief auf 3sat eine gute Doku \u00fcber die Stadt, in der auch die cofrad\u00edas (siehe 2. Bild unten) vorgestellt werden: Kochgemeinschaften, die in der Zeit von\u2026","rel":"","context":"In &quot;Kino&quot;","block_context":{"text":"Kino","link":"https:\/\/textundblog.de\/?cat=2"},"img":{"alt_text":"","src":"https:\/\/i0.wp.com\/textundblog.de\/wp-content\/sanseb01.jpg?resize=350%2C200&ssl=1","width":350,"height":200,"srcset":"https:\/\/i0.wp.com\/textundblog.de\/wp-content\/sanseb01.jpg?resize=350%2C200&ssl=1 1x, https:\/\/i0.wp.com\/textundblog.de\/wp-content\/sanseb01.jpg?resize=525%2C300&ssl=1 1.5x, https:\/\/i0.wp.com\/textundblog.de\/wp-content\/sanseb01.jpg?resize=700%2C400&ssl=1 2x"},"classes":[]},{"id":1178,"url":"https:\/\/textundblog.de\/?p=1178","url_meta":{"origin":1447,"position":5},"title":"Spanischsprachige Wikipedia mit 150.000 Artikeln","author":"Markus","date":"8\/9\/2006","format":false,"excerpt":"Die spanischsprachige Wikipedia hat jetzt bereits mehr als 150.000 Artikel. \u00a1Felicidades! Im internationalen Vergleich - bedenkt man die gro\u00dfe Verbreitung der spanischen Sprache - nat\u00fcrlich immer noch zu wenig, aber immerhin mit stark steigendem Trend. Wieviele Artikel in welcher Sprache in den einzelnen Wikipedias ver\u00f6ffentlicht wurden, zeigt stets aktuell wikipedia.org.\u2026","rel":"","context":"In &quot;Informationskompetenz&quot;","block_context":{"text":"Informationskompetenz","link":"https:\/\/textundblog.de\/?cat=16"},"img":{"alt_text":"spanischsprachige Wikipedia","src":"https:\/\/i0.wp.com\/www.textundblog.de\/wp-content\/spanwikipedia.jpg?resize=350%2C200","width":350,"height":200},"classes":[]}],"_links":{"self":[{"href":"https:\/\/textundblog.de\/index.php?rest_route=\/wp\/v2\/posts\/1447","targetHints":{"allow":["GET"]}}],"collection":[{"href":"https:\/\/textundblog.de\/index.php?rest_route=\/wp\/v2\/posts"}],"about":[{"href":"https:\/\/textundblog.de\/index.php?rest_route=\/wp\/v2\/types\/post"}],"author":[{"embeddable":true,"href":"https:\/\/textundblog.de\/index.php?rest_route=\/wp\/v2\/users\/1"}],"replies":[{"embeddable":true,"href":"https:\/\/textundblog.de\/index.php?rest_route=%2Fwp%2Fv2%2Fcomments&post=1447"}],"version-history":[{"count":0,"href":"https:\/\/textundblog.de\/index.php?rest_route=\/wp\/v2\/posts\/1447\/revisions"}],"wp:attachment":[{"href":"https:\/\/textundblog.de\/index.php?rest_route=%2Fwp%2Fv2%2Fmedia&parent=1447"}],"wp:term":[{"taxonomy":"category","embeddable":true,"href":"https:\/\/textundblog.de\/index.php?rest_route=%2Fwp%2Fv2%2Fcategories&post=1447"},{"taxonomy":"post_tag","embeddable":true,"href":"https:\/\/textundblog.de\/index.php?rest_route=%2Fwp%2Fv2%2Ftags&post=1447"}],"curies":[{"name":"wp","href":"https:\/\/api.w.org\/{rel}","templated":true}]}}