{"id":1194,"date":"2006-09-13T00:14:27","date_gmt":"2006-09-12T22:14:27","guid":{"rendered":"http:\/\/textundblog.de\/?p=1194"},"modified":"2006-09-13T00:16:39","modified_gmt":"2006-09-12T22:16:39","slug":"dresden-entdeckungen-im-elbflorenz","status":"publish","type":"post","link":"https:\/\/textundblog.de\/?p=1194","title":{"rendered":"Dresden &#8211; Entdeckungen im Elbflorenz"},"content":{"rendered":"<p><a href=\"http:\/\/gross-gallus.de\/gross\/progrhin.htm#dresden\"><img data-recalc-dims=\"1\" loading=\"lazy\" decoding=\"async\" src=\"https:\/\/i0.wp.com\/www.textundblog.de\/wp-content\/dresden1.jpg?resize=210%2C140\" width=\"210\" height=\"140\" alt=\"Dresden\" title=\"Dresden\" \/><img data-recalc-dims=\"1\" loading=\"lazy\" decoding=\"async\" src=\"https:\/\/i0.wp.com\/www.textundblog.de\/wp-content\/dresden2.jpg?resize=210%2C140\" width=\"210\" height=\"140\" alt=\"Alexander M. Gro\u00df, Frank Schindler, Uwe Laux\" title=\"Alexander M. Gro\u00df, Frank Schindler, Uwe Laux\" \/><\/a><\/p>\n<blockquote><p>Frauenkirche, Semper-Oper und Zwinger geh\u00f6ren zum Pflichtprogramm f\u00fcr Dresden-Besucher. Aber auch abseits der Touristenstr\u00f6me hat Dresden viel zu bieten: Filmemacher Alexander M. Gro\u00df beobachtet mit seinem Team (Frank Schindler und Uwe Laux) im schrillen Szene-Viertel Neustadt K\u00fcnstler und Lebensk\u00fcnstler, einen irischen Architekten, der den DDR-Plattenbauten ein Museum gewidmet hat und einen Fotografen, der sich in Dresden verliebt hat.<\/p><\/blockquote>\n<p>Alexander, ich bin gespannt auf deinen Film. Ich habe ja Dresden (und die spannende Neustadt) beim <a href=\"https:\/\/textundblog.de\/?p=871\">Bibliothekartag in Dresden<\/a> kennen- und sch\u00e4tzen gelernt.<br \/>\nDa <a href=\"http:\/\/gross-gallus.de\/gross\/\">Alexander M. Gro\u00df<\/a> immer au\u00dfergew\u00f6hnlich gute Filme macht, m\u00f6chte ich diesen Film auch den Lesern von \u00abText &#038; Blog\u00bb empfehlen.<br \/>\nSendetermin: heute, Mittwoch, 13.09.2006:<br \/>\nReisewege: &#8222;<a href=\"http:\/\/gross-gallus.de\/gross\/progrhin.htm#dresden\">Dresden &#8211; Entdeckungen im Elbflorenz<\/a>&#8220;<br \/>\nauf <a href=\"http:\/\/www.sr-online.de\/fernsehen\/1152\/545877.html\">S\u00fcdwest 3<\/a>, 21.00 &#8211; 21.45 Uhr<\/p>\n","protected":false},"excerpt":{"rendered":"<p>Frauenkirche, Semper-Oper und Zwinger geh\u00f6ren zum Pflichtprogramm f\u00fcr Dresden-Besucher. Aber auch abseits der Touristenstr\u00f6me hat Dresden viel zu bieten: Filmemacher Alexander M. Gro\u00df beobachtet mit seinem Team (Frank Schindler und Uwe Laux) im schrillen Szene-Viertel Neustadt K\u00fcnstler und Lebensk\u00fcnstler, einen irischen Architekten, der den DDR-Plattenbauten ein Museum gewidmet hat und einen Fotografen, der sich in [&hellip;]<\/p>\n","protected":false},"author":1,"featured_media":0,"comment_status":"open","ping_status":"open","sticky":false,"template":"","format":"standard","meta":{"site-sidebar-layout":"default","site-content-layout":"","ast-site-content-layout":"default","site-content-style":"default","site-sidebar-style":"default","ast-global-header-display":"","ast-banner-title-visibility":"","ast-main-header-display":"","ast-hfb-above-header-display":"","ast-hfb-below-header-display":"","ast-hfb-mobile-header-display":"","site-post-title":"","ast-breadcrumbs-content":"","ast-featured-img":"","footer-sml-layout":"","theme-transparent-header-meta":"","adv-header-id-meta":"","stick-header-meta":"","header-above-stick-meta":"","header-main-stick-meta":"","header-below-stick-meta":"","astra-migrate-meta-layouts":"default","ast-page-background-enabled":"default","ast-page-background-meta":{"desktop":{"background-color":"var(--ast-global-color-4)","background-image":"","background-repeat":"repeat","background-position":"center center","background-size":"auto","background-attachment":"scroll","background-type":"","background-media":"","overlay-type":"","overlay-color":"","overlay-opacity":"","overlay-gradient":""},"tablet":{"background-color":"","background-image":"","background-repeat":"repeat","background-position":"center center","background-size":"auto","background-attachment":"scroll","background-type":"","background-media":"","overlay-type":"","overlay-color":"","overlay-opacity":"","overlay-gradient":""},"mobile":{"background-color":"","background-image":"","background-repeat":"repeat","background-position":"center center","background-size":"auto","background-attachment":"scroll","background-type":"","background-media":"","overlay-type":"","overlay-color":"","overlay-opacity":"","overlay-gradient":""}},"ast-content-background-meta":{"desktop":{"background-color":"var(--ast-global-color-5)","background-image":"","background-repeat":"repeat","background-position":"center center","background-size":"auto","background-attachment":"scroll","background-type":"","background-media":"","overlay-type":"","overlay-color":"","overlay-opacity":"","overlay-gradient":""},"tablet":{"background-color":"var(--ast-global-color-5)","background-image":"","background-repeat":"repeat","background-position":"center center","background-size":"auto","background-attachment":"scroll","background-type":"","background-media":"","overlay-type":"","overlay-color":"","overlay-opacity":"","overlay-gradient":""},"mobile":{"background-color":"var(--ast-global-color-5)","background-image":"","background-repeat":"repeat","background-position":"center center","background-size":"auto","background-attachment":"scroll","background-type":"","background-media":"","overlay-type":"","overlay-color":"","overlay-opacity":"","overlay-gradient":""}},"ngg_post_thumbnail":0,"jetpack_post_was_ever_published":false,"_jetpack_newsletter_access":"","_jetpack_dont_email_post_to_subs":false,"_jetpack_newsletter_tier_id":0,"_jetpack_memberships_contains_paywalled_content":false,"_jetpack_memberships_contains_paid_content":false,"footnotes":""},"categories":[3],"tags":[],"class_list":["post-1194","post","type-post","status-publish","format-standard","hentry","category-tv"],"jetpack_featured_media_url":"","jetpack_sharing_enabled":true,"jetpack_shortlink":"https:\/\/wp.me\/p4uzZ-jg","jetpack-related-posts":[{"id":918,"url":"https:\/\/textundblog.de\/?p=918","url_meta":{"origin":1194,"position":0},"title":"Dynamo Dresden \u2013 1. FC Saarbr\u00fccken","author":"Markus","date":"23\/4\/2006","format":false,"excerpt":"Chadli Amri, Yilmaz \u00d6rt\u00fcl\u00fc, Mustapha Hadji (Foto: kicker.de) Heute gilt's: Der 1. FC Saarbr\u00fccken spielt in Dresden. Ein weiteres Kapitel im Kampf um den Klassenerhalt. Bei der Brisanz gibt's das Spiel auch als Topspiel auf Premiere. Pflichtprogramm f\u00fcr mich, obwohl ich eigentlich gar keine Zeit hab (mu\u00df noch 'nen Film\u2026","rel":"","context":"In &quot;Fu\u00dfball&quot;","block_context":{"text":"Fu\u00dfball","link":"https:\/\/textundblog.de\/?cat=17"},"img":{"alt_text":"Amri, \u00d6rt\u00fcl\u00fc, Hadji","src":"https:\/\/i0.wp.com\/www.textundblog.de\/wp-content\/amriortuehadji.jpg?resize=350%2C200","width":350,"height":200},"classes":[]},{"id":871,"url":"https:\/\/textundblog.de\/?p=871","url_meta":{"origin":1194,"position":1},"title":"Mein erster Bibliothekartag","author":"Markus","date":"27\/3\/2006","format":false,"excerpt":"Meine erste Teilnahme an einem Bibliothekartag war ein voller Erfolg. Sicher, es gab in Dresden auch Vieles zu kritisieren: kein gedrucktes Programm zu Tagungsbeginn, teilweise katastrophale Raumplanung, mi\u00dflungenes Catering, aber letztlich haben - zumindest f\u00fcr mich pers\u00f6nlich - die positiven Eindr\u00fccke \u00fcberwogen. Es gab zahlreiche hochinteressante Vortr\u00e4ge und auch extrem\u2026","rel":"","context":"In &quot;Informationskompetenz&quot;","block_context":{"text":"Informationskompetenz","link":"https:\/\/textundblog.de\/?cat=16"},"img":{"alt_text":"","src":"","width":0,"height":0},"classes":[]},{"id":867,"url":"https:\/\/textundblog.de\/?p=867","url_meta":{"origin":1194,"position":2},"title":"Fotos aus Dresden","author":"Markus","date":"26\/3\/2006","format":false,"excerpt":"Die Fotos, die ich w\u00e4hrend des Bibliothekartages in Dresden geschossen habe, gibt es als Flickr-Fotoset zu sehen und f\u00fcr kurze Zeit dynamisch eingebunden hier im Blog (siehe weiter unten rechts). Zum Bibliothekartag selbst die Woche \u00fcber mehr.","rel":"","context":"In &quot;Foto&quot;","block_context":{"text":"Foto","link":"https:\/\/textundblog.de\/?cat=10"},"img":{"alt_text":"Congress Center und Dresdner Altstadt","src":"https:\/\/i0.wp.com\/www.textundblog.de\/wp-content\/elbcollagek.jpg?resize=350%2C200","width":350,"height":200},"classes":[]},{"id":6697,"url":"https:\/\/textundblog.de\/?p=6697","url_meta":{"origin":1194,"position":3},"title":"Zoombarer Maya Codex Dresden","author":"Markus","date":"27\/7\/2015","format":false,"excerpt":"Von dem Hackathon Coding Da Vinci habe ich ja hier im Blog und auf Twitter schon mehrfach berichtet. Gestern bin ich auf einen Nachz\u00fcgler gesto\u00dfen, der zwar nicht mehr am Wettbewerb teilgenommen hat (der am 5. Juli nach 10 Wochen mit der Preisverleihung endete), der aber trotzdem versucht hat, etwas\u2026","rel":"","context":"In &quot;Literatur&quot;","block_context":{"text":"Literatur","link":"https:\/\/textundblog.de\/?cat=11"},"img":{"alt_text":"","src":"https:\/\/i0.wp.com\/textundblog.de\/wp-content\/maya-codex1.jpg?resize=350%2C200&ssl=1","width":350,"height":200,"srcset":"https:\/\/i0.wp.com\/textundblog.de\/wp-content\/maya-codex1.jpg?resize=350%2C200&ssl=1 1x, https:\/\/i0.wp.com\/textundblog.de\/wp-content\/maya-codex1.jpg?resize=525%2C300&ssl=1 1.5x, https:\/\/i0.wp.com\/textundblog.de\/wp-content\/maya-codex1.jpg?resize=700%2C400&ssl=1 2x"},"classes":[]},{"id":1531,"url":"https:\/\/textundblog.de\/?p=1531","url_meta":{"origin":1194,"position":4},"title":"Hispanistentag in Dresden","author":"Markus","date":"29\/3\/2007","format":false,"excerpt":"Ein kurzer Foto-Gru\u00df vom Hispanistentag aus Dresden: hier bin ich mit meiner Ex-Kollegin aus Saarbr\u00fccker Zeiten zu sehen: Monika Wehrheim, die uns gerade zuvor einen guten Vortrag \u00fcber Xicot\u00e9ncatl, einen 1826 anonym ver\u00f6ffentlichten mexikanischen Roman, gehalten hat: \u00abLa creaci\u00f3n de nuevos h\u00e9roes: Xicot\u00e9ncatl en una novela mexicana del siglo XIX\u00bb\u2026","rel":"","context":"In &quot;Foto&quot;","block_context":{"text":"Foto","link":"https:\/\/textundblog.de\/?cat=10"},"img":{"alt_text":"'Monika & Markus auf dem Hispanistentag in Dresden' von textundblog","src":"http:\/\/de.sevenload.com\/im\/W5LToXk\/450x338","width":350,"height":200},"classes":[]},{"id":4414,"url":"https:\/\/textundblog.de\/?p=4414","url_meta":{"origin":1194,"position":5},"title":"Heute stand die DREI im Mittelpunkt: FCSP \u2013 Dresden 3:1","author":"Markus","date":"27\/11\/2011","format":false,"excerpt":"Und pl\u00f6tzlich brach die Sonne durch die Wolken und alles wurde gut. Da standen wir heute \u00fcber zwei Stunden fast durchgehend im Regen (siehe Foto von Paul im klitschnassen FCSP-Regencape) aber die Mannschaft hat gegen Dynamo Dresden trotz 0:1 R\u00fcckstand immer an sich geglaubt und meine Voraussage vom Morgen wahr\u2026","rel":"","context":"In &quot;FC St. Pauli&quot;","block_context":{"text":"FC St. Pauli","link":"https:\/\/textundblog.de\/?cat=76"},"img":{"alt_text":"Die Sonne brach durch die Wolken und das Spiel wurde gedreht.","src":"https:\/\/i0.wp.com\/textundblog.de\/wp-content\/fcsp-dresden-11-2011.jpg?resize=350%2C200&ssl=1","width":350,"height":200},"classes":[]}],"_links":{"self":[{"href":"https:\/\/textundblog.de\/index.php?rest_route=\/wp\/v2\/posts\/1194","targetHints":{"allow":["GET"]}}],"collection":[{"href":"https:\/\/textundblog.de\/index.php?rest_route=\/wp\/v2\/posts"}],"about":[{"href":"https:\/\/textundblog.de\/index.php?rest_route=\/wp\/v2\/types\/post"}],"author":[{"embeddable":true,"href":"https:\/\/textundblog.de\/index.php?rest_route=\/wp\/v2\/users\/1"}],"replies":[{"embeddable":true,"href":"https:\/\/textundblog.de\/index.php?rest_route=%2Fwp%2Fv2%2Fcomments&post=1194"}],"version-history":[{"count":0,"href":"https:\/\/textundblog.de\/index.php?rest_route=\/wp\/v2\/posts\/1194\/revisions"}],"wp:attachment":[{"href":"https:\/\/textundblog.de\/index.php?rest_route=%2Fwp%2Fv2%2Fmedia&parent=1194"}],"wp:term":[{"taxonomy":"category","embeddable":true,"href":"https:\/\/textundblog.de\/index.php?rest_route=%2Fwp%2Fv2%2Fcategories&post=1194"},{"taxonomy":"post_tag","embeddable":true,"href":"https:\/\/textundblog.de\/index.php?rest_route=%2Fwp%2Fv2%2Ftags&post=1194"}],"curies":[{"name":"wp","href":"https:\/\/api.w.org\/{rel}","templated":true}]}}