{"id":117,"date":"2005-01-04T16:40:15","date_gmt":"2005-01-04T15:40:15","guid":{"rendered":"http:\/\/textundblog.de\/?p=117"},"modified":"2005-01-04T16:55:21","modified_gmt":"2005-01-04T15:55:21","slug":"digitalrecorder-andern-sehverhalten","status":"publish","type":"post","link":"https:\/\/textundblog.de\/?p=117","title":{"rendered":"Digitalrecorder \u00e4ndern Sehverhalten"},"content":{"rendered":"<blockquote><p>W\u00e4hrend ein Zuschauer mit dem herk\u00f6mmlichen Videorecorder nur etwa drei Prozent seiner Fernsehzeit mit dem Anschauen aufgezeichneter Fernsehsendungen verbringt, sind es mit einem Digitalger\u00e4t etwa 45 Prozent.<\/p><\/blockquote>\n<p>Ob diese Zahlen so stimmen, bleibt dahingestellt. Aber interessante Infos, die mir durchaus  zutreffend erscheinen, liefert der Artikel &#8222;<a href=\"http:\/\/www.digital-world.de\/news\/video\/rekorder\/602\/\">Digitalrecorder \u00e4ndern Sehverhalten<\/a>&#8220; von Karlhorst Klotz in &#8222;Digital World&#8220; allemal.<br \/>\n[via <a href=\"http:\/\/www.pcwelt.de\/news\/vermischtes\/106292\/index.html\">pc-welt.de<\/a>]<\/p>\n","protected":false},"excerpt":{"rendered":"<p>W\u00e4hrend ein Zuschauer mit dem herk\u00f6mmlichen Videorecorder nur etwa drei Prozent seiner Fernsehzeit mit dem Anschauen aufgezeichneter Fernsehsendungen verbringt, sind es mit einem Digitalger\u00e4t etwa 45 Prozent. Ob diese Zahlen so stimmen, bleibt dahingestellt. Aber interessante Infos, die mir durchaus zutreffend erscheinen, liefert der Artikel &#8222;Digitalrecorder \u00e4ndern Sehverhalten&#8220; von Karlhorst Klotz in &#8222;Digital World&#8220; allemal. [&hellip;]<\/p>\n","protected":false},"author":1,"featured_media":0,"comment_status":"open","ping_status":"open","sticky":false,"template":"","format":"standard","meta":{"site-sidebar-layout":"default","site-content-layout":"","ast-site-content-layout":"default","site-content-style":"default","site-sidebar-style":"default","ast-global-header-display":"","ast-banner-title-visibility":"","ast-main-header-display":"","ast-hfb-above-header-display":"","ast-hfb-below-header-display":"","ast-hfb-mobile-header-display":"","site-post-title":"","ast-breadcrumbs-content":"","ast-featured-img":"","footer-sml-layout":"","theme-transparent-header-meta":"","adv-header-id-meta":"","stick-header-meta":"","header-above-stick-meta":"","header-main-stick-meta":"","header-below-stick-meta":"","astra-migrate-meta-layouts":"default","ast-page-background-enabled":"default","ast-page-background-meta":{"desktop":{"background-color":"var(--ast-global-color-4)","background-image":"","background-repeat":"repeat","background-position":"center center","background-size":"auto","background-attachment":"scroll","background-type":"","background-media":"","overlay-type":"","overlay-color":"","overlay-opacity":"","overlay-gradient":""},"tablet":{"background-color":"","background-image":"","background-repeat":"repeat","background-position":"center center","background-size":"auto","background-attachment":"scroll","background-type":"","background-media":"","overlay-type":"","overlay-color":"","overlay-opacity":"","overlay-gradient":""},"mobile":{"background-color":"","background-image":"","background-repeat":"repeat","background-position":"center center","background-size":"auto","background-attachment":"scroll","background-type":"","background-media":"","overlay-type":"","overlay-color":"","overlay-opacity":"","overlay-gradient":""}},"ast-content-background-meta":{"desktop":{"background-color":"var(--ast-global-color-5)","background-image":"","background-repeat":"repeat","background-position":"center center","background-size":"auto","background-attachment":"scroll","background-type":"","background-media":"","overlay-type":"","overlay-color":"","overlay-opacity":"","overlay-gradient":""},"tablet":{"background-color":"var(--ast-global-color-5)","background-image":"","background-repeat":"repeat","background-position":"center center","background-size":"auto","background-attachment":"scroll","background-type":"","background-media":"","overlay-type":"","overlay-color":"","overlay-opacity":"","overlay-gradient":""},"mobile":{"background-color":"var(--ast-global-color-5)","background-image":"","background-repeat":"repeat","background-position":"center center","background-size":"auto","background-attachment":"scroll","background-type":"","background-media":"","overlay-type":"","overlay-color":"","overlay-opacity":"","overlay-gradient":""}},"ngg_post_thumbnail":0,"jetpack_post_was_ever_published":false,"_jetpack_newsletter_access":"","_jetpack_dont_email_post_to_subs":false,"_jetpack_newsletter_tier_id":0,"_jetpack_memberships_contains_paywalled_content":false,"_jetpack_memberships_contains_paid_content":false,"footnotes":""},"categories":[5,3],"tags":[],"class_list":["post-117","post","type-post","status-publish","format-standard","hentry","category-artikel","category-tv"],"jetpack_featured_media_url":"","jetpack_sharing_enabled":true,"jetpack_shortlink":"https:\/\/wp.me\/p4uzZ-1T","jetpack-related-posts":[{"id":6512,"url":"https:\/\/textundblog.de\/?p=6512","url_meta":{"origin":117,"position":0},"title":"Digitaler Journalismus: Mehr Chance als Risiko","author":"Markus","date":"18\/1\/2015","format":false,"excerpt":"Sehr kluges Feature zum Digitalen Journalismus von Nea Matzen und Olaf Rosenberg im Deutschlandfunk. In der Reihe \u00abNetzKultur!\u00bb beleuchten die Redakteurin bei tagesschau.de und der Fernseh- und Onlineredakteur bei arte das Thema unter dem Titel \u00abMedial, digital, genial?\u00bb. Untersucht werden im wesentlichen drei Aspekte: Die Schnelligkeit: Nachrichten verbreiten sich in\u2026","rel":"","context":"In &quot;Literatur&quot;","block_context":{"text":"Literatur","link":"https:\/\/textundblog.de\/?cat=11"},"img":{"alt_text":"","src":"https:\/\/i0.wp.com\/textundblog.de\/wp-content\/sz-medien-kl.jpg?resize=350%2C200&ssl=1","width":350,"height":200},"classes":[]},{"id":1375,"url":"https:\/\/textundblog.de\/?p=1375","url_meta":{"origin":117,"position":1},"title":"Lawrence Lessig &#8211; Medien und Urheberrecht","author":"Markus","date":"11\/1\/2007","format":false,"excerpt":"Ich werde ja nicht m\u00fcde hier im Blog auf den Elektrischen Reporter hinzuweisen, die Videoreihe von Mario Sixtus, in der dieser, Woche f\u00fcr Woche, spannende und interessante Interviews pr\u00e4sentiert. In den beiden letzten Folgen 13 und 14 kommt Lawrence Lessig zu Wort: er erkl\u00e4rt uns sein Konzept vom Urheberrecht in\u2026","rel":"","context":"In &quot;Artikel&quot;","block_context":{"text":"Artikel","link":"https:\/\/textundblog.de\/?cat=5"},"img":{"alt_text":"Elektrischer Reporter","src":"https:\/\/i0.wp.com\/textundblog.de\/wp-content\/elektrischerreporter.jpg?resize=350%2C200&ssl=1","width":350,"height":200},"classes":[]},{"id":5231,"url":"https:\/\/textundblog.de\/?p=5231","url_meta":{"origin":117,"position":2},"title":"Bertram Gugel zur Zukunft des Fernsehens","author":"Markus","date":"21\/1\/2013","format":false,"excerpt":"Bertram Gugel ist f\u00fcr mich seit Jahren DER Experte, wenn es darum geht, Ph\u00e4nomene wie Video im Internet zu verstehen und einzuordnen. Sein lesenwertes Blog Digitaler Film \u2013 mit dem sch\u00f6nen Untertitel Film und Fernsehen im digitalen Rauschen \u2013 kann ich genau so empfehlen, wie seinen Twitter-Account @digitalerfilm. F\u00fcr Spiegel.TV\u2026","rel":"","context":"In &quot;TV&quot;","block_context":{"text":"TV","link":"https:\/\/textundblog.de\/?cat=3"},"img":{"alt_text":"","src":"https:\/\/i0.wp.com\/textundblog.de\/wp-content\/bertram-gugel.jpg?resize=350%2C200&ssl=1","width":350,"height":200},"classes":[]},{"id":1041,"url":"https:\/\/textundblog.de\/?p=1041","url_meta":{"origin":117,"position":3},"title":"Der Journalist als Informationskonsument","author":"Markus","date":"3\/7\/2006","format":false,"excerpt":"Foto: photocase.com Prof. Margarethe Steinberger von der brasilianischen Universit\u00e4t \u00abPontif\u00edcia Universidade Cat\u00f3lica de S\u00e3o Paulo\u00bb hat einen lesenswerten spanischsprachigen Artikel \u00fcber den modernen Journalismus ver\u00f6ffentlicht: \u00abEl periodista como consumidor de informaci\u00f3n en la econom\u00eda de las representaci\u00f3nes digitales\u00bb (dt: Der Journalist als Informationskonsument in Zeiten digitaler Wissensressourcen). Dort hei\u00dft es\u2026","rel":"","context":"In &quot;Artikel&quot;","block_context":{"text":"Artikel","link":"https:\/\/textundblog.de\/?cat=5"},"img":{"alt_text":"Symbolbild digitale Ressourcen","src":"https:\/\/i0.wp.com\/www.textundblog.de\/wp-content\/platine.jpg?resize=350%2C200","width":350,"height":200},"classes":[]},{"id":1493,"url":"https:\/\/textundblog.de\/?p=1493","url_meta":{"origin":117,"position":4},"title":"Digitalisierung: Es gibt viel zu tun","author":"Markus","date":"13\/3\/2007","format":false,"excerpt":"Ein interessanter Artikel in der New York Times widmet sich dem Thema Digitalisierung von Literatur zum Bestandserhalt und zur Verbesserung der Zug\u00e4nglichkeit von Informationen. Es wird dabei auch darauf hingewiesen, dass bisher nur ein kleiner Teil der vorliegenden Literatur und Dokumente (Briefe, Notizen) digitalisiert ist. At the Library of Congress,\u2026","rel":"","context":"In &quot;Artikel&quot;","block_context":{"text":"Artikel","link":"https:\/\/textundblog.de\/?cat=5"},"img":{"alt_text":"","src":"","width":0,"height":0},"classes":[]},{"id":3308,"url":"https:\/\/textundblog.de\/?p=3308","url_meta":{"origin":117,"position":5},"title":"James Camerons 3D-Epos Avatar","author":"Markus","date":"14\/12\/2009","format":false,"excerpt":"Direktlink YouTube Wei\u00df noch nicht so recht, was ich von dem Film halten soll. Die Lobeshymnen sind ja allerorten zu lesen. Ab Donnerstag ist er auch in Deutschland zu sehen. In dazu ausgestatteten Kinos auch als 3D. Joshua Davis schreibt auf Wired, warum Cameron so lange, sprich f\u00fcnf (!) Jahre,\u2026","rel":"","context":"In &quot;Artikel&quot;","block_context":{"text":"Artikel","link":"https:\/\/textundblog.de\/?cat=5"},"img":{"alt_text":"","src":"","width":0,"height":0},"classes":[]}],"_links":{"self":[{"href":"https:\/\/textundblog.de\/index.php?rest_route=\/wp\/v2\/posts\/117","targetHints":{"allow":["GET"]}}],"collection":[{"href":"https:\/\/textundblog.de\/index.php?rest_route=\/wp\/v2\/posts"}],"about":[{"href":"https:\/\/textundblog.de\/index.php?rest_route=\/wp\/v2\/types\/post"}],"author":[{"embeddable":true,"href":"https:\/\/textundblog.de\/index.php?rest_route=\/wp\/v2\/users\/1"}],"replies":[{"embeddable":true,"href":"https:\/\/textundblog.de\/index.php?rest_route=%2Fwp%2Fv2%2Fcomments&post=117"}],"version-history":[{"count":0,"href":"https:\/\/textundblog.de\/index.php?rest_route=\/wp\/v2\/posts\/117\/revisions"}],"wp:attachment":[{"href":"https:\/\/textundblog.de\/index.php?rest_route=%2Fwp%2Fv2%2Fmedia&parent=117"}],"wp:term":[{"taxonomy":"category","embeddable":true,"href":"https:\/\/textundblog.de\/index.php?rest_route=%2Fwp%2Fv2%2Fcategories&post=117"},{"taxonomy":"post_tag","embeddable":true,"href":"https:\/\/textundblog.de\/index.php?rest_route=%2Fwp%2Fv2%2Ftags&post=117"}],"curies":[{"name":"wp","href":"https:\/\/api.w.org\/{rel}","templated":true}]}}