{"id":114,"date":"2005-01-04T11:29:15","date_gmt":"2005-01-04T10:29:15","guid":{"rendered":"http:\/\/textundblog.de\/?p=114"},"modified":"2005-01-04T11:49:42","modified_gmt":"2005-01-04T10:49:42","slug":"ich-will-so-bleiben-wie-ich-bin","status":"publish","type":"post","link":"https:\/\/textundblog.de\/?p=114","title":{"rendered":"Ich will so bleiben wie ich bin"},"content":{"rendered":"<p><img loading=\"lazy\" decoding=\"async\" src=\".\/wp-content\/slogans.jpg\" width=\"527\" height=\"88\" alt=\"Datenbank der Werbespr\u00fcche\" title=\"Datenbank der Werbespr\u00fcche\" \/><br \/>\nSch\u00f6nes Beispiel f\u00fcr kollektives Ged\u00e4chtnis:<br \/>\nAlte Werbespr\u00fcche werden auf &#8222;<a href=\"http:\/\/www.oleoleole.de\/blogg\/index.php?p=495\">Nutzloses Wissen<\/a>&#8220; zusammengetragen. Unbedingt hinsurfen, durchlesen und was beisteuern!<br \/>\nMein Beitrag &#8222;Ich will so bleiben wie ich bin&#8220; ist von &#8222;du darfst&#8220; und wird seit 1970 (Quelle: <a href=\"http:\/\/www.slogans.de\/suche.php?SloganEingabe=will&#038;Sort=1&#038;SortR=1&#038;ErgProSeite=50\">slogans.de<\/a>) eingesetzt. <\/p>\n","protected":false},"excerpt":{"rendered":"<p>du darfst (1970), Tipp: slogans.de<\/p>\n","protected":false},"author":1,"featured_media":0,"comment_status":"open","ping_status":"open","sticky":false,"template":"","format":"standard","meta":{"site-sidebar-layout":"default","site-content-layout":"","ast-site-content-layout":"default","site-content-style":"default","site-sidebar-style":"default","ast-global-header-display":"","ast-banner-title-visibility":"","ast-main-header-display":"","ast-hfb-above-header-display":"","ast-hfb-below-header-display":"","ast-hfb-mobile-header-display":"","site-post-title":"","ast-breadcrumbs-content":"","ast-featured-img":"","footer-sml-layout":"","theme-transparent-header-meta":"","adv-header-id-meta":"","stick-header-meta":"","header-above-stick-meta":"","header-main-stick-meta":"","header-below-stick-meta":"","astra-migrate-meta-layouts":"default","ast-page-background-enabled":"default","ast-page-background-meta":{"desktop":{"background-color":"var(--ast-global-color-4)","background-image":"","background-repeat":"repeat","background-position":"center center","background-size":"auto","background-attachment":"scroll","background-type":"","background-media":"","overlay-type":"","overlay-color":"","overlay-opacity":"","overlay-gradient":""},"tablet":{"background-color":"","background-image":"","background-repeat":"repeat","background-position":"center center","background-size":"auto","background-attachment":"scroll","background-type":"","background-media":"","overlay-type":"","overlay-color":"","overlay-opacity":"","overlay-gradient":""},"mobile":{"background-color":"","background-image":"","background-repeat":"repeat","background-position":"center center","background-size":"auto","background-attachment":"scroll","background-type":"","background-media":"","overlay-type":"","overlay-color":"","overlay-opacity":"","overlay-gradient":""}},"ast-content-background-meta":{"desktop":{"background-color":"var(--ast-global-color-5)","background-image":"","background-repeat":"repeat","background-position":"center center","background-size":"auto","background-attachment":"scroll","background-type":"","background-media":"","overlay-type":"","overlay-color":"","overlay-opacity":"","overlay-gradient":""},"tablet":{"background-color":"var(--ast-global-color-5)","background-image":"","background-repeat":"repeat","background-position":"center center","background-size":"auto","background-attachment":"scroll","background-type":"","background-media":"","overlay-type":"","overlay-color":"","overlay-opacity":"","overlay-gradient":""},"mobile":{"background-color":"var(--ast-global-color-5)","background-image":"","background-repeat":"repeat","background-position":"center center","background-size":"auto","background-attachment":"scroll","background-type":"","background-media":"","overlay-type":"","overlay-color":"","overlay-opacity":"","overlay-gradient":""}},"ngg_post_thumbnail":0,"jetpack_post_was_ever_published":false,"_jetpack_newsletter_access":"","_jetpack_dont_email_post_to_subs":false,"_jetpack_newsletter_tier_id":0,"_jetpack_memberships_contains_paywalled_content":false,"_jetpack_memberships_contains_paid_content":false,"footnotes":""},"categories":[4],"tags":[],"class_list":["post-114","post","type-post","status-publish","format-standard","hentry","category-internet"],"jetpack_featured_media_url":"","jetpack_sharing_enabled":true,"jetpack_shortlink":"https:\/\/wp.me\/p4uzZ-1Q","jetpack-related-posts":[{"id":1970,"url":"https:\/\/textundblog.de\/?p=1970","url_meta":{"origin":114,"position":0},"title":"Frohes Fest | Feliz Navidad","author":"Markus","date":"23\/12\/2007","format":false,"excerpt":"Frohe Weihnachten und Feliz Navidad allen Leserinnen und Lesern von Text & Blog. Hier zu sehen: einige lustige Weihnachtsmotive abgebildet auf einem Fr\u00fchst\u00fccksbrettchen, mit dem mich die liebe Frau Liisa zu Weihnachten \u00fcberrascht hat. Ihr einen herzlichen Dank daf\u00fcr und Euch allen daf\u00fcr, dass ihr hier so oft vorbeischaut. Feiert\u2026","rel":"","context":"In &quot;Allgemeines&quot;","block_context":{"text":"Allgemeines","link":"https:\/\/textundblog.de\/?cat=1"},"img":{"alt_text":"Frohes Fest","src":"https:\/\/i0.wp.com\/textundblog.de\/wp-content\/brettchenliisa.jpg?resize=350%2C200&ssl=1","width":350,"height":200},"classes":[]},{"id":1015,"url":"https:\/\/textundblog.de\/?p=1015","url_meta":{"origin":114,"position":1},"title":"Kicker-WM-Sonderhefte im Netz","author":"Markus","date":"23\/6\/2006","format":false,"excerpt":"Klasse Service des Kicker: Das Sportmagazin stellt alle WM-Sonderhefte von 1970-2002 als e-paper zur Verf\u00fcgung. Lustiges Bl\u00e4ttern in alten Mannschaftsfotos und zeitgeschichtlich bereits als historisch zu bezeichnenden Werbekampagnen ist angesagt. [via popkulturjunkie]","rel":"","context":"In &quot;Fu\u00dfball&quot;","block_context":{"text":"Fu\u00dfball","link":"https:\/\/textundblog.de\/?cat=17"},"img":{"alt_text":"Kicker WM-Sonderheft 1974","src":"https:\/\/i0.wp.com\/www.textundblog.de\/wp-content\/wmsonderhefte.jpg?resize=350%2C200","width":350,"height":200},"classes":[]},{"id":2682,"url":"https:\/\/textundblog.de\/?p=2682","url_meta":{"origin":114,"position":2},"title":"Instant Karma &#8211; John Lennon","author":"Markus","date":"8\/12\/2008","format":false,"excerpt":"Direktlink YouTube Achtundsechzig Jahre alt w\u00e4re er mittlerweile. Ist er aber nicht. Ein Wahnsinniger hatte ihn niedergeschossen, damals am 8. Dezember 1980 in New York. Gestorben ist er damals, aber seine Musik lebt. Heute, immer noch. Gut so. John Lennon. Instant Karma (1970) ist f\u00fcr mich neben dem unvermeidlichen Imagine\u2026","rel":"","context":"In &quot;Musik&quot;","block_context":{"text":"Musik","link":"https:\/\/textundblog.de\/?cat=7"},"img":{"alt_text":"","src":"","width":0,"height":0},"classes":[]},{"id":4818,"url":"https:\/\/textundblog.de\/?p=4818","url_meta":{"origin":114,"position":3},"title":"Tom DiCillo zeigt den wahren Morrison: \u00abWhen\u00a0You&#8217;re\u00a0Strange\u00bb","author":"Markus","date":"29\/7\/2012","format":false,"excerpt":"http:\/\/youtu.be\/9tzyr9RWgjk Unbedingt anschauen, alleine schon wegen der bisher unver\u00f6ffentlichten Kurzfilme von Jim Morrison, von Tom DiCillo einzigartig in die Doku eingearbeitet. Was wie ein anpreisender Werbetext zum Film klingt, ist die volle Wahrheit: Tom DiCillos Dokumentarfilm beweist fast 40 Jahre nach dem Tod des charismatischen Rock-Poeten Jim Morrison, dass er\u2026","rel":"","context":"In &quot;Kino&quot;","block_context":{"text":"Kino","link":"https:\/\/textundblog.de\/?cat=2"},"img":{"alt_text":"Arte-Reihe \u00abSummer of rebels\u00bb","src":"https:\/\/i0.wp.com\/textundblog.de\/wp-content\/summerofrebels.jpg?resize=350%2C200&ssl=1","width":350,"height":200},"classes":[]},{"id":1554,"url":"https:\/\/textundblog.de\/?p=1554","url_meta":{"origin":114,"position":4},"title":"Udo Vetter \u00fcber den Abmahnwahn","author":"Markus","date":"13\/4\/2007","format":false,"excerpt":"Anwalt Udo Vetter vom Lawblog \u00fcber die \u00abAbmahn-Welle im Internet\u00bb auf tagesschau.de. Meinungs-, Satire- und Blogfreiheit wird durch wirtschaftliche \u00dcbermacht unterdr\u00fcckt. Sehr viele Abmahnungen werden mit der Finanzkraft des Abmahnenden durchgesetzt. In der Regel kommt es auch nicht zum Prozess, da der Abgemahnte im Hinblick auf die m\u00f6glichen Kosten sofort\u2026","rel":"","context":"In &quot;Artikel&quot;","block_context":{"text":"Artikel","link":"https:\/\/textundblog.de\/?cat=5"},"img":{"alt_text":"","src":"","width":0,"height":0},"classes":[]},{"id":1278,"url":"https:\/\/textundblog.de\/?p=1278","url_meta":{"origin":114,"position":5},"title":"Wichtliste zum Blogwichteln","author":"Markus","date":"9\/11\/2006","format":false,"excerpt":"Herr Hollemann l\u00e4dt zum Blogwichteln ein. Eine prima Idee. 23 Blogs haben sich schon angemeldet und wurden heute schon mal in der Wichtliste (was f\u00fcr ein sch\u00f6nes Wort!) aufgelistet. 23? Das darf nat\u00fcrlich nicht so bleiben. Daher m\u00f6chte ich alle \u00abText & Blog\u00bb-Leser mit eigenem Blog ermuntern sich noch bis\u2026","rel":"","context":"In &quot;Internet&quot;","block_context":{"text":"Internet","link":"https:\/\/textundblog.de\/?cat=4"},"img":{"alt_text":"23","src":".\/wp-content\/23.gif","width":350,"height":200},"classes":[]}],"_links":{"self":[{"href":"https:\/\/textundblog.de\/index.php?rest_route=\/wp\/v2\/posts\/114","targetHints":{"allow":["GET"]}}],"collection":[{"href":"https:\/\/textundblog.de\/index.php?rest_route=\/wp\/v2\/posts"}],"about":[{"href":"https:\/\/textundblog.de\/index.php?rest_route=\/wp\/v2\/types\/post"}],"author":[{"embeddable":true,"href":"https:\/\/textundblog.de\/index.php?rest_route=\/wp\/v2\/users\/1"}],"replies":[{"embeddable":true,"href":"https:\/\/textundblog.de\/index.php?rest_route=%2Fwp%2Fv2%2Fcomments&post=114"}],"version-history":[{"count":0,"href":"https:\/\/textundblog.de\/index.php?rest_route=\/wp\/v2\/posts\/114\/revisions"}],"wp:attachment":[{"href":"https:\/\/textundblog.de\/index.php?rest_route=%2Fwp%2Fv2%2Fmedia&parent=114"}],"wp:term":[{"taxonomy":"category","embeddable":true,"href":"https:\/\/textundblog.de\/index.php?rest_route=%2Fwp%2Fv2%2Fcategories&post=114"},{"taxonomy":"post_tag","embeddable":true,"href":"https:\/\/textundblog.de\/index.php?rest_route=%2Fwp%2Fv2%2Ftags&post=114"}],"curies":[{"name":"wp","href":"https:\/\/api.w.org\/{rel}","templated":true}]}}