{"id":111,"date":"2005-01-04T02:38:48","date_gmt":"2005-01-04T01:38:48","guid":{"rendered":"http:\/\/textundblog.de\/?p=111"},"modified":"2005-01-04T02:38:48","modified_gmt":"2005-01-04T01:38:48","slug":"klage-per-e-mail","status":"publish","type":"post","link":"https:\/\/textundblog.de\/?p=111","title":{"rendered":"Klage per E-Mail"},"content":{"rendered":"<blockquote><p>Seit Beginn des neuen Jahres k\u00f6nnen beim Verwaltungsgericht Koblenz nun Klagen auch per E-Mail erhoben, Schrifts\u00e4tze samt Anlagen eingereicht und vom Gericht an die Verfahrensbeteiligten \u00fcbermittelt werden. Das Gericht hat hierf\u00fcr ein zentrales elektronisches Postfach eingerichtet und f\u00fchrt elektronische Akten.<\/p><\/blockquote>\n<p>Verwaltungsgericht Koblenz f\u00fchrt Klage per E-Mail ein<br \/>\n[via <a href=\"http:\/\/www.golem.de\/0501\/35430.html\">golem.de<\/a>]<\/p>\n","protected":false},"excerpt":{"rendered":"<p>Seit Beginn des neuen Jahres k\u00f6nnen beim Verwaltungsgericht Koblenz nun Klagen auch per E-Mail erhoben, Schrifts\u00e4tze samt Anlagen eingereicht und vom Gericht an die Verfahrensbeteiligten \u00fcbermittelt werden. Das Gericht hat hierf\u00fcr ein zentrales elektronisches Postfach eingerichtet und f\u00fchrt elektronische Akten. Verwaltungsgericht Koblenz f\u00fchrt Klage per E-Mail ein [via golem.de]<\/p>\n","protected":false},"author":1,"featured_media":0,"comment_status":"open","ping_status":"open","sticky":false,"template":"","format":"standard","meta":{"site-sidebar-layout":"default","site-content-layout":"","ast-site-content-layout":"default","site-content-style":"default","site-sidebar-style":"default","ast-global-header-display":"","ast-banner-title-visibility":"","ast-main-header-display":"","ast-hfb-above-header-display":"","ast-hfb-below-header-display":"","ast-hfb-mobile-header-display":"","site-post-title":"","ast-breadcrumbs-content":"","ast-featured-img":"","footer-sml-layout":"","theme-transparent-header-meta":"","adv-header-id-meta":"","stick-header-meta":"","header-above-stick-meta":"","header-main-stick-meta":"","header-below-stick-meta":"","astra-migrate-meta-layouts":"default","ast-page-background-enabled":"default","ast-page-background-meta":{"desktop":{"background-color":"var(--ast-global-color-4)","background-image":"","background-repeat":"repeat","background-position":"center center","background-size":"auto","background-attachment":"scroll","background-type":"","background-media":"","overlay-type":"","overlay-color":"","overlay-opacity":"","overlay-gradient":""},"tablet":{"background-color":"","background-image":"","background-repeat":"repeat","background-position":"center center","background-size":"auto","background-attachment":"scroll","background-type":"","background-media":"","overlay-type":"","overlay-color":"","overlay-opacity":"","overlay-gradient":""},"mobile":{"background-color":"","background-image":"","background-repeat":"repeat","background-position":"center center","background-size":"auto","background-attachment":"scroll","background-type":"","background-media":"","overlay-type":"","overlay-color":"","overlay-opacity":"","overlay-gradient":""}},"ast-content-background-meta":{"desktop":{"background-color":"var(--ast-global-color-5)","background-image":"","background-repeat":"repeat","background-position":"center center","background-size":"auto","background-attachment":"scroll","background-type":"","background-media":"","overlay-type":"","overlay-color":"","overlay-opacity":"","overlay-gradient":""},"tablet":{"background-color":"var(--ast-global-color-5)","background-image":"","background-repeat":"repeat","background-position":"center center","background-size":"auto","background-attachment":"scroll","background-type":"","background-media":"","overlay-type":"","overlay-color":"","overlay-opacity":"","overlay-gradient":""},"mobile":{"background-color":"var(--ast-global-color-5)","background-image":"","background-repeat":"repeat","background-position":"center center","background-size":"auto","background-attachment":"scroll","background-type":"","background-media":"","overlay-type":"","overlay-color":"","overlay-opacity":"","overlay-gradient":""}},"ngg_post_thumbnail":0,"jetpack_post_was_ever_published":false,"_jetpack_newsletter_access":"","_jetpack_dont_email_post_to_subs":false,"_jetpack_newsletter_tier_id":0,"_jetpack_memberships_contains_paywalled_content":false,"_jetpack_memberships_contains_paid_content":false,"footnotes":""},"categories":[4],"tags":[],"class_list":["post-111","post","type-post","status-publish","format-standard","hentry","category-internet"],"jetpack_featured_media_url":"","jetpack_sharing_enabled":true,"jetpack_shortlink":"https:\/\/wp.me\/p4uzZ-1N","jetpack-related-posts":[{"id":4027,"url":"https:\/\/textundblog.de\/?p=4027","url_meta":{"origin":111,"position":0},"title":"Water Makes Money \u2013 Wie private Konzerne aus Wasser Geld machen","author":"Markus","date":"21\/3\/2011","format":false,"excerpt":"Direktlink YouTube Trinkwasser ist ein kostbares Gut. Doch gerade in Europa verkommt es derzeit zur Ware. Immer mehr St\u00e4dte und Gemeinden privatisieren ihre Wasserversorgung. Die Folgen sind ein nur kurzfristiger Geldsegen f\u00fcr die Kommunen und eine langfristige Verteuerung des Trinkwassers f\u00fcr die Verbraucher. Der Themenabend dokumentiert anl\u00e4sslich des Weltwassertags die\u2026","rel":"","context":"In &quot;Politik&quot;","block_context":{"text":"Politik","link":"https:\/\/textundblog.de\/?cat=9"},"img":{"alt_text":"","src":"","width":0,"height":0},"classes":[]},{"id":2065,"url":"https:\/\/textundblog.de\/?p=2065","url_meta":{"origin":111,"position":1},"title":"Klageschriften gegen Vorratsdatenspeicherung","author":"Markus","date":"29\/2\/2008","format":false,"excerpt":"Zahl des Tages: 34.443. Heise online: Die gr\u00f6\u00dfte Verfassungsbeschwerde in der Geschichte der Bundesrepublik ist komplett in Karlsruhe angekommen. Nach der Einreichung von acht Vollmachten repr\u00e4sentativ ausgew\u00e4hlter Erstbeschwerdef\u00fchrer Ende vergangenen Jahres hat der Arbeitskreis Vorratsdatenspeicherung am heutigen Freitag insgesamt 34.443 Klageschriften gegen die verdachtslose Protokollierung von Telefon- und Internetdaten dem\u2026","rel":"","context":"In &quot;Politik&quot;","block_context":{"text":"Politik","link":"https:\/\/textundblog.de\/?cat=9"},"img":{"alt_text":"Klageschriften, eingereicht vom 'Arbeitskreis Vorratsdatenspeicherung'","src":"https:\/\/i0.wp.com\/textundblog.de\/wp-content\/vorratsdatenspeicherungkist.jpg?resize=350%2C200&ssl=1","width":350,"height":200},"classes":[]},{"id":5574,"url":"https:\/\/textundblog.de\/?p=5574","url_meta":{"origin":111,"position":2},"title":"Kampf gegen \u00dcberwachung: Netz zur\u00fcckholen und Wahlverhalten \u00fcberdenken","author":"Markus","date":"6\/9\/2013","format":false,"excerpt":"Kaum hab ich gestern auf der Cryptoparty in Wandsbek, btw der ersten, die ich \u00fcberhaupt besuchte, gelernt, wie man seine Daten und seine E-Mail-Kommunikation sch\u00fctzt, \u00fcberschlagen sich die Meldungen, dass es der NSA auch gelungen ist, Verschl\u00fcsselungstechnologien im Netz zu umgehen. Zwei Dinge gibt es nun zu tun, beim ersten\u2026","rel":"","context":"In &quot;Artikel&quot;","block_context":{"text":"Artikel","link":"https:\/\/textundblog.de\/?cat=5"},"img":{"alt_text":"","src":"","width":0,"height":0},"classes":[]},{"id":4069,"url":"https:\/\/textundblog.de\/?p=4069","url_meta":{"origin":111,"position":3},"title":"DFB-Willk\u00fcr gegen den FC St. Pauli verlegt in Saison 2011\/12","author":"Markus","date":"14\/4\/2011","format":false,"excerpt":"Es gab doch noch ein Einsehen des DFB-Sportgerichtes. Das \u00fcberzogene Geisterspiel-Urteil f\u00fcr das Bremen-Spiel an Ostersamstag nach dem Bierbecherwurf (s. mein Artikel Willk\u00fcr statt Abschreckung) wurde soeben vom DFB-Sportgericht revidiert und in eine Strafe auf die n\u00e4chste Saison verlegt: Das Sportgericht des Deutschen Fu\u00dfball-Bundes (DFB) hat den Bundesligisten FC St.\u2026","rel":"","context":"In &quot;FC St. Pauli&quot;","block_context":{"text":"FC St. Pauli","link":"https:\/\/textundblog.de\/?cat=76"},"img":{"alt_text":"","src":"","width":0,"height":0},"classes":[]},{"id":624,"url":"https:\/\/textundblog.de\/?p=624","url_meta":{"origin":111,"position":4},"title":"Kommunikation via E-Mail","author":"Markus","date":"8\/11\/2005","format":false,"excerpt":"Perun erl\u00e4utert den Umgang mit dem Medium E-Mail. Dort jedoch nicht unter dem Aspekt der Selbstorganisation, sondern mit einer Aufz\u00e4hlung der Fehler, die in der Kommunikation \u00fcber die elektronische Post (leider) immer wieder gemacht werden.","rel":"","context":"In &quot;Artikel&quot;","block_context":{"text":"Artikel","link":"https:\/\/textundblog.de\/?cat=5"},"img":{"alt_text":"","src":"","width":0,"height":0},"classes":[]},{"id":1890,"url":"https:\/\/textundblog.de\/?p=1890","url_meta":{"origin":111,"position":5},"title":"Nico Zorn: Praxishandbuch E-Mail und RSS-Marketing","author":"Markus","date":"7\/11\/2007","format":false,"excerpt":"Nico Zorn hat seine Tipps zum effektiven Einsatz von Newslettern und RSS in einem Buch ver\u00f6ffentlicht, das der Verlag nach Registrierung auch kostenlos zum Download anbietet: \u00abPraxishandbuch E-Mail und RSS-Marketing\u00bb. Man merkt dem Buch die Umsetzung von Erfahrungswerten aus der Praxis an. Auf 80 Seiten werden nicht nur sinnvolle Begr\u00fc\u00dfungstexte\u2026","rel":"","context":"In &quot;Informationskompetenz&quot;","block_context":{"text":"Informationskompetenz","link":"https:\/\/textundblog.de\/?cat=16"},"img":{"alt_text":"Praxishandbuch E-Mail und RSS-Marketing","src":"https:\/\/i0.wp.com\/textundblog.de\/wp-content\/emailmarketing.jpg?resize=350%2C200&ssl=1","width":350,"height":200},"classes":[]}],"_links":{"self":[{"href":"https:\/\/textundblog.de\/index.php?rest_route=\/wp\/v2\/posts\/111","targetHints":{"allow":["GET"]}}],"collection":[{"href":"https:\/\/textundblog.de\/index.php?rest_route=\/wp\/v2\/posts"}],"about":[{"href":"https:\/\/textundblog.de\/index.php?rest_route=\/wp\/v2\/types\/post"}],"author":[{"embeddable":true,"href":"https:\/\/textundblog.de\/index.php?rest_route=\/wp\/v2\/users\/1"}],"replies":[{"embeddable":true,"href":"https:\/\/textundblog.de\/index.php?rest_route=%2Fwp%2Fv2%2Fcomments&post=111"}],"version-history":[{"count":0,"href":"https:\/\/textundblog.de\/index.php?rest_route=\/wp\/v2\/posts\/111\/revisions"}],"wp:attachment":[{"href":"https:\/\/textundblog.de\/index.php?rest_route=%2Fwp%2Fv2%2Fmedia&parent=111"}],"wp:term":[{"taxonomy":"category","embeddable":true,"href":"https:\/\/textundblog.de\/index.php?rest_route=%2Fwp%2Fv2%2Fcategories&post=111"},{"taxonomy":"post_tag","embeddable":true,"href":"https:\/\/textundblog.de\/index.php?rest_route=%2Fwp%2Fv2%2Ftags&post=111"}],"curies":[{"name":"wp","href":"https:\/\/api.w.org\/{rel}","templated":true}]}}