{"id":10904,"date":"2024-12-15T14:04:05","date_gmt":"2024-12-15T13:04:05","guid":{"rendered":"https:\/\/textundblog.de\/?p=10904"},"modified":"2024-12-15T14:05:17","modified_gmt":"2024-12-15T13:05:17","slug":"keine-reichweite-fuer-fake-news","status":"publish","type":"post","link":"https:\/\/textundblog.de\/?p=10904","title":{"rendered":"Keine Reichweite f\u00fcr Fake News"},"content":{"rendered":"<p><a href=\"https:\/\/i0.wp.com\/textundblog.de\/wp-content\/IMG_8153.png?ssl=1\"><img data-recalc-dims=\"1\" loading=\"lazy\" decoding=\"async\" data-attachment-id=\"10645\" data-permalink=\"https:\/\/textundblog.de\/?attachment_id=10645\" data-orig-file=\"https:\/\/i0.wp.com\/textundblog.de\/wp-content\/IMG_8153.png?fit=320%2C320&amp;ssl=1\" data-orig-size=\"320,320\" data-comments-opened=\"1\" data-image-meta=\"{&quot;aperture&quot;:&quot;0&quot;,&quot;credit&quot;:&quot;&quot;,&quot;camera&quot;:&quot;&quot;,&quot;caption&quot;:&quot;&quot;,&quot;created_timestamp&quot;:&quot;0&quot;,&quot;copyright&quot;:&quot;&quot;,&quot;focal_length&quot;:&quot;0&quot;,&quot;iso&quot;:&quot;0&quot;,&quot;shutter_speed&quot;:&quot;0&quot;,&quot;title&quot;:&quot;&quot;,&quot;orientation&quot;:&quot;0&quot;}\" data-image-title=\"IMG_8153\" data-image-description=\"\" data-image-caption=\"\" data-large-file=\"https:\/\/i0.wp.com\/textundblog.de\/wp-content\/IMG_8153.png?fit=320%2C320&amp;ssl=1\" title=\"IMG_8153\"  src=\"https:\/\/i0.wp.com\/textundblog.de\/wp-content\/IMG_8153.png?resize=150%2C150&#038;ssl=1\" alt=\"\" width=\"150\" height=\"150\" class=\"alignright size-thumbnail wp-image-10645\" srcset=\"https:\/\/i0.wp.com\/textundblog.de\/wp-content\/IMG_8153.png?resize=150%2C150&amp;ssl=1 150w, https:\/\/i0.wp.com\/textundblog.de\/wp-content\/IMG_8153.png?resize=300%2C300&amp;ssl=1 300w, https:\/\/i0.wp.com\/textundblog.de\/wp-content\/IMG_8153.png?w=320&amp;ssl=1 320w\" sizes=\"auto, (max-width: 150px) 100vw, 150px\" \/><\/a> Mit dem rasch zunehmenden Erfolg und der steigenden Reichweite von Bluesky kommen auch die politischen Bots und Fake-News-Schleudern in den blauen Himmel. Wie diese eingesetzt werden, zeigt die h\u00f6chst sehenswerte Arte-Doku \u201e<a href=\"https:\/\/bsky.app\/profile\/textundblog.bsky.social\/post\/3lddqdsuxhk2m\"> Putins Netzwerk in Europa <\/a>\u201c. Diese Fakeaccounts gilt es zu ignorieren, zu blockieren und es sollte auf keinen Fall auf ihre Provokativen geantwortet werden, um ihnen keine Reichweite zu geben. Oder wie es <a href=\"https:\/\/bsky.app\/profile\/kattascha.bsky.social\">@kattascha.bsky.social<\/a> im \u201e<a href=\"https:\/\/bsky.app\/profile\/kattascha.bsky.social\/post\/3ld3onhhs6k23\">Skeet der Woche<\/a>\u201c sagt: \u201eDon\u2019t feed the Trolls!\u201c:<br \/>\n<!--more--><\/p>\n<blockquote class=\"bluesky-embed\" data-bluesky-uri=\"at:\/\/did:plc:gpnxp4mccs55m6ofoaru4iw6\/app.bsky.feed.post\/3ld3onhhs6k23\" data-bluesky-cid=\"bafyreictcwephhxvtxduv6abdk3j2heglfxkdc22kj3qqkljo4exyrnzfm\">\n<p lang=\"de\">Langsam tauchen hier auch Accounts auf, deren Inhaber scheinbar haupts\u00e4chlich damit besch\u00e4ftigt sind, Provokationen abzusetzen. Ich wei\u00df, wie es in den Fingern juckt, auf so etwas zu reagieren\u2026 Doch es gibt einen guten Grund, warum eine der \u00e4ltesten Internetweisheiten lautet: Don\u2018t feed the Trolls!?<\/p>\n<p>&mdash; Katharina Nocun (<a href=\"https:\/\/bsky.app\/profile\/did:plc:gpnxp4mccs55m6ofoaru4iw6?ref_src=embed\">@kattascha.bsky.social<\/a>) <a href=\"https:\/\/bsky.app\/profile\/did:plc:gpnxp4mccs55m6ofoaru4iw6\/post\/3ld3onhhs6k23?ref_src=embed\">12. Dezember 2024 um 07:52<\/a><\/p><\/blockquote>\n<p><script async src=\"https:\/\/embed.bsky.app\/static\/embed.js\" charset=\"utf-8\"><\/script><\/p>\n<p>Hier geht\u2019s zu den vergangenen <a href=\"https:\/\/textundblog.de\/?tag=SkeetDerWoche\">Skeets der Woche<\/a>.<\/p>\n","protected":false},"excerpt":{"rendered":"<p>Mit dem rasch zunehmenden Erfolg und der steigenden Reichweite von Bluesky kommen auch die politischen Bots und Fake-News-Schleudern in den blauen Himmel. Wie diese eingesetzt werden, zeigt die h\u00f6chst sehenswerte Arte-Doku \u201e Putins Netzwerk in Europa \u201c. Diese Fakeaccounts gilt es zu ignorieren, zu blockieren und es sollte auf keinen Fall auf ihre Provokativen geantwortet [&hellip;]<\/p>\n","protected":false},"author":1,"featured_media":0,"comment_status":"open","ping_status":"open","sticky":false,"template":"","format":"standard","meta":{"site-sidebar-layout":"default","site-content-layout":"","ast-site-content-layout":"default","site-content-style":"default","site-sidebar-style":"default","ast-global-header-display":"","ast-banner-title-visibility":"","ast-main-header-display":"","ast-hfb-above-header-display":"","ast-hfb-below-header-display":"","ast-hfb-mobile-header-display":"","site-post-title":"","ast-breadcrumbs-content":"","ast-featured-img":"","footer-sml-layout":"","theme-transparent-header-meta":"default","adv-header-id-meta":"","stick-header-meta":"","header-above-stick-meta":"","header-main-stick-meta":"","header-below-stick-meta":"","astra-migrate-meta-layouts":"set","ast-page-background-enabled":"default","ast-page-background-meta":{"desktop":{"background-color":"var(--ast-global-color-4)","background-image":"","background-repeat":"repeat","background-position":"center center","background-size":"auto","background-attachment":"scroll","background-type":"","background-media":"","overlay-type":"","overlay-color":"","overlay-opacity":"","overlay-gradient":""},"tablet":{"background-color":"","background-image":"","background-repeat":"repeat","background-position":"center center","background-size":"auto","background-attachment":"scroll","background-type":"","background-media":"","overlay-type":"","overlay-color":"","overlay-opacity":"","overlay-gradient":""},"mobile":{"background-color":"","background-image":"","background-repeat":"repeat","background-position":"center center","background-size":"auto","background-attachment":"scroll","background-type":"","background-media":"","overlay-type":"","overlay-color":"","overlay-opacity":"","overlay-gradient":""}},"ast-content-background-meta":{"desktop":{"background-color":"var(--ast-global-color-5)","background-image":"","background-repeat":"repeat","background-position":"center center","background-size":"auto","background-attachment":"scroll","background-type":"","background-media":"","overlay-type":"","overlay-color":"","overlay-opacity":"","overlay-gradient":""},"tablet":{"background-color":"var(--ast-global-color-5)","background-image":"","background-repeat":"repeat","background-position":"center center","background-size":"auto","background-attachment":"scroll","background-type":"","background-media":"","overlay-type":"","overlay-color":"","overlay-opacity":"","overlay-gradient":""},"mobile":{"background-color":"var(--ast-global-color-5)","background-image":"","background-repeat":"repeat","background-position":"center center","background-size":"auto","background-attachment":"scroll","background-type":"","background-media":"","overlay-type":"","overlay-color":"","overlay-opacity":"","overlay-gradient":""}},"ngg_post_thumbnail":0,"jetpack_post_was_ever_published":false,"_jetpack_newsletter_access":"","_jetpack_dont_email_post_to_subs":false,"_jetpack_newsletter_tier_id":0,"_jetpack_memberships_contains_paywalled_content":false,"_jetpack_memberships_contains_paid_content":false,"footnotes":""},"categories":[33,9],"tags":[87],"class_list":["post-10904","post","type-post","status-publish","format-standard","hentry","category-twitter","category-politik","tag-skeetderwoche"],"jetpack_featured_media_url":"","jetpack_sharing_enabled":true,"jetpack_shortlink":"https:\/\/wp.me\/p4uzZ-2PS","jetpack-related-posts":[{"id":10933,"url":"https:\/\/textundblog.de\/?p=10933","url_meta":{"origin":10904,"position":0},"title":"Es gibt bessere Alternativen als X","author":"Markus Trapp","date":"12\/1\/2025","format":false,"excerpt":"\u00dcber 60 Universit\u00e4ten haben diese Woche Twitter verlassen, darunter auch meine Heimatuni, die Universit\u00e4t des Saarlandes. Richtige Entscheidung, wichtige Entscheidung, der auch im Ausland viel Aufmerksamkeit gewidmet wurde. Die vormals - und fr\u00fcher auch von mir - aufgef\u00fchrten Argumente, dort noch bleiben zu m\u00fcssen (Mein Netzwerk, meine Reichweite, dagegen halten)\u2026","rel":"","context":"In &quot;Internet&quot;","block_context":{"text":"Internet","link":"https:\/\/textundblog.de\/?cat=4"},"img":{"alt_text":"","src":"https:\/\/i0.wp.com\/textundblog.de\/wp-content\/IMG_8153-150x150.png?resize=350%2C200&ssl=1","width":350,"height":200},"classes":[]},{"id":7762,"url":"https:\/\/textundblog.de\/?p=7762","url_meta":{"origin":10904,"position":1},"title":"Investigativer Journalismus in Social-Media-Zeiten des Fake-News-Rauschens","author":"Markus","date":"24\/2\/2017","format":false,"excerpt":"Nun ist endlich gekl\u00e4rt, woher die wundersame Aufstieg der SPD in den Umfragen r\u00fchrt. Der Schl\u00fcssel liegt beim Nachbarn. Investigativer Journalismus in Social-Media-Zeiten des Fake-News-Rauschens muss mit dem Tweet der Woche belohnt werden. Gl\u00fcckwunsch, @extra3: https:\/\/twitter.com\/extra3\/status\/835114058005237760 Hier geht's zu den vergangenen Tweets der Woche.","rel":"","context":"In &quot;Bluesky&quot;","block_context":{"text":"Bluesky","link":"https:\/\/textundblog.de\/?cat=33"},"img":{"alt_text":"Tweet der Woche","src":"wp-images\/tweetderwoche2-200x96.jpg","width":350,"height":200},"classes":[]},{"id":821,"url":"https:\/\/textundblog.de\/?p=821","url_meta":{"origin":10904,"position":2},"title":"Blogs sind Soziale Software","author":"Markus","date":"18\/2\/2006","format":false,"excerpt":"Zwei Leseempfehlungen zum Thema Weblogs, beide vom gleichen Autor: Jan Schmidt, beide ver\u00f6ffentlicht auf politik-digital.de, und beide kurz und pr\u00e4gnant: \u00abWie ich blogge?!\u00bb \u00abWeblogs als \"Social Software\"\u00bb: Drei Leitbilder sind dabei pr\u00e4gend: Die pers\u00f6nliche Authentizit\u00e4t, die sich in den Beitr\u00e4gen und in der Gestaltung eines Weblogs ausdr\u00fcckt; die Dialogorientierung, die\u2026","rel":"","context":"In &quot;Artikel&quot;","block_context":{"text":"Artikel","link":"https:\/\/textundblog.de\/?cat=5"},"img":{"alt_text":"","src":"","width":0,"height":0},"classes":[]},{"id":10611,"url":"https:\/\/textundblog.de\/?p=10611","url_meta":{"origin":10904,"position":3},"title":"BlueSky seit heute offen sichtbar","author":"Markus","date":"22\/12\/2023","format":false,"excerpt":"Mit der neuen Version des Twitter-Nachfolgers BlueSky ist heute auch eine wichtige \u00c4nderung umgesetzt worden, auf die ich schon lange gewartet habe: Man kann BlueSky-Links auch aufrufen, wenn man nicht bei dem Dienst angemeldet ist. Ihr findet mich unter der Adresse https:\/\/bsky.app\/profile\/textundblog.bsky.social und die Stabi unter https:\/\/bsky.app\/profile\/stabihh.bsky.social. Vielleicht gibt es\u2026","rel":"","context":"In &quot;Internet&quot;","block_context":{"text":"Internet","link":"https:\/\/textundblog.de\/?cat=4"},"img":{"alt_text":"","src":"https:\/\/i0.wp.com\/textundblog.de\/wp-content\/IMG_2638-516x1024.jpeg?resize=350%2C200&ssl=1","width":350,"height":200},"classes":[]},{"id":11089,"url":"https:\/\/textundblog.de\/?p=11089","url_meta":{"origin":10904,"position":4},"title":"ARTE-Empfehlungen auf Bluesky","author":"Markus Trapp","date":"6\/7\/2025","format":false,"excerpt":"ARTE ist und hat so ein gro\u00dfartiges Programm. Ich werde ja nicht m\u00fcde in meinem Bluesky-Account oder im Account des @fidromanistik.bsky.social, den ich als Bibliothekar betreue, das Programm von @artede.bsky.social zu empfehlen. Die Links in meinen Arte-Skeets (hier im \u00dcberblick) f\u00fchren alle in die Mediathek von #ARTE. Im Account des\u2026","rel":"","context":"In &quot;Bluesky&quot;","block_context":{"text":"Bluesky","link":"https:\/\/textundblog.de\/?cat=33"},"img":{"alt_text":"Screenshots der letzten 20 Skeets, in den ich Filme und Dokumentation auf ARTE empfehle.","src":"https:\/\/i0.wp.com\/textundblog.de\/wp-content\/arte-screenshot-5x4-1-1024x675.jpg?resize=350%2C200&ssl=1","width":350,"height":200,"srcset":"https:\/\/i0.wp.com\/textundblog.de\/wp-content\/arte-screenshot-5x4-1-1024x675.jpg?resize=350%2C200&ssl=1 1x, https:\/\/i0.wp.com\/textundblog.de\/wp-content\/arte-screenshot-5x4-1-1024x675.jpg?resize=525%2C300&ssl=1 1.5x, https:\/\/i0.wp.com\/textundblog.de\/wp-content\/arte-screenshot-5x4-1-1024x675.jpg?resize=700%2C400&ssl=1 2x"},"classes":[]},{"id":11003,"url":"https:\/\/textundblog.de\/?p=11003","url_meta":{"origin":10904,"position":5},"title":"Journalismus fehlt es oft an Einordnung","author":"Markus Trapp","date":"13\/4\/2025","format":false,"excerpt":"Viel zu oft fehlt mir beim Journalismus die Einordnung. Zu h\u00e4ufig werden Pressemitteilungen oder Verlautbarungen politischer Vertreter oder gesellschaftlich relevanter Institutionen wiedergegeben, ohne sie kritisch zu reflektieren oder deren Nachrichtengehalt einzuordnen. @jensscholz.com bringt es im \u201eSkeet der Woche\u201c auf den Punkt: https:\/\/bsky.app\/profile\/jensscholz.com\/post\/3lmorpx4xxk2s Hier geht\u2019s zu den vergangenen Skeets der Woche.","rel":"","context":"In &quot;Bluesky&quot;","block_context":{"text":"Bluesky","link":"https:\/\/textundblog.de\/?cat=33"},"img":{"alt_text":"","src":"https:\/\/i0.wp.com\/textundblog.de\/wp-content\/IMG_8153-150x150.png?resize=350%2C200&ssl=1","width":350,"height":200},"classes":[]}],"_links":{"self":[{"href":"https:\/\/textundblog.de\/index.php?rest_route=\/wp\/v2\/posts\/10904","targetHints":{"allow":["GET"]}}],"collection":[{"href":"https:\/\/textundblog.de\/index.php?rest_route=\/wp\/v2\/posts"}],"about":[{"href":"https:\/\/textundblog.de\/index.php?rest_route=\/wp\/v2\/types\/post"}],"author":[{"embeddable":true,"href":"https:\/\/textundblog.de\/index.php?rest_route=\/wp\/v2\/users\/1"}],"replies":[{"embeddable":true,"href":"https:\/\/textundblog.de\/index.php?rest_route=%2Fwp%2Fv2%2Fcomments&post=10904"}],"version-history":[{"count":0,"href":"https:\/\/textundblog.de\/index.php?rest_route=\/wp\/v2\/posts\/10904\/revisions"}],"wp:attachment":[{"href":"https:\/\/textundblog.de\/index.php?rest_route=%2Fwp%2Fv2%2Fmedia&parent=10904"}],"wp:term":[{"taxonomy":"category","embeddable":true,"href":"https:\/\/textundblog.de\/index.php?rest_route=%2Fwp%2Fv2%2Fcategories&post=10904"},{"taxonomy":"post_tag","embeddable":true,"href":"https:\/\/textundblog.de\/index.php?rest_route=%2Fwp%2Fv2%2Ftags&post=10904"}],"curies":[{"name":"wp","href":"https:\/\/api.w.org\/{rel}","templated":true}]}}