{"id":109,"date":"2005-01-02T23:43:42","date_gmt":"2005-01-02T22:43:42","guid":{"rendered":"http:\/\/textundblog.de\/?p=109"},"modified":"2005-01-02T23:44:58","modified_gmt":"2005-01-02T22:44:58","slug":"neue-heimat-fur-den-moderator-der-hobbythek","status":"publish","type":"post","link":"https:\/\/textundblog.de\/?p=109","title":{"rendered":"Neue Heimat f\u00fcr den Moderator der Hobbythek"},"content":{"rendered":"<p><a href=\"http:\/\/www.tvmatrix.de\/?newsid=5347\">Jean P\u00fctz wechselt zum ZDF<\/a><\/p>\n","protected":false},"excerpt":{"rendered":"<p>Jean P\u00fctz wechselt zum ZDF<\/p>\n","protected":false},"author":1,"featured_media":0,"comment_status":"open","ping_status":"open","sticky":false,"template":"","format":"standard","meta":{"site-sidebar-layout":"default","site-content-layout":"","ast-site-content-layout":"default","site-content-style":"default","site-sidebar-style":"default","ast-global-header-display":"","ast-banner-title-visibility":"","ast-main-header-display":"","ast-hfb-above-header-display":"","ast-hfb-below-header-display":"","ast-hfb-mobile-header-display":"","site-post-title":"","ast-breadcrumbs-content":"","ast-featured-img":"","footer-sml-layout":"","theme-transparent-header-meta":"","adv-header-id-meta":"","stick-header-meta":"","header-above-stick-meta":"","header-main-stick-meta":"","header-below-stick-meta":"","astra-migrate-meta-layouts":"default","ast-page-background-enabled":"default","ast-page-background-meta":{"desktop":{"background-color":"var(--ast-global-color-4)","background-image":"","background-repeat":"repeat","background-position":"center center","background-size":"auto","background-attachment":"scroll","background-type":"","background-media":"","overlay-type":"","overlay-color":"","overlay-opacity":"","overlay-gradient":""},"tablet":{"background-color":"","background-image":"","background-repeat":"repeat","background-position":"center center","background-size":"auto","background-attachment":"scroll","background-type":"","background-media":"","overlay-type":"","overlay-color":"","overlay-opacity":"","overlay-gradient":""},"mobile":{"background-color":"","background-image":"","background-repeat":"repeat","background-position":"center center","background-size":"auto","background-attachment":"scroll","background-type":"","background-media":"","overlay-type":"","overlay-color":"","overlay-opacity":"","overlay-gradient":""}},"ast-content-background-meta":{"desktop":{"background-color":"var(--ast-global-color-5)","background-image":"","background-repeat":"repeat","background-position":"center center","background-size":"auto","background-attachment":"scroll","background-type":"","background-media":"","overlay-type":"","overlay-color":"","overlay-opacity":"","overlay-gradient":""},"tablet":{"background-color":"var(--ast-global-color-5)","background-image":"","background-repeat":"repeat","background-position":"center center","background-size":"auto","background-attachment":"scroll","background-type":"","background-media":"","overlay-type":"","overlay-color":"","overlay-opacity":"","overlay-gradient":""},"mobile":{"background-color":"var(--ast-global-color-5)","background-image":"","background-repeat":"repeat","background-position":"center center","background-size":"auto","background-attachment":"scroll","background-type":"","background-media":"","overlay-type":"","overlay-color":"","overlay-opacity":"","overlay-gradient":""}},"ngg_post_thumbnail":0,"jetpack_post_was_ever_published":false,"_jetpack_newsletter_access":"","_jetpack_dont_email_post_to_subs":false,"_jetpack_newsletter_tier_id":0,"_jetpack_memberships_contains_paywalled_content":false,"_jetpack_memberships_contains_paid_content":false,"footnotes":""},"categories":[3],"tags":[],"class_list":["post-109","post","type-post","status-publish","format-standard","hentry","category-tv"],"jetpack_featured_media_url":"","jetpack_sharing_enabled":true,"jetpack_shortlink":"https:\/\/wp.me\/p4uzZ-1L","jetpack-related-posts":[{"id":1280,"url":"https:\/\/textundblog.de\/?p=1280","url_meta":{"origin":109,"position":0},"title":"Golden Graffiti &#8211; Foto aus Saarbr\u00fccken","author":"Markus","date":"10\/11\/2006","format":false,"excerpt":"MoonSoleil liebt wie ich Saarbr\u00fccken. Im Gegensatz zu mir, der ich letztes Jahr in das ebenso wundersch\u00f6ne Hamburg gezogen bin, lebt sie auch noch dort. Und MoonSoleil stellt jeden Tag ein Foto von Saarbr\u00fccken in ihrem Blog Saarbr\u00fccken Daily Photo vor. Heute hat sie Golden Graffiti vorgestellt und erkl\u00e4rt sehr\u2026","rel":"","context":"In &quot;Foto&quot;","block_context":{"text":"Foto","link":"https:\/\/textundblog.de\/?cat=10"},"img":{"alt_text":"MoonSoleil: Golden Graffiti","src":".\/wp-content\/goldengraffiti.jpg","width":350,"height":200},"classes":[]},{"id":4112,"url":"https:\/\/textundblog.de\/?p=4112","url_meta":{"origin":109,"position":1},"title":"Bereicherung der TV-Landschaft \u2013 ZDF Kultur: Web &#038; TV w\u00e4chst zusammen","author":"Markus","date":"8\/5\/2011","format":false,"excerpt":"Gestern ist mit ZDF Kultur ein neuer Sender in Deutschland an den Start gegangen. ZDF Kultur verfolgt das - die einen sagen: innovative, ich w\u00fcrde sagen: einzig logische \u2013 Konzept, Web & TV n\u00e4her zusammen zu bringen. Wenn er das konsequent umsetzt, und erste gute Ans\u00e4tze daf\u00fcr sind schon zu\u2026","rel":"","context":"In &quot;Internet&quot;","block_context":{"text":"Internet","link":"https:\/\/textundblog.de\/?cat=4"},"img":{"alt_text":"Moderator Jo Sch\u00fcck in der Premierensendung von 'Der Marker'","src":"https:\/\/i0.wp.com\/textundblog.de\/wp-content\/dermarker.jpg?resize=350%2C200&ssl=1","width":350,"height":200},"classes":[]},{"id":4168,"url":"https:\/\/textundblog.de\/?p=4168","url_meta":{"origin":109,"position":2},"title":"Pixelmacher auf ZDFkultur zeigen Schattenspiele","author":"Markus","date":"10\/6\/2011","format":false,"excerpt":"Wie sehr der neue Sender ZDFkultur die deutschsprachige TV-Landschaft in k\u00fcrzester Zeit bereichert hat, konnten bereits alle nachvollziehen, die sich das Programm aufgrund eigener Entdeckungsreisen oder auf meine EmpfehlungZum Sendestart von ZDFkultur Anfang Mai 2011 schrieb ich: Bereicherung der TV-Landschaft \u2013 ZDF Kultur: Web & TV w\u00e4chst zusammen hin angeschaut\u2026","rel":"","context":"In &quot;Software&quot;","block_context":{"text":"Software","link":"https:\/\/textundblog.de\/?cat=21"},"img":{"alt_text":"Pixelmacher","src":"https:\/\/i0.wp.com\/textundblog.de\/wp-content\/pixelmacher-zdfkultur.jpg?resize=350%2C200&ssl=1","width":350,"height":200},"classes":[]},{"id":2139,"url":"https:\/\/textundblog.de\/?p=2139","url_meta":{"origin":109,"position":3},"title":"Zattoo jetzt auch mit allen ARD- und ZDF-Programmen","author":"Markus","date":"7\/4\/2008","format":false,"excerpt":"Gute Nachricht etwa f\u00fcr alle Exil-Saarl\u00e4nder, die au\u00dferhalb des Saarlandes mehr aus der alten Heimat erfahren wollen: Seit ARD, ZDF und die dritten Programme des \u00d6ffentlich-rechtlichen-Rundfunks auch in Zattoo eingespeist werden, kann man au\u00dferhalb des saarl\u00e4ndischen Sendegebietes weltweit zum Beispiel den Aktuellen Bericht oder die Sport-Arena schauen. Doch auch Tatort-Fans\u2026","rel":"","context":"In &quot;Saarland&quot;","block_context":{"text":"Saarland","link":"https:\/\/textundblog.de\/?cat=12"},"img":{"alt_text":"SR - Aktueller Bericht auf Zattoo","src":"https:\/\/i0.wp.com\/textundblog.de\/wp-content\/zattoosr2.jpg?resize=350%2C200&ssl=1","width":350,"height":200},"classes":[]},{"id":2043,"url":"https:\/\/textundblog.de\/?p=2043","url_meta":{"origin":109,"position":4},"title":"Das letzte Drehbuch &#8211; Erinnerungen an Luis Bu\u00f1uel","author":"Markus","date":"18\/2\/2008","format":false,"excerpt":"Javier Espada und Gaizka Urresti haben auf der Berlinale einen noch nicht ganz fertigen Dokumentarfilm \u00fcber Luis Bu\u00f1uel vorgestellt, in dem sich Bu\u00f1uels Sohn Juan Luis gemeinsam mit Bu\u00f1uels Drehbuchautor und Freund Jean-Claude Carri\u00e8re auf die Suche nach Leben und Werk des Regisseurs machen, \u00fcber dessen mexikanische Filme ich meine\u2026","rel":"","context":"In &quot;Kino&quot;","block_context":{"text":"Kino","link":"https:\/\/textundblog.de\/?cat=2"},"img":{"alt_text":"Jean-Claude Carri\u00e8re (links) und Bu\u00f1uels Sohn Juan Luis Bu\u00f1uel  \u00a9 ZDF \/ Javier Espada \/ MilColores Media","src":"https:\/\/i0.wp.com\/textundblog.de\/wp-content\/elultimoguion.jpg?resize=350%2C200&ssl=1","width":350,"height":200},"classes":[]},{"id":3532,"url":"https:\/\/textundblog.de\/?p=3532","url_meta":{"origin":109,"position":5},"title":"Roland Koch und der R\u00fccktritt am Towel Day","author":"Markus","date":"25\/5\/2010","format":false,"excerpt":"Jetzt muss ich ja auch mal 'nen Screenshot von meinem Tweet von heute Morgen machen. Nachdem ich es mit einem Tweet mal in die New York Times (und Hunderte weitere internationale Meldungen geschafft hatte), hat es der heutige Tweet in der Mittagszeit als Screenshot offensichtlich zwei mal ins ZDF-Programm geschafft,\u2026","rel":"","context":"In &quot;Bluesky&quot;","block_context":{"text":"Bluesky","link":"https:\/\/textundblog.de\/?cat=33"},"img":{"alt_text":"Mein Tweet zum Koch-R\u00fccktritt","src":"https:\/\/i0.wp.com\/textundblog.de\/wp-content\/kochtowel.png?resize=350%2C200&ssl=1","width":350,"height":200},"classes":[]}],"_links":{"self":[{"href":"https:\/\/textundblog.de\/index.php?rest_route=\/wp\/v2\/posts\/109","targetHints":{"allow":["GET"]}}],"collection":[{"href":"https:\/\/textundblog.de\/index.php?rest_route=\/wp\/v2\/posts"}],"about":[{"href":"https:\/\/textundblog.de\/index.php?rest_route=\/wp\/v2\/types\/post"}],"author":[{"embeddable":true,"href":"https:\/\/textundblog.de\/index.php?rest_route=\/wp\/v2\/users\/1"}],"replies":[{"embeddable":true,"href":"https:\/\/textundblog.de\/index.php?rest_route=%2Fwp%2Fv2%2Fcomments&post=109"}],"version-history":[{"count":0,"href":"https:\/\/textundblog.de\/index.php?rest_route=\/wp\/v2\/posts\/109\/revisions"}],"wp:attachment":[{"href":"https:\/\/textundblog.de\/index.php?rest_route=%2Fwp%2Fv2%2Fmedia&parent=109"}],"wp:term":[{"taxonomy":"category","embeddable":true,"href":"https:\/\/textundblog.de\/index.php?rest_route=%2Fwp%2Fv2%2Fcategories&post=109"},{"taxonomy":"post_tag","embeddable":true,"href":"https:\/\/textundblog.de\/index.php?rest_route=%2Fwp%2Fv2%2Ftags&post=109"}],"curies":[{"name":"wp","href":"https:\/\/api.w.org\/{rel}","templated":true}]}}