{"id":10710,"date":"2024-03-24T12:20:46","date_gmt":"2024-03-24T11:20:46","guid":{"rendered":"https:\/\/textundblog.de\/?p=10710"},"modified":"2024-03-24T12:24:34","modified_gmt":"2024-03-24T11:24:34","slug":"wortgeschichte-erklaert-die-herkunft-der-woerter","status":"publish","type":"post","link":"https:\/\/textundblog.de\/?p=10710","title":{"rendered":"Wortgeschichte erkl\u00e4rt die Herkunft der W\u00f6rter"},"content":{"rendered":"<p><a href=\"https:\/\/i0.wp.com\/textundblog.de\/wp-content\/IMG_8153.png?ssl=1\"><img data-recalc-dims=\"1\" loading=\"lazy\" decoding=\"async\" data-attachment-id=\"10645\" data-permalink=\"https:\/\/textundblog.de\/?attachment_id=10645\" data-orig-file=\"https:\/\/i0.wp.com\/textundblog.de\/wp-content\/IMG_8153.png?fit=320%2C320&amp;ssl=1\" data-orig-size=\"320,320\" data-comments-opened=\"1\" data-image-meta=\"{&quot;aperture&quot;:&quot;0&quot;,&quot;credit&quot;:&quot;&quot;,&quot;camera&quot;:&quot;&quot;,&quot;caption&quot;:&quot;&quot;,&quot;created_timestamp&quot;:&quot;0&quot;,&quot;copyright&quot;:&quot;&quot;,&quot;focal_length&quot;:&quot;0&quot;,&quot;iso&quot;:&quot;0&quot;,&quot;shutter_speed&quot;:&quot;0&quot;,&quot;title&quot;:&quot;&quot;,&quot;orientation&quot;:&quot;0&quot;}\" data-image-title=\"IMG_8153\" data-image-description=\"\" data-image-caption=\"\" data-large-file=\"https:\/\/i0.wp.com\/textundblog.de\/wp-content\/IMG_8153.png?fit=320%2C320&amp;ssl=1\" title=\"IMG_8153\"  src=\"https:\/\/i0.wp.com\/textundblog.de\/wp-content\/IMG_8153.png?resize=150%2C150&#038;ssl=1\" alt=\"\" width=\"150\" height=\"150\" class=\"alignright size-thumbnail wp-image-10645\" srcset=\"https:\/\/i0.wp.com\/textundblog.de\/wp-content\/IMG_8153.png?resize=150%2C150&amp;ssl=1 150w, https:\/\/i0.wp.com\/textundblog.de\/wp-content\/IMG_8153.png?resize=300%2C300&amp;ssl=1 300w, https:\/\/i0.wp.com\/textundblog.de\/wp-content\/IMG_8153.png?w=320&amp;ssl=1 320w\" sizes=\"auto, (max-width: 150px) 100vw, 150px\" \/><\/a> Ich finde es immer spannend, die Herkunft von W\u00f6rtern, die wir in unserer allt\u00e4glichen Sprache benutzen, zu erfahren. Ein wissenschaftliches Projekt, das sich unter anderem mit der Ethymologie besch\u00e4ftigt, ist Wortgeschichte digital (WGd). Im \u201e<a href=\"https:\/\/bsky.app\/profile\/wortgeschichte.bsky.social\/post\/3ko4hz553pu26\">Skeet der Woche<\/a>\u201c erkl\u00e4ren sie im folgenswerten Account <a href=\"https:\/\/bsky.app\/profile\/wortgeschichte.bsky.social\/\">@wortgeschichte<\/a> die Herkunft des Begriffs <em>kungeln<\/em>, im Sinne von geheime Absprachen treffen:<br \/>\n<!--more--><br \/>\n<a href=\"https:\/\/bsky.app\/profile\/wortgeschichte.bsky.social\/post\/3ko4hz553pu26\"><img data-recalc-dims=\"1\" loading=\"lazy\" decoding=\"async\" data-attachment-id=\"10720\" data-permalink=\"https:\/\/textundblog.de\/?attachment_id=10720\" data-orig-file=\"https:\/\/i0.wp.com\/textundblog.de\/wp-content\/IMG_8491.jpeg?fit=1234%2C911&amp;ssl=1\" data-orig-size=\"1234,911\" data-comments-opened=\"1\" data-image-meta=\"{&quot;aperture&quot;:&quot;0&quot;,&quot;credit&quot;:&quot;&quot;,&quot;camera&quot;:&quot;&quot;,&quot;caption&quot;:&quot;&quot;,&quot;created_timestamp&quot;:&quot;0&quot;,&quot;copyright&quot;:&quot;&quot;,&quot;focal_length&quot;:&quot;0&quot;,&quot;iso&quot;:&quot;0&quot;,&quot;shutter_speed&quot;:&quot;0&quot;,&quot;title&quot;:&quot;&quot;,&quot;orientation&quot;:&quot;1&quot;}\" data-image-title=\"IMG_8491\" data-image-description=\"&lt;p&gt;Screenshot @wortgeschichte&lt;\/p&gt;\n\" data-image-caption=\"\" data-large-file=\"https:\/\/i0.wp.com\/textundblog.de\/wp-content\/IMG_8491.jpeg?fit=1024%2C756&amp;ssl=1\" title=\"IMG_8491\"  src=\"https:\/\/i0.wp.com\/textundblog.de\/wp-content\/IMG_8491.jpeg?resize=1024%2C756&#038;ssl=1\" alt=\"Screenshot @wortgeschichte\" width=\"1024\" height=\"756\" class=\"aligncenter size-large wp-image-10720\" srcset=\"https:\/\/i0.wp.com\/textundblog.de\/wp-content\/IMG_8491.jpeg?resize=1024%2C756&amp;ssl=1 1024w, https:\/\/i0.wp.com\/textundblog.de\/wp-content\/IMG_8491.jpeg?resize=300%2C221&amp;ssl=1 300w, https:\/\/i0.wp.com\/textundblog.de\/wp-content\/IMG_8491.jpeg?resize=768%2C567&amp;ssl=1 768w, https:\/\/i0.wp.com\/textundblog.de\/wp-content\/IMG_8491.jpeg?w=1234&amp;ssl=1 1234w\" sizes=\"auto, (max-width: 1000px) 100vw, 1000px\" \/><\/a><\/p>\n<p>Hier geht\u2019s zu den vergangenen <a href=\"https:\/\/textundblog.de\/?tag=SkeetDerWoche\">Skeets der Woche<\/a>.<\/p>\n","protected":false},"excerpt":{"rendered":"<p>Ich finde es immer spannend, die Herkunft von W\u00f6rtern, die wir in unserer allt\u00e4glichen Sprache benutzen, zu erfahren. Ein wissenschaftliches Projekt, das sich unter anderem mit der Ethymologie besch\u00e4ftigt, ist Wortgeschichte digital (WGd). Im \u201eSkeet der Woche\u201c erkl\u00e4ren sie im folgenswerten Account @wortgeschichte die Herkunft des Begriffs kungeln, im Sinne von geheime Absprachen treffen:<\/p>\n","protected":false},"author":1,"featured_media":0,"comment_status":"open","ping_status":"open","sticky":false,"template":"","format":"standard","meta":{"site-sidebar-layout":"default","site-content-layout":"default","ast-site-content-layout":"default","site-content-style":"default","site-sidebar-style":"default","ast-global-header-display":"","ast-banner-title-visibility":"","ast-main-header-display":"","ast-hfb-above-header-display":"","ast-hfb-below-header-display":"","ast-hfb-mobile-header-display":"","site-post-title":"","ast-breadcrumbs-content":"","ast-featured-img":"","footer-sml-layout":"","theme-transparent-header-meta":"default","adv-header-id-meta":"","stick-header-meta":"","header-above-stick-meta":"","header-main-stick-meta":"","header-below-stick-meta":"","astra-migrate-meta-layouts":"default","ast-page-background-enabled":"default","ast-page-background-meta":{"desktop":{"background-color":"var(--ast-global-color-4)","background-image":"","background-repeat":"repeat","background-position":"center center","background-size":"auto","background-attachment":"scroll","background-type":"","background-media":"","overlay-type":"","overlay-color":"","overlay-opacity":"","overlay-gradient":""},"tablet":{"background-color":"","background-image":"","background-repeat":"repeat","background-position":"center center","background-size":"auto","background-attachment":"scroll","background-type":"","background-media":"","overlay-type":"","overlay-color":"","overlay-opacity":"","overlay-gradient":""},"mobile":{"background-color":"","background-image":"","background-repeat":"repeat","background-position":"center center","background-size":"auto","background-attachment":"scroll","background-type":"","background-media":"","overlay-type":"","overlay-color":"","overlay-opacity":"","overlay-gradient":""}},"ast-content-background-meta":{"desktop":{"background-color":"var(--ast-global-color-5)","background-image":"","background-repeat":"repeat","background-position":"center center","background-size":"auto","background-attachment":"scroll","background-type":"","background-media":"","overlay-type":"","overlay-color":"","overlay-opacity":"","overlay-gradient":""},"tablet":{"background-color":"var(--ast-global-color-5)","background-image":"","background-repeat":"repeat","background-position":"center center","background-size":"auto","background-attachment":"scroll","background-type":"","background-media":"","overlay-type":"","overlay-color":"","overlay-opacity":"","overlay-gradient":""},"mobile":{"background-color":"var(--ast-global-color-5)","background-image":"","background-repeat":"repeat","background-position":"center center","background-size":"auto","background-attachment":"scroll","background-type":"","background-media":"","overlay-type":"","overlay-color":"","overlay-opacity":"","overlay-gradient":""}},"ngg_post_thumbnail":0,"jetpack_post_was_ever_published":false,"_jetpack_newsletter_access":"","_jetpack_dont_email_post_to_subs":false,"_jetpack_newsletter_tier_id":0,"_jetpack_memberships_contains_paywalled_content":false,"_jetpack_memberships_contains_paid_content":false,"footnotes":""},"categories":[4,11],"tags":[87],"class_list":["post-10710","post","type-post","status-publish","format-standard","hentry","category-internet","category-literatur","tag-skeetderwoche"],"jetpack_featured_media_url":"","jetpack_sharing_enabled":true,"jetpack_shortlink":"https:\/\/wp.me\/p4uzZ-2MK","jetpack-related-posts":[{"id":626,"url":"https:\/\/textundblog.de\/?p=626","url_meta":{"origin":10710,"position":0},"title":"Die Herkunft des Wortes Banlieue","author":"Markus","date":"9\/11\/2005","format":false,"excerpt":"Aus aktuellem Anla\u00df erkl\u00e4rt Eberhard Spreng im Tagesspiegel den Begriff \u00abBanlieue\u00bb: Wenn man in Paris nicht dazu geh\u00f6rt, ist man banlieusard. Ein absch\u00e4tziges Wort, mit dem die Stadtr\u00e4te erstmals 1889 die politischen Vertreter der armen Vorst\u00e4dte diffamierten. Weiter im Artikel \u00abBann und Meile: Die Herkunft des Wortes Banlieue\u00bb.","rel":"","context":"In &quot;Artikel&quot;","block_context":{"text":"Artikel","link":"https:\/\/textundblog.de\/?cat=5"},"img":{"alt_text":"","src":"","width":0,"height":0},"classes":[]},{"id":10444,"url":"https:\/\/textundblog.de\/?p=10444","url_meta":{"origin":10710,"position":1},"title":"Das Geschenk und seine Wortherkunft","author":"Markus","date":"11\/12\/2022","format":false,"excerpt":"Ich liebe Etymologien. Diese Woche hat es mir die Erl\u00e4uterung einer Wortherkunft besonders angetan. Das Digitale W\u00f6rterbuch der deutschen Sprache stellt t\u00e4glich auf Twitter einen Begriff und seine Herkunft vor. Wusstet ihr, was das \u201eSchenken\u201c in W\u00f6rtern wie \u201eGastschenke\u201c oder \u201eMundschenk\u201c mit dem \u201eSchenken\u201c in \u201eGeschenk\u201c zu tun hat? Die\u2026","rel":"","context":"In &quot;Bluesky&quot;","block_context":{"text":"Bluesky","link":"https:\/\/textundblog.de\/?cat=33"},"img":{"alt_text":"Tweet der Woche","src":"wp-images\/tweetderwoche2-200x96.jpg","width":350,"height":200},"classes":[]},{"id":9783,"url":"https:\/\/textundblog.de\/?p=9783","url_meta":{"origin":10710,"position":2},"title":"Sophie Scholl &#8211; Widerstand, der","author":"Markus","date":"9\/5\/2021","format":false,"excerpt":"Heute vor 100 Jahren wurde Sophie Scholl geboren. Mit nur 21 Jahren wurde ihr von den Nazis das Leben genommen. Weil sie Widerstand leistete gegen das Unrechtssystem des NS. An die Person Sophie Scholl erinnert das Digitale W\u00f6rterbuch der deutschen Sprache (DWDS) der Berlin-Brandenburgischen Akademie der Wissenschaften - ein sehr\u2026","rel":"","context":"In &quot;Bluesky&quot;","block_context":{"text":"Bluesky","link":"https:\/\/textundblog.de\/?cat=33"},"img":{"alt_text":"Tweet der Woche","src":"wp-images\/tweetderwoche2-200x96.jpg","width":350,"height":200},"classes":[]},{"id":3677,"url":"https:\/\/textundblog.de\/?p=3677","url_meta":{"origin":10710,"position":3},"title":"Liebe zur Sprache: Twitteraturkritik und Video-Tutorials","author":"Markus","date":"11\/8\/2010","format":false,"excerpt":"Wie Ihr wisst, schreibe ich jeden Freitag mit der unbestechlichen Regelm\u00e4\u00dfigkeit eines auf den 7-Tage-Takt eingestellten Metronoms eine Twitkrit, also eine Twitter-Rezension auf dem gleichnamigen Portal der Twitteraturkritik. Viele Tweets bzw. die Besprechung der selben sind ein Ausdruck der Liebe zur Sprache. Im Juli habe ich dort im Rahmen des\u2026","rel":"","context":"In &quot;Bluesky&quot;","block_context":{"text":"Bluesky","link":"https:\/\/textundblog.de\/?cat=33"},"img":{"alt_text":"Jeden Freitag schreibe ich eine Twitkrit","src":"https:\/\/i0.wp.com\/textundblog.de\/wp-content\/twitteraturkritik.jpg?resize=350%2C200&ssl=1","width":350,"height":200},"classes":[]},{"id":10734,"url":"https:\/\/textundblog.de\/?p=10734","url_meta":{"origin":10710,"position":4},"title":"Absurder Widerspruch","author":"Markus","date":"14\/4\/2024","format":false,"excerpt":"Es gibt ja Menschen, die gerne Fremdw\u00f6rter benutzen, um den Grad ihrer Bildung zu zeigen oder - um es neutraler zu sagen -, die sich m\u00f6glichst gebildet ausdr\u00fccken m\u00f6chten. Das kann man so oder so finden. Der \u201eSkeet der Woche\u201c zum Thema stammt von @roymadecke und besticht durch seinen absurden\u2026","rel":"","context":"In &quot;Internet&quot;","block_context":{"text":"Internet","link":"https:\/\/textundblog.de\/?cat=4"},"img":{"alt_text":"","src":"https:\/\/i0.wp.com\/textundblog.de\/wp-content\/IMG_8153-150x150.png?resize=350%2C200&ssl=1","width":350,"height":200},"classes":[]},{"id":850,"url":"https:\/\/textundblog.de\/?p=850","url_meta":{"origin":10710,"position":5},"title":"Woher kommt das Wort California?","author":"Markus","date":"11\/3\/2006","format":false,"excerpt":"So sch\u00f6n kann die Beschreibung eines Wortes, hier California, erfolgen: La palabra California es agradable de pronunciar, agradable de escuchar, agradable de repetir. Es una palabra crujiente y suave a la vez. Es crujiente por sus cinco consonantes, todas distintas, todas tan bien puestas. Y es suave por sus cinco\u2026","rel":"","context":"In &quot;Artikel&quot;","block_context":{"text":"Artikel","link":"https:\/\/textundblog.de\/?cat=5"},"img":{"alt_text":"California","src":"https:\/\/i0.wp.com\/www.textundblog.de\/wp-content\/california.jpg?resize=350%2C200","width":350,"height":200},"classes":[]}],"_links":{"self":[{"href":"https:\/\/textundblog.de\/index.php?rest_route=\/wp\/v2\/posts\/10710","targetHints":{"allow":["GET"]}}],"collection":[{"href":"https:\/\/textundblog.de\/index.php?rest_route=\/wp\/v2\/posts"}],"about":[{"href":"https:\/\/textundblog.de\/index.php?rest_route=\/wp\/v2\/types\/post"}],"author":[{"embeddable":true,"href":"https:\/\/textundblog.de\/index.php?rest_route=\/wp\/v2\/users\/1"}],"replies":[{"embeddable":true,"href":"https:\/\/textundblog.de\/index.php?rest_route=%2Fwp%2Fv2%2Fcomments&post=10710"}],"version-history":[{"count":0,"href":"https:\/\/textundblog.de\/index.php?rest_route=\/wp\/v2\/posts\/10710\/revisions"}],"wp:attachment":[{"href":"https:\/\/textundblog.de\/index.php?rest_route=%2Fwp%2Fv2%2Fmedia&parent=10710"}],"wp:term":[{"taxonomy":"category","embeddable":true,"href":"https:\/\/textundblog.de\/index.php?rest_route=%2Fwp%2Fv2%2Fcategories&post=10710"},{"taxonomy":"post_tag","embeddable":true,"href":"https:\/\/textundblog.de\/index.php?rest_route=%2Fwp%2Fv2%2Ftags&post=10710"}],"curies":[{"name":"wp","href":"https:\/\/api.w.org\/{rel}","templated":true}]}}