{"id":10548,"date":"2023-09-03T16:39:11","date_gmt":"2023-09-03T14:39:11","guid":{"rendered":"https:\/\/textundblog.de\/?p=10548"},"modified":"2023-09-10T12:22:11","modified_gmt":"2023-09-10T10:22:11","slug":"aiwanger-und-die-abgruende","status":"publish","type":"post","link":"https:\/\/textundblog.de\/?p=10548","title":{"rendered":"Aiwanger und die Abgr\u00fcnde"},"content":{"rendered":"<p><a href=\"https:\/\/textundblog.de\/?tag=tweetderwoche\"> <img loading=\"lazy\" decoding=\"async\" src=\"wp-images\/tweetderwoche2-200x96.jpg\" alt=\"Tweet der Woche\" title=\"Tweet der Woche\" height=\"96\" width=\"200\" class=\"bildrechts\" \/><\/a> Dass Aiwanger allen Ernstes glaubt, aus <a href=\"https:\/\/www.sueddeutsche.de\/bayern\/flugblatt-hubert-aiwanger-markus-soeder-statement-ultimatum-merz-1.6183775\">dieser Geschichte<\/a> ohne Konsequenzen rauszukommen, ist uns\u00e4glich. Dass S\u00f6der an ihm aus machtpolitischen Gr\u00fcnden <a href=\"https:\/\/www.tagesschau.de\/inland\/innenpolitik\/soeder-aiwanger-114.html\">fest h\u00e4lt<\/a>, ist ersch\u00fctternd. Die treffendste Einsch\u00e4tzung zur Causa Aiwanger hat <a href=\"https:\/\/twitter.com\/kimtodzi\">@kimtodzi<\/a> im Tweet der Woche vorgenommen:<\/p>\n<blockquote class=\"twitter-tweet\" data-width=\"500\" data-dnt=\"true\">\n<p lang=\"de\" dir=\"ltr\">Diese Aiwanger Aff\u00e4re legt Abgr\u00fcnde der deutschen Gesellschaft offen, die sich viele viel zu lange sch\u00f6n geredet haben.<\/p>\n<p>&mdash; Kim Todzi (@KimTodzi) <a href=\"https:\/\/twitter.com\/KimTodzi\/status\/1697925745975206343?ref_src=twsrc%5Etfw\">September 2, 2023<\/a><\/p><\/blockquote>\n<p><script async src=\"https:\/\/platform.twitter.com\/widgets.js\" charset=\"utf-8\"><\/script><\/p>\n<p>Hier geht&#8217;s zu den vergangenen <a href=\"https:\/\/textundblog.de\/?tag=tweetderwoche\">Tweets der Woche<\/a>.<\/p>\n","protected":false},"excerpt":{"rendered":"<p>Dass Aiwanger allen Ernstes glaubt, aus dieser Geschichte ohne Konsequenzen rauszukommen, ist uns\u00e4glich. Dass S\u00f6der an ihm aus machtpolitischen Gr\u00fcnden fest h\u00e4lt, ist ersch\u00fctternd. Die treffendste Einsch\u00e4tzung zur Causa Aiwanger hat @kimtodzi im Tweet der Woche vorgenommen: Diese Aiwanger Aff\u00e4re legt Abgr\u00fcnde der deutschen Gesellschaft offen, die sich viele viel zu lange sch\u00f6n geredet haben. [&hellip;]<\/p>\n","protected":false},"author":1,"featured_media":0,"comment_status":"open","ping_status":"open","sticky":false,"template":"","format":"standard","meta":{"site-sidebar-layout":"default","site-content-layout":"default","ast-site-content-layout":"default","site-content-style":"default","site-sidebar-style":"default","ast-global-header-display":"","ast-banner-title-visibility":"","ast-main-header-display":"","ast-hfb-above-header-display":"","ast-hfb-below-header-display":"","ast-hfb-mobile-header-display":"","site-post-title":"","ast-breadcrumbs-content":"","ast-featured-img":"","footer-sml-layout":"","theme-transparent-header-meta":"default","adv-header-id-meta":"","stick-header-meta":"","header-above-stick-meta":"","header-main-stick-meta":"","header-below-stick-meta":"","astra-migrate-meta-layouts":"default","ast-page-background-enabled":"default","ast-page-background-meta":{"desktop":{"background-color":"var(--ast-global-color-4)","background-image":"","background-repeat":"repeat","background-position":"center center","background-size":"auto","background-attachment":"scroll","background-type":"","background-media":"","overlay-type":"","overlay-color":"","overlay-opacity":"","overlay-gradient":""},"tablet":{"background-color":"","background-image":"","background-repeat":"repeat","background-position":"center center","background-size":"auto","background-attachment":"scroll","background-type":"","background-media":"","overlay-type":"","overlay-color":"","overlay-opacity":"","overlay-gradient":""},"mobile":{"background-color":"","background-image":"","background-repeat":"repeat","background-position":"center center","background-size":"auto","background-attachment":"scroll","background-type":"","background-media":"","overlay-type":"","overlay-color":"","overlay-opacity":"","overlay-gradient":""}},"ast-content-background-meta":{"desktop":{"background-color":"var(--ast-global-color-5)","background-image":"","background-repeat":"repeat","background-position":"center center","background-size":"auto","background-attachment":"scroll","background-type":"","background-media":"","overlay-type":"","overlay-color":"","overlay-opacity":"","overlay-gradient":""},"tablet":{"background-color":"var(--ast-global-color-5)","background-image":"","background-repeat":"repeat","background-position":"center center","background-size":"auto","background-attachment":"scroll","background-type":"","background-media":"","overlay-type":"","overlay-color":"","overlay-opacity":"","overlay-gradient":""},"mobile":{"background-color":"var(--ast-global-color-5)","background-image":"","background-repeat":"repeat","background-position":"center center","background-size":"auto","background-attachment":"scroll","background-type":"","background-media":"","overlay-type":"","overlay-color":"","overlay-opacity":"","overlay-gradient":""}},"ngg_post_thumbnail":0,"jetpack_post_was_ever_published":false,"_jetpack_newsletter_access":"","_jetpack_dont_email_post_to_subs":false,"_jetpack_newsletter_tier_id":0,"_jetpack_memberships_contains_paywalled_content":false,"_jetpack_memberships_contains_paid_content":false,"footnotes":""},"categories":[33,11,9],"tags":[77],"class_list":["post-10548","post","type-post","status-publish","format-standard","hentry","category-twitter","category-literatur","category-politik","tag-tweetderwoche"],"jetpack_featured_media_url":"","jetpack_sharing_enabled":true,"jetpack_shortlink":"https:\/\/wp.me\/p4uzZ-2K8","jetpack-related-posts":[{"id":5455,"url":"https:\/\/textundblog.de\/?p=5455","url_meta":{"origin":10548,"position":0},"title":"Tweet der Woche: Unbegrenzte Sicherheit?","author":"Markus","date":"5\/7\/2013","format":false,"excerpt":"Gestern feierten sie dr\u00fcben auf der anderen Seite des gro\u00dfen Teiches, dort, wo unsere Netz-Daten vom Transatlantik-Kabel aus ungefragt hingesplittet werden, ihren \u00abIndependence Day\u00bb. Manche glaubten ja, es w\u00e4re der 2013. Geburtstag. Man w\u00fcnschte sich, das w\u00e4re ein Fake. Die USA, das Land der unbegrenzten Freiheit Sicherheit? Es wird wohl\u2026","rel":"","context":"In &quot;Bluesky&quot;","block_context":{"text":"Bluesky","link":"https:\/\/textundblog.de\/?cat=33"},"img":{"alt_text":"","src":"https:\/\/i0.wp.com\/textundblog.de\/wp-content\/deeprinzessin-tdw072013.png?resize=350%2C200&ssl=1","width":350,"height":200},"classes":[]},{"id":7015,"url":"https:\/\/textundblog.de\/?p=7015","url_meta":{"origin":10548,"position":1},"title":"Geschichte in der Timeline als Mahnung zur aktuellen Politik","author":"Markus","date":"26\/2\/2016","format":false,"excerpt":"Man kann \u2013 ja man muss \u2013 Twitter auch daf\u00fcr lieben, dass es einem ab und an die j\u00fcngere Geschichte in die Timeline sp\u00fclt. Um zu sehen, was im aktuellen politischen Diskurs \u2013 zum Beispiel zum Thema Grenzen in Europa \u2013 falsch l\u00e4uft. Ein Paradebeispiel daf\u00fcr ist dieser Tweet der\u2026","rel":"","context":"In &quot;Bluesky&quot;","block_context":{"text":"Bluesky","link":"https:\/\/textundblog.de\/?cat=33"},"img":{"alt_text":"Tweet der Woche","src":"wp-images\/tweetderwoche2-200x96.jpg","width":350,"height":200},"classes":[]},{"id":6654,"url":"https:\/\/textundblog.de\/?p=6654","url_meta":{"origin":10548,"position":2},"title":"Rette das Urheberrecht wer kann","author":"Markus","date":"29\/5\/2015","format":false,"excerpt":"Der Tweet der Woche ist ausnahmsweise mal ein Tweet mit Aufruf zu einer kulturpolitischen Kampagne. Weil es so eine extrem wichtige ist, denn das veraltete Urheberrecht mit all seinen negativen Auswirkungen f\u00fcr uns ist stark reformbed\u00fcrftig. Danke @Senficon, dass Du diese Woche auf dem Bibliothekartag in N\u00fcrnberg warst und danke\u2026","rel":"","context":"In &quot;Bluesky&quot;","block_context":{"text":"Bluesky","link":"https:\/\/textundblog.de\/?cat=33"},"img":{"alt_text":"Tweet der Woche","src":"wp-images\/tweetderwoche2-200x96.jpg","width":350,"height":200},"classes":[]},{"id":6710,"url":"https:\/\/textundblog.de\/?p=6710","url_meta":{"origin":10548,"position":3},"title":"Wann endet Kohls Kanzlerschaft?","author":"Markus","date":"14\/8\/2015","format":false,"excerpt":"Regelm\u00e4\u00dfigen Leserinnen und Lesern dieser Rubrik d\u00fcrfte aufgefallen sein, dass es hier verdammt oft um politische Themen geht. Aber dieses Mal hat sich als Tweet der Woche nicht nur einer mit Bezug auf die aktuelle Tagespolitik durchgesetzt, sondern er deckt gleichzeitig noch die j\u00fcngere politische Zeitgeschichte Deutschlands ab. Die @SchlimmeHelena\u2026","rel":"","context":"In &quot;Bluesky&quot;","block_context":{"text":"Bluesky","link":"https:\/\/textundblog.de\/?cat=33"},"img":{"alt_text":"Tweet der Woche","src":"wp-images\/tweetderwoche2-200x96.jpg","width":350,"height":200},"classes":[]},{"id":5575,"url":"https:\/\/textundblog.de\/?p=5575","url_meta":{"origin":10548,"position":4},"title":"Tweet der Woche \u2013 Die Sonntagsfrage","author":"Markus","date":"6\/9\/2013","format":false,"excerpt":"Zugegeben, der Tweet der Woche kommt in letzter Zeit h\u00e4ufig aus dem Bereich der Politik. Ich bin nun mal ein politischer Mensch. Doch dieses Mal soll ein unpolitischer Tweet zum Zuge kommen,\u2026 obwohl?\u2026 Lest einfach selbst, was f\u00fcr mich das getwitterte Highlight der Woche war, am heutigen Freitag ver\u00f6ffentlicht von\u2026","rel":"","context":"In &quot;Bluesky&quot;","block_context":{"text":"Bluesky","link":"https:\/\/textundblog.de\/?cat=33"},"img":{"alt_text":"","src":"https:\/\/i0.wp.com\/textundblog.de\/wp-content\/armarius-tdw092013.png?resize=350%2C200&ssl=1","width":350,"height":200},"classes":[]},{"id":5375,"url":"https:\/\/textundblog.de\/?p=5375","url_meta":{"origin":10548,"position":5},"title":"Tweet der Woche: Drosselkom wir danken Dir","author":"Markus","date":"10\/5\/2013","format":false,"excerpt":"Als die Telekom neulich angek\u00fcndigt hat, uns das Netz zu drosseln, hat sie sich damit viel Kritik in der Netzgemeinde eingefangen. Die Netzneutralit\u00e4t wird dadurch verletzt. Ein hohes Gut, wie auch in diesem Blog erl\u00e4utert wurde, ist somit in Gefahr. Doch die Telekom w\u00e4re nicht die Telekom, h\u00e4tte sie darauf\u2026","rel":"","context":"In &quot;Bluesky&quot;","block_context":{"text":"Bluesky","link":"https:\/\/textundblog.de\/?cat=33"},"img":{"alt_text":"","src":"https:\/\/i0.wp.com\/textundblog.de\/wp-content\/drosselkom-tdw052013.png?resize=350%2C200&ssl=1","width":350,"height":200},"classes":[]}],"_links":{"self":[{"href":"https:\/\/textundblog.de\/index.php?rest_route=\/wp\/v2\/posts\/10548","targetHints":{"allow":["GET"]}}],"collection":[{"href":"https:\/\/textundblog.de\/index.php?rest_route=\/wp\/v2\/posts"}],"about":[{"href":"https:\/\/textundblog.de\/index.php?rest_route=\/wp\/v2\/types\/post"}],"author":[{"embeddable":true,"href":"https:\/\/textundblog.de\/index.php?rest_route=\/wp\/v2\/users\/1"}],"replies":[{"embeddable":true,"href":"https:\/\/textundblog.de\/index.php?rest_route=%2Fwp%2Fv2%2Fcomments&post=10548"}],"version-history":[{"count":0,"href":"https:\/\/textundblog.de\/index.php?rest_route=\/wp\/v2\/posts\/10548\/revisions"}],"wp:attachment":[{"href":"https:\/\/textundblog.de\/index.php?rest_route=%2Fwp%2Fv2%2Fmedia&parent=10548"}],"wp:term":[{"taxonomy":"category","embeddable":true,"href":"https:\/\/textundblog.de\/index.php?rest_route=%2Fwp%2Fv2%2Fcategories&post=10548"},{"taxonomy":"post_tag","embeddable":true,"href":"https:\/\/textundblog.de\/index.php?rest_route=%2Fwp%2Fv2%2Ftags&post=10548"}],"curies":[{"name":"wp","href":"https:\/\/api.w.org\/{rel}","templated":true}]}}