{"id":10547,"date":"2023-08-20T13:09:30","date_gmt":"2023-08-20T11:09:30","guid":{"rendered":"https:\/\/textundblog.de\/?p=10547"},"modified":"2023-08-20T13:11:06","modified_gmt":"2023-08-20T11:11:06","slug":"was-solls","status":"publish","type":"post","link":"https:\/\/textundblog.de\/?p=10547","title":{"rendered":"Was soll\u2018s"},"content":{"rendered":"<p><a href=\"https:\/\/textundblog.de\/?tag=tweetderwoche\"> <img loading=\"lazy\" decoding=\"async\" src=\"wp-images\/tweetderwoche2-200x96.jpg\" alt=\"Tweet der Woche\" title=\"Tweet der Woche\" height=\"96\" width=\"200\" class=\"bildrechts\" \/><\/a> Alle, die To-do-Listen f\u00fchren, kennen das gute Gef\u00fchl, etwas aus der Liste als erledigt zu streichen. Wie es auch gehen kann, hat <a href=\"https:\/\/twitter.com\/assenassenov\/\">@assenassenov<\/a> im Tweet der Woche vorgef\u00fchrt:<\/p>\n<blockquote class=\"twitter-tweet\" data-width=\"500\" data-dnt=\"true\">\n<p lang=\"de\" dir=\"ltr\">Einige Punkte von der ToDo- auf die WasSolls-Liste gesetzt.<\/p>\n<p>&mdash; assen assenov (@assenassenov) <a href=\"https:\/\/twitter.com\/assenassenov\/status\/1693018691351335363?ref_src=twsrc%5Etfw\">August 19, 2023<\/a><\/p><\/blockquote>\n<p><script async src=\"https:\/\/platform.twitter.com\/widgets.js\" charset=\"utf-8\"><\/script><\/p>\n<p>Hier geht&#8217;s zu den vergangenen <a href=\"https:\/\/textundblog.de\/?tag=tweetderwoche\">Tweets der Woche<\/a>.<\/p>\n","protected":false},"excerpt":{"rendered":"<p>Alle, die To-do-Listen f\u00fchren, kennen das gute Gef\u00fchl, etwas aus der Liste als erledigt zu streichen. Wie es auch gehen kann, hat @assenassenov im Tweet der Woche vorgef\u00fchrt: Einige Punkte von der ToDo- auf die WasSolls-Liste gesetzt. &mdash; assen assenov (@assenassenov) August 19, 2023 Hier geht&#8217;s zu den vergangenen Tweets der Woche.<\/p>\n","protected":false},"author":1,"featured_media":0,"comment_status":"open","ping_status":"open","sticky":false,"template":"","format":"standard","meta":{"site-sidebar-layout":"default","site-content-layout":"default","ast-site-content-layout":"default","site-content-style":"default","site-sidebar-style":"default","ast-global-header-display":"","ast-banner-title-visibility":"","ast-main-header-display":"","ast-hfb-above-header-display":"","ast-hfb-below-header-display":"","ast-hfb-mobile-header-display":"","site-post-title":"","ast-breadcrumbs-content":"","ast-featured-img":"","footer-sml-layout":"","theme-transparent-header-meta":"default","adv-header-id-meta":"","stick-header-meta":"","header-above-stick-meta":"","header-main-stick-meta":"","header-below-stick-meta":"","astra-migrate-meta-layouts":"default","ast-page-background-enabled":"default","ast-page-background-meta":{"desktop":{"background-color":"var(--ast-global-color-4)","background-image":"","background-repeat":"repeat","background-position":"center center","background-size":"auto","background-attachment":"scroll","background-type":"","background-media":"","overlay-type":"","overlay-color":"","overlay-opacity":"","overlay-gradient":""},"tablet":{"background-color":"","background-image":"","background-repeat":"repeat","background-position":"center center","background-size":"auto","background-attachment":"scroll","background-type":"","background-media":"","overlay-type":"","overlay-color":"","overlay-opacity":"","overlay-gradient":""},"mobile":{"background-color":"","background-image":"","background-repeat":"repeat","background-position":"center center","background-size":"auto","background-attachment":"scroll","background-type":"","background-media":"","overlay-type":"","overlay-color":"","overlay-opacity":"","overlay-gradient":""}},"ast-content-background-meta":{"desktop":{"background-color":"var(--ast-global-color-5)","background-image":"","background-repeat":"repeat","background-position":"center center","background-size":"auto","background-attachment":"scroll","background-type":"","background-media":"","overlay-type":"","overlay-color":"","overlay-opacity":"","overlay-gradient":""},"tablet":{"background-color":"var(--ast-global-color-5)","background-image":"","background-repeat":"repeat","background-position":"center center","background-size":"auto","background-attachment":"scroll","background-type":"","background-media":"","overlay-type":"","overlay-color":"","overlay-opacity":"","overlay-gradient":""},"mobile":{"background-color":"var(--ast-global-color-5)","background-image":"","background-repeat":"repeat","background-position":"center center","background-size":"auto","background-attachment":"scroll","background-type":"","background-media":"","overlay-type":"","overlay-color":"","overlay-opacity":"","overlay-gradient":""}},"ngg_post_thumbnail":0,"jetpack_post_was_ever_published":false,"_jetpack_newsletter_access":"","_jetpack_dont_email_post_to_subs":false,"_jetpack_newsletter_tier_id":0,"_jetpack_memberships_contains_paywalled_content":false,"_jetpack_memberships_contains_paid_content":false,"footnotes":""},"categories":[33,11],"tags":[77],"class_list":["post-10547","post","type-post","status-publish","format-standard","hentry","category-twitter","category-literatur","tag-tweetderwoche"],"jetpack_featured_media_url":"","jetpack_sharing_enabled":true,"jetpack_shortlink":"https:\/\/wp.me\/p4uzZ-2K7","jetpack-related-posts":[{"id":8591,"url":"https:\/\/textundblog.de\/?p=8591","url_meta":{"origin":10547,"position":0},"title":"Wir twittern, was wir sind","author":"Markus","date":"30\/3\/2018","format":false,"excerpt":"Menschen, die ins Internet schreiben - egal ob auf Twitter, Facebook oder sonstwo - und sich vorgenommen haben, dabei nichts oder wenig Pers\u00f6nliches preiszugeben, teilen doch mit jedem Link oder Foto, den oder das sie empfehlen, etwas von sich mit. Im Tweet der Woche hat das @assenassenov auf den Punkt\u2026","rel":"","context":"In &quot;Bluesky&quot;","block_context":{"text":"Bluesky","link":"https:\/\/textundblog.de\/?cat=33"},"img":{"alt_text":"Tweet der Woche","src":"wp-images\/tweetderwoche2-200x96.jpg","width":350,"height":200},"classes":[]},{"id":7421,"url":"https:\/\/textundblog.de\/?p=7421","url_meta":{"origin":10547,"position":1},"title":"Nahe stehen durch Worte","author":"Markus","date":"30\/10\/2016","format":false,"excerpt":"Der Tweet der Woche bringt eine Erfahrung zum Ausdruck, die viele, die Twitter \u00fcber l\u00e4ngere Zeit nutzen, fr\u00fcher oder sp\u00e4ter machen. Was @assenassenov hier in knappen Worten beschrieben hat, verstehen auch nur jene Menschen, die Twitter intensiv und \u00fcber einen l\u00e4ngeren Zeitraum nutzen. Ja, man kann einen Menschen nur durch\u2026","rel":"","context":"In &quot;Bluesky&quot;","block_context":{"text":"Bluesky","link":"https:\/\/textundblog.de\/?cat=33"},"img":{"alt_text":"Tweet der Woche","src":"wp-images\/tweetderwoche2-200x96.jpg","width":350,"height":200},"classes":[]},{"id":4724,"url":"https:\/\/textundblog.de\/?p=4724","url_meta":{"origin":10547,"position":2},"title":"Tweet der Woche: Kurz = gut (oder schlecht?)","author":"Markus","date":"1\/6\/2012","format":false,"excerpt":"Ob die Kommunikation auf Kan\u00e4len mit beschr\u00e4nkter Textl\u00e4nge - also etwa via SMS (160 Zeichen) oder auf Twitter (140 Zeichen) \u2013 tats\u00e4chlich den Wortschatz der beteiligten Kommunikatoren vermindert, ist noch nicht ausreichend wissenschaftlich untersucht worden. Eines steht jedoch fest: der Nachrichtenaustausch auf Twitter erfordert in der Regel diszipliniertes Kurzfassen der\u2026","rel":"","context":"In &quot;Bluesky&quot;","block_context":{"text":"Bluesky","link":"https:\/\/textundblog.de\/?cat=33"},"img":{"alt_text":"Tweet der Woche von @assenassenov","src":"https:\/\/i0.wp.com\/textundblog.de\/wp-content\/assenassenov-tdw062012.png?resize=350%2C200&ssl=1","width":350,"height":200},"classes":[]},{"id":10596,"url":"https:\/\/textundblog.de\/?p=10596","url_meta":{"origin":10547,"position":3},"title":"Rien ne va plus &#8211; der letzte Tweet der Woche","author":"Markus","date":"15\/10\/2023","format":false,"excerpt":"Seit dem 25.11.2011 habe ich hier im Blog den \u201eTweet der Woche\u201c vorgestellt. Da sich Twitter zu unser aller Bedauern im Niedergang befindet und von dramatischem Nutzer:innen-Schwund gekennzeichnet ist, wird die heutige 485. (!) Ausgabe der Reihe auch die letzte Folge sein. Bei der wie immer schwierigen Auswahl des Tweets\u2026","rel":"","context":"In &quot;Bluesky&quot;","block_context":{"text":"Bluesky","link":"https:\/\/textundblog.de\/?cat=33"},"img":{"alt_text":"Tweet der Woche","src":"wp-images\/tweetderwoche2-200x96.jpg","width":350,"height":200},"classes":[]},{"id":6270,"url":"https:\/\/textundblog.de\/?p=6270","url_meta":{"origin":10547,"position":4},"title":"Die Hashtagtaste","author":"Markus","date":"22\/8\/2014","format":false,"excerpt":"Das Zeichen # hat ganz unterschiedliche Namen. Die einen nennen es Doppelkreuz, andere sagen Nummernzeichen dazu, von manchen wird es wiederum Raute genannt - obwohl ich bei letzterer Bezeichnung eher den Hamburger Vorortverein an der M\u00fcllverbrennungsanlage assoziiere. Wie wir es auch nennen, wir alle benutzen es beim Twittern, um einen\u2026","rel":"","context":"In &quot;Bluesky&quot;","block_context":{"text":"Bluesky","link":"https:\/\/textundblog.de\/?cat=33"},"img":{"alt_text":"Tweet der Woche","src":"wp-images\/tweetderwoche2-200x96.jpg","width":350,"height":200},"classes":[]},{"id":4776,"url":"https:\/\/textundblog.de\/?p=4776","url_meta":{"origin":10547,"position":5},"title":"Tweet der Woche: Verbreche ud Retsel","author":"Markus","date":"6\/7\/2012","format":false,"excerpt":"Herr @Gllebitter ht eie Tweet geschriebe, der us icht ur Zeuge eies furchtbre Verbreches werde lesst, soder der - ud ds etbehrt icht eier gewisse Iroie \u2013 us uch och ei \u00fcber ds Krimilistische hiusgehedes Retsel ufgibt. Ei klrer Fll f\u00fcr de Tweet der Woche: Mit dem Retsel ist icht\u2026","rel":"","context":"In &quot;Bluesky&quot;","block_context":{"text":"Bluesky","link":"https:\/\/textundblog.de\/?cat=33"},"img":{"alt_text":"Tweet der Woche von @Gallenbitter","src":"https:\/\/i0.wp.com\/textundblog.de\/wp-content\/gallenbitter-tdw072012.png?resize=350%2C200&ssl=1","width":350,"height":200},"classes":[]}],"_links":{"self":[{"href":"https:\/\/textundblog.de\/index.php?rest_route=\/wp\/v2\/posts\/10547","targetHints":{"allow":["GET"]}}],"collection":[{"href":"https:\/\/textundblog.de\/index.php?rest_route=\/wp\/v2\/posts"}],"about":[{"href":"https:\/\/textundblog.de\/index.php?rest_route=\/wp\/v2\/types\/post"}],"author":[{"embeddable":true,"href":"https:\/\/textundblog.de\/index.php?rest_route=\/wp\/v2\/users\/1"}],"replies":[{"embeddable":true,"href":"https:\/\/textundblog.de\/index.php?rest_route=%2Fwp%2Fv2%2Fcomments&post=10547"}],"version-history":[{"count":0,"href":"https:\/\/textundblog.de\/index.php?rest_route=\/wp\/v2\/posts\/10547\/revisions"}],"wp:attachment":[{"href":"https:\/\/textundblog.de\/index.php?rest_route=%2Fwp%2Fv2%2Fmedia&parent=10547"}],"wp:term":[{"taxonomy":"category","embeddable":true,"href":"https:\/\/textundblog.de\/index.php?rest_route=%2Fwp%2Fv2%2Fcategories&post=10547"},{"taxonomy":"post_tag","embeddable":true,"href":"https:\/\/textundblog.de\/index.php?rest_route=%2Fwp%2Fv2%2Ftags&post=10547"}],"curies":[{"name":"wp","href":"https:\/\/api.w.org\/{rel}","templated":true}]}}