{"id":10546,"date":"2023-08-13T10:51:31","date_gmt":"2023-08-13T08:51:31","guid":{"rendered":"https:\/\/textundblog.de\/?p=10546"},"modified":"2023-08-13T10:51:31","modified_gmt":"2023-08-13T08:51:31","slug":"asterix-wissen-auf-twitter","status":"publish","type":"post","link":"https:\/\/textundblog.de\/?p=10546","title":{"rendered":"Asterix-Wissen auf Twitter"},"content":{"rendered":"<p><a href=\"https:\/\/textundblog.de\/?tag=tweetderwoche\"> <img loading=\"lazy\" decoding=\"async\" src=\"wp-images\/tweetderwoche2-200x96.jpg\" alt=\"Tweet der Woche\" title=\"Tweet der Woche\" height=\"96\" width=\"200\" class=\"bildrechts\" \/><\/a> Der Tweet der Woche ist dieses Mal ein hei\u00dfer Tipp f\u00fcr alle Asterix-Fans. Exemplarisch aus den kontinuierlichen Erkl\u00e4rungs-Threads<sup><a href=\"#footnote_1_10546\" id=\"identifier_1_10546\" class=\"footnote-link footnote-identifier-link\" title=\"Thread = Abfolge von mehreren zusammenh&auml;ngenden Tweets\">1<\/a><\/sup> von <a href=\"https:\/\/twitter.com\/Asterix_Archiv\">@Asterix_Archiv<\/a> ausgew\u00e4hlt, die wunderbare Erl\u00e4uterung, was es mit der kleinen, traurigen Eule auf sich hat:<\/p>\n<blockquote class=\"twitter-tweet\" data-width=\"500\" data-dnt=\"true\">\n<p lang=\"de\" dir=\"ltr\">Schon gewusst? Auf der letzten Seite von <a href=\"https:\/\/twitter.com\/hashtag\/Asterix?src=hash&amp;ref_src=twsrc%5Etfw\">#Asterix<\/a> und der Greif wird eine kleine, traurige Eule abgebildet, die mit einem Rucksack aus dem Bild l\u00e4uft. Diese Eule und der heulende Idefix haben eine besondere Bedeutung, hier in 3 Teilen erkl\u00e4rt:? <a href=\"https:\/\/t.co\/hq7AxhTOm2\">pic.twitter.com\/hq7AxhTOm2<\/a><\/p>\n<p>&mdash; Asterix Archiv &#8211; Comedix.de ? (@Asterix_Archiv) <a href=\"https:\/\/twitter.com\/Asterix_Archiv\/status\/1688834807470432256?ref_src=twsrc%5Etfw\">August 8, 2023<\/a><\/p><\/blockquote>\n<p><script async src=\"https:\/\/platform.twitter.com\/widgets.js\" charset=\"utf-8\"><\/script><\/p>\n<p>Hier geht&#8217;s zu den vergangenen <a href=\"https:\/\/textundblog.de\/?tag=tweetderwoche\">Tweets der Woche<\/a>.<\/p>\n<ol class=\"footnotes\"><li id=\"footnote_1_10546\" class=\"footnote\">Thread = Abfolge von mehreren zusammenh\u00e4ngenden Tweets<span class=\"footnote-back-link-wrapper\"> [<a href=\"#identifier_1_10546\" class=\"footnote-link footnote-back-link\">&#8617;<\/a>]<\/span><\/li><\/ol>","protected":false},"excerpt":{"rendered":"<p>Der Tweet der Woche ist dieses Mal ein hei\u00dfer Tipp f\u00fcr alle Asterix-Fans. Exemplarisch aus den kontinuierlichen Erkl\u00e4rungs-Threads1 von @Asterix_Archiv ausgew\u00e4hlt, die wunderbare Erl\u00e4uterung, was es mit der kleinen, traurigen Eule auf sich hat: Schon gewusst? Auf der letzten Seite von #Asterix und der Greif wird eine kleine, traurige Eule abgebildet, die mit einem Rucksack [&hellip;]<\/p>\n","protected":false},"author":1,"featured_media":0,"comment_status":"open","ping_status":"open","sticky":false,"template":"","format":"standard","meta":{"site-sidebar-layout":"default","site-content-layout":"default","ast-site-content-layout":"default","site-content-style":"default","site-sidebar-style":"default","ast-global-header-display":"","ast-banner-title-visibility":"","ast-main-header-display":"","ast-hfb-above-header-display":"","ast-hfb-below-header-display":"","ast-hfb-mobile-header-display":"","site-post-title":"","ast-breadcrumbs-content":"","ast-featured-img":"","footer-sml-layout":"","theme-transparent-header-meta":"default","adv-header-id-meta":"","stick-header-meta":"","header-above-stick-meta":"","header-main-stick-meta":"","header-below-stick-meta":"","astra-migrate-meta-layouts":"default","ast-page-background-enabled":"default","ast-page-background-meta":{"desktop":{"background-color":"var(--ast-global-color-4)","background-image":"","background-repeat":"repeat","background-position":"center center","background-size":"auto","background-attachment":"scroll","background-type":"","background-media":"","overlay-type":"","overlay-color":"","overlay-opacity":"","overlay-gradient":""},"tablet":{"background-color":"","background-image":"","background-repeat":"repeat","background-position":"center center","background-size":"auto","background-attachment":"scroll","background-type":"","background-media":"","overlay-type":"","overlay-color":"","overlay-opacity":"","overlay-gradient":""},"mobile":{"background-color":"","background-image":"","background-repeat":"repeat","background-position":"center center","background-size":"auto","background-attachment":"scroll","background-type":"","background-media":"","overlay-type":"","overlay-color":"","overlay-opacity":"","overlay-gradient":""}},"ast-content-background-meta":{"desktop":{"background-color":"var(--ast-global-color-5)","background-image":"","background-repeat":"repeat","background-position":"center center","background-size":"auto","background-attachment":"scroll","background-type":"","background-media":"","overlay-type":"","overlay-color":"","overlay-opacity":"","overlay-gradient":""},"tablet":{"background-color":"var(--ast-global-color-5)","background-image":"","background-repeat":"repeat","background-position":"center center","background-size":"auto","background-attachment":"scroll","background-type":"","background-media":"","overlay-type":"","overlay-color":"","overlay-opacity":"","overlay-gradient":""},"mobile":{"background-color":"var(--ast-global-color-5)","background-image":"","background-repeat":"repeat","background-position":"center center","background-size":"auto","background-attachment":"scroll","background-type":"","background-media":"","overlay-type":"","overlay-color":"","overlay-opacity":"","overlay-gradient":""}},"ngg_post_thumbnail":0,"jetpack_post_was_ever_published":false,"_jetpack_newsletter_access":"","_jetpack_dont_email_post_to_subs":false,"_jetpack_newsletter_tier_id":0,"_jetpack_memberships_contains_paywalled_content":false,"_jetpack_memberships_contains_paid_content":false,"footnotes":""},"categories":[4],"tags":[77],"class_list":["post-10546","post","type-post","status-publish","format-standard","hentry","category-internet","tag-tweetderwoche"],"jetpack_featured_media_url":"","jetpack_sharing_enabled":true,"jetpack_shortlink":"https:\/\/wp.me\/p4uzZ-2K6","jetpack-related-posts":[{"id":9683,"url":"https:\/\/textundblog.de\/?p=9683","url_meta":{"origin":10546,"position":0},"title":"Tierische Buchmalerei","author":"Markus","date":"6\/12\/2020","format":false,"excerpt":"Der Tweet der Woche ist ein Thread Ein Thread auf Twitter ist eine Reihe von verbundenen Tweets. Die Folge-Tweets werden angezeigt, wenn man den hier eingebundenen Tweet anklickt.. Den Reigen an Tweets mit historischen Buchmalereien von allerlei sonderbaren Tieren er\u00f6ffnet der Geschichtsdozent Olivier Varlan (@VarlanOlivier) aus Lille unter Verweis auf\u2026","rel":"","context":"In &quot;Bluesky&quot;","block_context":{"text":"Bluesky","link":"https:\/\/textundblog.de\/?cat=33"},"img":{"alt_text":"Tweet der Woche","src":"wp-images\/tweetderwoche2-200x96.jpg","width":350,"height":200},"classes":[]},{"id":10262,"url":"https:\/\/textundblog.de\/?p=10262","url_meta":{"origin":10546,"position":1},"title":"Bundes-Bahn-Liga","author":"Markus","date":"7\/8\/2022","format":false,"excerpt":"Der Tweet der Woche kommt vom Social-Media-Team der @db_bahn, die mit diesem Thread eine originelle Idee umgesetzt haben: https:\/\/twitter.com\/db_bahn\/status\/1555511759171198979?s=21&t=AHbhWiE9YHu8GFNg_PcIEA Hier geht's zu den vergangenen Tweets der Woche.","rel":"","context":"In &quot;Bluesky&quot;","block_context":{"text":"Bluesky","link":"https:\/\/textundblog.de\/?cat=33"},"img":{"alt_text":"Tweet der Woche","src":"wp-images\/tweetderwoche2-200x96.jpg","width":350,"height":200},"classes":[]},{"id":9781,"url":"https:\/\/textundblog.de\/?p=9781","url_meta":{"origin":10546,"position":2},"title":"Tierische Selfies","author":"Markus","date":"25\/4\/2021","format":false,"excerpt":"Gerade in diesen Zeiten ist Lachen wichtiger denn je. Und ich hab schon lange nicht mehr so viel gelacht wie beim Betrachten der Bilder dieses Threads. Deshalb ist das Posting von @joaquimcampa f\u00fcr mich der Tweet der Woche: https:\/\/twitter.com\/joaquimcampa\/status\/1386030529250832388?s=21 Hier geht's zu den vergangenen Tweets der Woche.","rel":"","context":"In &quot;Bluesky&quot;","block_context":{"text":"Bluesky","link":"https:\/\/textundblog.de\/?cat=33"},"img":{"alt_text":"Tweet der Woche","src":"wp-images\/tweetderwoche2-200x96.jpg","width":350,"height":200},"classes":[]},{"id":9192,"url":"https:\/\/textundblog.de\/?p=9192","url_meta":{"origin":10546,"position":3},"title":"Bahngespr\u00e4che","author":"Markus","date":"24\/11\/2019","format":false,"excerpt":"Jeder Bahnreisende kennt das: da setzt man sich extra in den Ruhebereich, um seine Ruhe zu haben, und da labern Menschen so laut, dass man gezwungen ist, ihre Geschichte(n) zu h\u00f6ren, ob man will oder nicht. Doch so sch\u00f6n wie @plbkwsk hat sich noch keiner an ihnen ger\u00e4cht, deshalb mein\u2026","rel":"","context":"In &quot;Bluesky&quot;","block_context":{"text":"Bluesky","link":"https:\/\/textundblog.de\/?cat=33"},"img":{"alt_text":"Tweet der Woche","src":"wp-images\/tweetderwoche2-200x96.jpg","width":350,"height":200},"classes":[]},{"id":9633,"url":"https:\/\/textundblog.de\/?p=9633","url_meta":{"origin":10546,"position":4},"title":"Die Welt mit den Augen eines Adlers im Flug sehen","author":"Markus","date":"25\/10\/2020","format":false,"excerpt":"Faszinierend: die Welt mit den Augen eines Adlers im Flug sehen. Das verdanken wir dem Tweet der Woche von @animalsworid: https:\/\/twitter.com\/animalsworid\/status\/1320091657094610944?s=21 Es lohnt sich auch in den Thread zu schauen, dort lernen wir, wie es aussieht, wenn ein Adler die Augen \u00f6ffnet und schlie\u00dft: https:\/\/twitter.com\/propaki8\/status\/1320119967778508800?s=21 Hier geht's zu den vergangenen\u2026","rel":"","context":"In &quot;Bluesky&quot;","block_context":{"text":"Bluesky","link":"https:\/\/textundblog.de\/?cat=33"},"img":{"alt_text":"Tweet der Woche","src":"wp-images\/tweetderwoche2-200x96.jpg","width":350,"height":200},"classes":[]},{"id":9731,"url":"https:\/\/textundblog.de\/?p=9731","url_meta":{"origin":10546,"position":5},"title":"Schlagzeilen nach einem Jahr Corona","author":"Markus","date":"14\/2\/2021","format":false,"excerpt":"Seit etwas mehr als einem Jahr tauchen Schlagzeilen in der Presse auf, \u00fcber die wir uns vor Corona doch sehr gewundert h\u00e4tten. Etwa \"Buch auf Parkbank lesen ist erlaubt!\" oder \"B\u00e4ckereien fungieren als Drehscheibe f\u00fcr illegale Friseure\". Diese und andere wunderliche \u00dcberschriften hat @schattleitner in einem Thread gesammelt. F\u00fcr mich\u2026","rel":"","context":"In &quot;Bluesky&quot;","block_context":{"text":"Bluesky","link":"https:\/\/textundblog.de\/?cat=33"},"img":{"alt_text":"Tweet der Woche","src":"wp-images\/tweetderwoche2-200x96.jpg","width":350,"height":200},"classes":[]}],"_links":{"self":[{"href":"https:\/\/textundblog.de\/index.php?rest_route=\/wp\/v2\/posts\/10546","targetHints":{"allow":["GET"]}}],"collection":[{"href":"https:\/\/textundblog.de\/index.php?rest_route=\/wp\/v2\/posts"}],"about":[{"href":"https:\/\/textundblog.de\/index.php?rest_route=\/wp\/v2\/types\/post"}],"author":[{"embeddable":true,"href":"https:\/\/textundblog.de\/index.php?rest_route=\/wp\/v2\/users\/1"}],"replies":[{"embeddable":true,"href":"https:\/\/textundblog.de\/index.php?rest_route=%2Fwp%2Fv2%2Fcomments&post=10546"}],"version-history":[{"count":0,"href":"https:\/\/textundblog.de\/index.php?rest_route=\/wp\/v2\/posts\/10546\/revisions"}],"wp:attachment":[{"href":"https:\/\/textundblog.de\/index.php?rest_route=%2Fwp%2Fv2%2Fmedia&parent=10546"}],"wp:term":[{"taxonomy":"category","embeddable":true,"href":"https:\/\/textundblog.de\/index.php?rest_route=%2Fwp%2Fv2%2Fcategories&post=10546"},{"taxonomy":"post_tag","embeddable":true,"href":"https:\/\/textundblog.de\/index.php?rest_route=%2Fwp%2Fv2%2Ftags&post=10546"}],"curies":[{"name":"wp","href":"https:\/\/api.w.org\/{rel}","templated":true}]}}