{"id":10530,"date":"2023-06-05T21:19:30","date_gmt":"2023-06-05T19:19:30","guid":{"rendered":"https:\/\/textundblog.de\/?p=10530"},"modified":"2023-06-05T21:20:05","modified_gmt":"2023-06-05T19:20:05","slug":"neues-iphone-am-start-14-pro","status":"publish","type":"post","link":"https:\/\/textundblog.de\/?p=10530","title":{"rendered":"Neues iPhone am Start: 14 Pro"},"content":{"rendered":"<p><a href=\"https:\/\/i0.wp.com\/textundblog.de\/wp-content\/IMG_7308-scaled.jpeg?ssl=1\"><img data-recalc-dims=\"1\" loading=\"lazy\" decoding=\"async\" data-attachment-id=\"10531\" data-permalink=\"https:\/\/textundblog.de\/?attachment_id=10531\" data-orig-file=\"https:\/\/i0.wp.com\/textundblog.de\/wp-content\/IMG_7308-scaled.jpeg?fit=2560%2C1920&amp;ssl=1\" data-orig-size=\"2560,1920\" data-comments-opened=\"1\" data-image-meta=\"{&quot;aperture&quot;:&quot;1.8&quot;,&quot;credit&quot;:&quot;&quot;,&quot;camera&quot;:&quot;iPad Pro (12.9-inch) (5th generation)&quot;,&quot;caption&quot;:&quot;&quot;,&quot;created_timestamp&quot;:&quot;1685999003&quot;,&quot;copyright&quot;:&quot;&quot;,&quot;focal_length&quot;:&quot;3&quot;,&quot;iso&quot;:&quot;50&quot;,&quot;shutter_speed&quot;:&quot;0.0081967213114754&quot;,&quot;title&quot;:&quot;&quot;,&quot;orientation&quot;:&quot;1&quot;}\" data-image-title=\"IMG_7308\" data-image-description=\"\" data-image-caption=\"\" data-large-file=\"https:\/\/i0.wp.com\/textundblog.de\/wp-content\/IMG_7308-scaled.jpeg?fit=1024%2C768&amp;ssl=1\" title=\"IMG_7308\"  src=\"https:\/\/i0.wp.com\/textundblog.de\/wp-content\/IMG_7308.jpeg?resize=1024%2C768&#038;ssl=1\" alt=\"\" width=\"1024\" height=\"768\" class=\"alignleft size-large wp-image-10531\" srcset=\"https:\/\/i0.wp.com\/textundblog.de\/wp-content\/IMG_7308-scaled.jpeg?resize=1024%2C768&amp;ssl=1 1024w, https:\/\/i0.wp.com\/textundblog.de\/wp-content\/IMG_7308-scaled.jpeg?resize=300%2C225&amp;ssl=1 300w, https:\/\/i0.wp.com\/textundblog.de\/wp-content\/IMG_7308-scaled.jpeg?resize=768%2C576&amp;ssl=1 768w, https:\/\/i0.wp.com\/textundblog.de\/wp-content\/IMG_7308-scaled.jpeg?resize=1536%2C1152&amp;ssl=1 1536w, https:\/\/i0.wp.com\/textundblog.de\/wp-content\/IMG_7308-scaled.jpeg?resize=2048%2C1536&amp;ssl=1 2048w\" sizes=\"auto, (max-width: 1000px) 100vw, 1000px\" \/><\/a><\/p>\n<p>Martin testet immer als Erster die neuen mobilen Endger\u00e4te f\u00fcr mich und wir halten das dann immer hier im Blog fest. Als Erstes wollte er den Instagram-Account des 1. FCS aufrufen und er war sogleich zufrieden. \ud83d\ude09<\/p>\n<p>In der Historie der iPhones hier im Blog &#8211; zuletzt vorgestellt das <a href=\"https:\/\/textundblog.de\/?p=7058\">iPhone SE 2016<\/a> &#8211; fehlt das dazwischen erworbene, es war ein iPhone XS am 18. Februar 2019. Vier Jahre und vier Monate sp\u00e4ter also die Aufr\u00fcstung auf das iPhone 14 Pro 256 GB Space Schwarz. Und Abr\u00fcstung, was den Speicher anbelangt, denn vorher hatte in 512 GB. Meine Erfahrung hat gezeigt, dass 256 GB f\u00fcr mich vollkommen ausreicht. Sind ja teuer genug die Dinger. Jetzt freu ich mich auf den Quantensprung von iPhone 10 auf iPhone 14 Pro.<\/p>\n","protected":false},"excerpt":{"rendered":"<p>Martin testet immer als Erster die neuen mobilen Endger\u00e4te f\u00fcr mich und wir halten das dann immer hier im Blog fest. Als Erstes wollte er den Instagram-Account des 1. FCS aufrufen und er war sogleich zufrieden. \ud83d\ude09 In der Historie der iPhones hier im Blog &#8211; zuletzt vorgestellt das iPhone SE 2016 &#8211; fehlt das [&hellip;]<\/p>\n","protected":false},"author":1,"featured_media":0,"comment_status":"open","ping_status":"open","sticky":false,"template":"","format":"standard","meta":{"site-sidebar-layout":"default","site-content-layout":"default","ast-site-content-layout":"default","site-content-style":"default","site-sidebar-style":"default","ast-global-header-display":"","ast-banner-title-visibility":"","ast-main-header-display":"","ast-hfb-above-header-display":"","ast-hfb-below-header-display":"","ast-hfb-mobile-header-display":"","site-post-title":"","ast-breadcrumbs-content":"","ast-featured-img":"","footer-sml-layout":"","theme-transparent-header-meta":"default","adv-header-id-meta":"","stick-header-meta":"","header-above-stick-meta":"","header-main-stick-meta":"","header-below-stick-meta":"","astra-migrate-meta-layouts":"default","ast-page-background-enabled":"default","ast-page-background-meta":{"desktop":{"background-color":"var(--ast-global-color-4)","background-image":"","background-repeat":"repeat","background-position":"center center","background-size":"auto","background-attachment":"scroll","background-type":"","background-media":"","overlay-type":"","overlay-color":"","overlay-opacity":"","overlay-gradient":""},"tablet":{"background-color":"","background-image":"","background-repeat":"repeat","background-position":"center center","background-size":"auto","background-attachment":"scroll","background-type":"","background-media":"","overlay-type":"","overlay-color":"","overlay-opacity":"","overlay-gradient":""},"mobile":{"background-color":"","background-image":"","background-repeat":"repeat","background-position":"center center","background-size":"auto","background-attachment":"scroll","background-type":"","background-media":"","overlay-type":"","overlay-color":"","overlay-opacity":"","overlay-gradient":""}},"ast-content-background-meta":{"desktop":{"background-color":"var(--ast-global-color-5)","background-image":"","background-repeat":"repeat","background-position":"center center","background-size":"auto","background-attachment":"scroll","background-type":"","background-media":"","overlay-type":"","overlay-color":"","overlay-opacity":"","overlay-gradient":""},"tablet":{"background-color":"var(--ast-global-color-5)","background-image":"","background-repeat":"repeat","background-position":"center center","background-size":"auto","background-attachment":"scroll","background-type":"","background-media":"","overlay-type":"","overlay-color":"","overlay-opacity":"","overlay-gradient":""},"mobile":{"background-color":"var(--ast-global-color-5)","background-image":"","background-repeat":"repeat","background-position":"center center","background-size":"auto","background-attachment":"scroll","background-type":"","background-media":"","overlay-type":"","overlay-color":"","overlay-opacity":"","overlay-gradient":""}},"ngg_post_thumbnail":0,"jetpack_post_was_ever_published":false,"_jetpack_newsletter_access":"","_jetpack_dont_email_post_to_subs":false,"_jetpack_newsletter_tier_id":0,"_jetpack_memberships_contains_paywalled_content":false,"_jetpack_memberships_contains_paid_content":false,"footnotes":""},"categories":[10],"tags":[],"class_list":["post-10530","post","type-post","status-publish","format-standard","hentry","category-foto"],"jetpack_featured_media_url":"","jetpack_sharing_enabled":true,"jetpack_shortlink":"https:\/\/wp.me\/p4uzZ-2JQ","jetpack-related-posts":[{"id":11270,"url":"https:\/\/textundblog.de\/?p=11270","url_meta":{"origin":10530,"position":0},"title":"Neues Handy: iPhone 17 Pro Max","author":"Markus Trapp","date":"30\/11\/2025","format":false,"excerpt":"Martin \u00fcbernimmt hier im Blog immer die traditionelle Chronistenpflicht meine neuen mobilen Endger\u00e4te vorzustellen. Das hat f\u00fcr mich den Vorteil, dass ich hier immer nachschauen kann, ab wann ich welches Handy und welches iPad hatte. An diesem Wochenende war es wieder mal so weit. Ich habe aufger\u00fcstet vom iPhone 14\u2026","rel":"","context":"In &quot;Allgemeines&quot;","block_context":{"text":"Allgemeines","link":"https:\/\/textundblog.de\/?cat=1"},"img":{"alt_text":"","src":"https:\/\/i0.wp.com\/textundblog.de\/wp-content\/IMG_0426-1024x768.jpeg?resize=350%2C200&ssl=1","width":350,"height":200,"srcset":"https:\/\/i0.wp.com\/textundblog.de\/wp-content\/IMG_0426-1024x768.jpeg?resize=350%2C200&ssl=1 1x, https:\/\/i0.wp.com\/textundblog.de\/wp-content\/IMG_0426-1024x768.jpeg?resize=525%2C300&ssl=1 1.5x, https:\/\/i0.wp.com\/textundblog.de\/wp-content\/IMG_0426-1024x768.jpeg?resize=700%2C400&ssl=1 2x"},"classes":[]},{"id":3472,"url":"https:\/\/textundblog.de\/?p=3472","url_meta":{"origin":10530,"position":1},"title":"Tolle Sachen machen mit Dropbox","author":"Markus","date":"11\/4\/2010","format":false,"excerpt":"Mit Dropbox kann man wirklich tolle Sachen machen. Dateien abspeichern, um von \u00fcberall her darauf zuzugreifen. Wahlweise im gesch\u00fctzten Verzeichnis oder auch zum Teilen von Dateien mit anderen. Kein vergessener Speicherstick macht den Zugriff auf wichtige Daten mehr zunichte. Das Abgleichen von Dateien zwischen verschiedenen Rechnern geht ohne m\u00fchsames Kopieren\u2026","rel":"","context":"In &quot;Foto&quot;","block_context":{"text":"Foto","link":"https:\/\/textundblog.de\/?cat=10"},"img":{"alt_text":"Dropbox","src":"https:\/\/i0.wp.com\/textundblog.de\/wp-content\/dropbox.jpg?resize=350%2C200&ssl=1","width":350,"height":200},"classes":[]},{"id":2695,"url":"https:\/\/textundblog.de\/?p=2695","url_meta":{"origin":10530,"position":2},"title":"Sinnvolles und Erstaunliches rund ums iPhone","author":"Markus","date":"14\/12\/2008","format":false,"excerpt":"Direktlink YouTube Verr\u00fcckt. Die spielen zu dritt iPong. \u00dcber drei iPod Touch hinweg! F\u00fcr manche ist dieses Video schon ein alter Hut (ist ja auch schon durch die Blogosph\u00e4re gezogen, siehe etwa den Artikel und die Kommentare auf Basic Thinking), aber ich bin heute erst bei RobotBling, einem sehr empfehlenswerten\u2026","rel":"","context":"In &quot;Software&quot;","block_context":{"text":"Software","link":"https:\/\/textundblog.de\/?cat=21"},"img":{"alt_text":"Meine iPhone-Site","src":"https:\/\/i0.wp.com\/textundblog.de\/wp-images\/iphone225x136.jpg?resize=350%2C200&ssl=1","width":350,"height":200},"classes":[]},{"id":2681,"url":"https:\/\/textundblog.de\/?p=2681","url_meta":{"origin":10530,"position":3},"title":"iPhone-Site mit Tipps und Anwendungen","author":"Markus","date":"8\/12\/2008","format":false,"excerpt":"Seit ich mein iPhone habe, bin ich auf der Suche nach Informationen und Anwendungen zu meinem Handy, das ja l\u00e4ngst mehr als ein Handy ist (manchmal muss ich mich regelrecht selbst daran erinnern, dass man damit ja auch telefonieren kann ;-). Zahlreiche Blogs und gute Websites hab ich bereits in\u2026","rel":"","context":"In &quot;Software&quot;","block_context":{"text":"Software","link":"https:\/\/textundblog.de\/?cat=21"},"img":{"alt_text":"iPhone-Site auf meiner privaten Homepage","src":"https:\/\/i0.wp.com\/textundblog.de\/wp-content\/iphonesite.jpg?resize=350%2C200&ssl=1","width":350,"height":200},"classes":[]},{"id":2657,"url":"https:\/\/textundblog.de\/?p=2657","url_meta":{"origin":10530,"position":4},"title":"Mein iPhone ist da &#8211; das Netz in der Hand","author":"Markus","date":"27\/11\/2008","format":false,"excerpt":"Heute ist mein am Donnerstag bestelltes iPhone angekommen. Ich hatte nach Lekt\u00fcre dieser Meldung (Standard.at) zugeschlagen, weil ich endlich ein iPhone ohne Telekom-Vertrag erstehen konnte. Da ich's nicht per Nachnahme bestellen konnte, weil ich ja tags\u00fcber so gut wie nie zuhause bin, hab ich es per Vorkasse bestellt. Der Andrang\u2026","rel":"","context":"In &quot;Internet&quot;","block_context":{"text":"Internet","link":"https:\/\/textundblog.de\/?cat=4"},"img":{"alt_text":"Mein iPhone - zum Test mit Text & Blog","src":"https:\/\/i0.wp.com\/textundblog.de\/wp-content\/iphonehand.jpg?resize=350%2C200&ssl=1","width":350,"height":200},"classes":[]},{"id":1377,"url":"https:\/\/textundblog.de\/?p=1377","url_meta":{"origin":10530,"position":5},"title":"iPhone-Handhabe im CBS-News-Video","author":"Markus","date":"12\/1\/2007","format":false,"excerpt":"So k\u00f6nnte das Telefon der (nahen) Zukunft aussehen: CBS News stellt Apples iPhone vor. Was mich beeindruckt ist das intuitive Fotozoomen mit den Fingern und das schnelle Scrollen durch Musiklisten oder Adressb\u00fccher: Direktlink YouTube [Das Video habe ich in dem genialen spanischen Blog HacheMuda.Com entdeckt. Dort ist die Art der\u2026","rel":"","context":"In &quot;Artikel&quot;","block_context":{"text":"Artikel","link":"https:\/\/textundblog.de\/?cat=5"},"img":{"alt_text":"","src":"","width":0,"height":0},"classes":[]}],"_links":{"self":[{"href":"https:\/\/textundblog.de\/index.php?rest_route=\/wp\/v2\/posts\/10530","targetHints":{"allow":["GET"]}}],"collection":[{"href":"https:\/\/textundblog.de\/index.php?rest_route=\/wp\/v2\/posts"}],"about":[{"href":"https:\/\/textundblog.de\/index.php?rest_route=\/wp\/v2\/types\/post"}],"author":[{"embeddable":true,"href":"https:\/\/textundblog.de\/index.php?rest_route=\/wp\/v2\/users\/1"}],"replies":[{"embeddable":true,"href":"https:\/\/textundblog.de\/index.php?rest_route=%2Fwp%2Fv2%2Fcomments&post=10530"}],"version-history":[{"count":0,"href":"https:\/\/textundblog.de\/index.php?rest_route=\/wp\/v2\/posts\/10530\/revisions"}],"wp:attachment":[{"href":"https:\/\/textundblog.de\/index.php?rest_route=%2Fwp%2Fv2%2Fmedia&parent=10530"}],"wp:term":[{"taxonomy":"category","embeddable":true,"href":"https:\/\/textundblog.de\/index.php?rest_route=%2Fwp%2Fv2%2Fcategories&post=10530"},{"taxonomy":"post_tag","embeddable":true,"href":"https:\/\/textundblog.de\/index.php?rest_route=%2Fwp%2Fv2%2Ftags&post=10530"}],"curies":[{"name":"wp","href":"https:\/\/api.w.org\/{rel}","templated":true}]}}