{"id":10516,"date":"2023-04-02T12:21:13","date_gmt":"2023-04-02T10:21:13","guid":{"rendered":"https:\/\/textundblog.de\/?p=10516"},"modified":"2023-04-02T12:24:35","modified_gmt":"2023-04-02T10:24:35","slug":"klimaschutz-und-demokratie","status":"publish","type":"post","link":"https:\/\/textundblog.de\/?p=10516","title":{"rendered":"Klimaschutz UND Demokratie"},"content":{"rendered":"<p><a href=\"https:\/\/textundblog.de\/?tag=tweetderwoche\"> <img loading=\"lazy\" decoding=\"async\" src=\"wp-images\/tweetderwoche2-200x96.jpg\" alt=\"Tweet der Woche\" title=\"Tweet der Woche\" height=\"96\" width=\"200\" class=\"bildrechts\" \/><\/a> Der Tweet der Woche ist quasi das Buch der Woche; beides stammt von Jonas Schaible. Das Buch von <a href=\"https:\/\/twitter.com\/beimwort\">@beimwort<\/a> tr\u00e4gt den Titel \u201eDemokratie im Feuer: Warum wir die Freiheit nur bewahren, wenn wir das Klima retten \u2013 und umgekehrt\u201c und wurde diese Woche ver\u00f6ffentlicht.<\/p>\n<blockquote class=\"twitter-tweet\" data-width=\"500\" data-dnt=\"true\">\n<p lang=\"de\" dir=\"ltr\">Nur weil es Ver\u00e4nderung bringt, ist es nicht autorit\u00e4r. Warum wir das Quatschkonzept \u201e\u00d6kodiktatur\u201c aus der Welt r\u00e4umen k\u00f6nnen und warum es legitim &amp; \u00fcblich ist, in Demokratien Spielr\u00e4ume zu verkleinern. Vorabdruck aus <a href=\"https:\/\/twitter.com\/hashtag\/DemokratieimFeuer?src=hash&amp;ref_src=twsrc%5Etfw\">#DemokratieimFeuer<\/a> <a href=\"https:\/\/twitter.com\/derspiegel?ref_src=twsrc%5Etfw\">@derspiegel<\/a>: <a href=\"https:\/\/t.co\/2yna5nl90X\">https:\/\/t.co\/2yna5nl90X<\/a> (frei)<\/p>\n<p>&mdash; Jonas Schaible (@beimwort) <a href=\"https:\/\/twitter.com\/beimwort\/status\/1642100606650163201?ref_src=twsrc%5Etfw\">April 1, 2023<\/a><\/p><\/blockquote>\n<p><script async src=\"https:\/\/platform.twitter.com\/widgets.js\" charset=\"utf-8\"><\/script><br \/>\n<!--more--><\/p>\n<p><figure id=\"attachment_10517\" aria-describedby=\"caption-attachment-10517\" style=\"width: 188px\" class=\"wp-caption alignright\"><a href=\"https:\/\/i0.wp.com\/textundblog.de\/wp-content\/E13F4E8D-32EB-4C56-A638-5CC841DE6504-scaled.jpeg?ssl=1\"><img data-recalc-dims=\"1\" loading=\"lazy\" decoding=\"async\" data-attachment-id=\"10517\" data-permalink=\"https:\/\/textundblog.de\/?attachment_id=10517\" data-orig-file=\"https:\/\/i0.wp.com\/textundblog.de\/wp-content\/E13F4E8D-32EB-4C56-A638-5CC841DE6504-scaled.jpeg?fit=1601%2C2560&amp;ssl=1\" data-orig-size=\"1601,2560\" data-comments-opened=\"1\" data-image-meta=\"{&quot;aperture&quot;:&quot;0&quot;,&quot;credit&quot;:&quot;&quot;,&quot;camera&quot;:&quot;&quot;,&quot;caption&quot;:&quot;Demokratie im Feuer von Jonas Schaible&quot;,&quot;created_timestamp&quot;:&quot;0&quot;,&quot;copyright&quot;:&quot;(c) Penguin Random House Verlagsgruppe GmbH, Muenchen&quot;,&quot;focal_length&quot;:&quot;0&quot;,&quot;iso&quot;:&quot;0&quot;,&quot;shutter_speed&quot;:&quot;0&quot;,&quot;title&quot;:&quot;Demokratie im Feuer von Jonas Schaible&quot;,&quot;orientation&quot;:&quot;0&quot;}\" data-image-title=\"Demokratie im Feuer von Jonas Schaible\" data-image-description=\"\" data-image-caption=\"&lt;p&gt;Demokratie im Feuer von Jonas Schaible&lt;\/p&gt;\n\" data-large-file=\"https:\/\/i0.wp.com\/textundblog.de\/wp-content\/E13F4E8D-32EB-4C56-A638-5CC841DE6504-scaled.jpeg?fit=640%2C1024&amp;ssl=1\" title=\"\u2018Demokratie im Feuer\u2018 von Jonas Schaible\"  src=\"https:\/\/i0.wp.com\/textundblog.de\/wp-content\/E13F4E8D-32EB-4C56-A638-5CC841DE6504.jpeg?resize=188%2C300&#038;ssl=1\" alt=\"\u2018Demokratie im Feuer\u2019 von Jonas Schaible\" width=\"188\" height=\"300\" class=\"size-medium wp-image-10517\" srcset=\"https:\/\/i0.wp.com\/textundblog.de\/wp-content\/E13F4E8D-32EB-4C56-A638-5CC841DE6504-scaled.jpeg?resize=188%2C300&amp;ssl=1 188w, https:\/\/i0.wp.com\/textundblog.de\/wp-content\/E13F4E8D-32EB-4C56-A638-5CC841DE6504-scaled.jpeg?resize=640%2C1024&amp;ssl=1 640w, https:\/\/i0.wp.com\/textundblog.de\/wp-content\/E13F4E8D-32EB-4C56-A638-5CC841DE6504-scaled.jpeg?resize=768%2C1228&amp;ssl=1 768w, https:\/\/i0.wp.com\/textundblog.de\/wp-content\/E13F4E8D-32EB-4C56-A638-5CC841DE6504-scaled.jpeg?resize=961%2C1536&amp;ssl=1 961w, https:\/\/i0.wp.com\/textundblog.de\/wp-content\/E13F4E8D-32EB-4C56-A638-5CC841DE6504-scaled.jpeg?resize=1281%2C2048&amp;ssl=1 1281w, https:\/\/i0.wp.com\/textundblog.de\/wp-content\/E13F4E8D-32EB-4C56-A638-5CC841DE6504-scaled.jpeg?w=1601&amp;ssl=1 1601w\" sizes=\"auto, (max-width: 188px) 100vw, 188px\" \/><\/a><figcaption id=\"caption-attachment-10517\" class=\"wp-caption-text\">Demokratie im Feuer von Jonas Schaible<\/figcaption><\/figure> In seinem Tweet weist er auf den kurzen Vorabdruck im \u201eSpiegel\u201c hin. In seinem Buch r\u00e4umt er mit dem absurden Vorurteil auf, dass Ma\u00dfnahmen zum Schutz des Klimas in eine \u00d6kodiktatur m\u00fcnden w\u00fcrden. Dort hei\u00dft es zum Beispiel:<\/p>\n<blockquote><p>Die Demokratie wird sich nur bewahren lassen, wenn wir das Klima sch\u00fctzen. Das Klima andererseits wird sich nur demokratisch sch\u00fctzen lassen. Aber Demokratie in Zeiten der Klimakrise muss anders aussehen k\u00f6nnen als vorher. Es wird ja sowieso alles anders aussehen.<\/p><\/blockquote>\n<p>Es geht also nicht um eine Entscheidung zwischen Klimaschutz ODER Demokratie, sondern, was wir brauchen, sind Klimaschutz UND Demokratie.<\/p>\n<p>Weiter lesen im Buchauszug auf Spiegel online: \u201e<a href=\"https:\/\/www.spiegel.de\/politik\/deutschland\/gefaehrdete-freiheit-in-der-klimakrise-demokratie-im-feuer-a-39152c01-9060-4d2b-911b-c7c3377b612f\">Es ist Zeit f\u00fcr eine wehrhafte Klimademokratie<\/a>\u201c<\/p>\n<p>Hier geht&#8217;s zu den vergangenen <a href=\"https:\/\/textundblog.de\/?tag=tweetderwoche\">Tweets der Woche<\/a>.<\/p>\n","protected":false},"excerpt":{"rendered":"<p>Der Tweet der Woche ist quasi das Buch der Woche; beides stammt von Jonas Schaible. Das Buch von @beimwort tr\u00e4gt den Titel \u201eDemokratie im Feuer: Warum wir die Freiheit nur bewahren, wenn wir das Klima retten \u2013 und umgekehrt\u201c und wurde diese Woche ver\u00f6ffentlicht. Nur weil es Ver\u00e4nderung bringt, ist es nicht autorit\u00e4r. Warum wir [&hellip;]<\/p>\n","protected":false},"author":1,"featured_media":0,"comment_status":"open","ping_status":"open","sticky":false,"template":"","format":"standard","meta":{"site-sidebar-layout":"default","site-content-layout":"default","ast-site-content-layout":"default","site-content-style":"default","site-sidebar-style":"default","ast-global-header-display":"","ast-banner-title-visibility":"","ast-main-header-display":"","ast-hfb-above-header-display":"","ast-hfb-below-header-display":"","ast-hfb-mobile-header-display":"","site-post-title":"","ast-breadcrumbs-content":"","ast-featured-img":"","footer-sml-layout":"","theme-transparent-header-meta":"default","adv-header-id-meta":"","stick-header-meta":"","header-above-stick-meta":"","header-main-stick-meta":"","header-below-stick-meta":"","astra-migrate-meta-layouts":"default","ast-page-background-enabled":"default","ast-page-background-meta":{"desktop":{"background-color":"var(--ast-global-color-4)","background-image":"","background-repeat":"repeat","background-position":"center center","background-size":"auto","background-attachment":"scroll","background-type":"","background-media":"","overlay-type":"","overlay-color":"","overlay-opacity":"","overlay-gradient":""},"tablet":{"background-color":"","background-image":"","background-repeat":"repeat","background-position":"center center","background-size":"auto","background-attachment":"scroll","background-type":"","background-media":"","overlay-type":"","overlay-color":"","overlay-opacity":"","overlay-gradient":""},"mobile":{"background-color":"","background-image":"","background-repeat":"repeat","background-position":"center center","background-size":"auto","background-attachment":"scroll","background-type":"","background-media":"","overlay-type":"","overlay-color":"","overlay-opacity":"","overlay-gradient":""}},"ast-content-background-meta":{"desktop":{"background-color":"var(--ast-global-color-5)","background-image":"","background-repeat":"repeat","background-position":"center center","background-size":"auto","background-attachment":"scroll","background-type":"","background-media":"","overlay-type":"","overlay-color":"","overlay-opacity":"","overlay-gradient":""},"tablet":{"background-color":"var(--ast-global-color-5)","background-image":"","background-repeat":"repeat","background-position":"center center","background-size":"auto","background-attachment":"scroll","background-type":"","background-media":"","overlay-type":"","overlay-color":"","overlay-opacity":"","overlay-gradient":""},"mobile":{"background-color":"var(--ast-global-color-5)","background-image":"","background-repeat":"repeat","background-position":"center center","background-size":"auto","background-attachment":"scroll","background-type":"","background-media":"","overlay-type":"","overlay-color":"","overlay-opacity":"","overlay-gradient":""}},"ngg_post_thumbnail":0,"jetpack_post_was_ever_published":false,"_jetpack_newsletter_access":"","_jetpack_dont_email_post_to_subs":false,"_jetpack_newsletter_tier_id":0,"_jetpack_memberships_contains_paywalled_content":false,"_jetpack_memberships_contains_paid_content":false,"footnotes":""},"categories":[33,11,9],"tags":[77],"class_list":["post-10516","post","type-post","status-publish","format-standard","hentry","category-twitter","category-literatur","category-politik","tag-tweetderwoche"],"jetpack_featured_media_url":"","jetpack_sharing_enabled":true,"jetpack_shortlink":"https:\/\/wp.me\/p4uzZ-2JC","jetpack-related-posts":[{"id":10699,"url":"https:\/\/textundblog.de\/?p=10699","url_meta":{"origin":10516,"position":0},"title":"Wie wir alle auf die neue Propaganda reagieren k\u00f6nnen","author":"Markus","date":"17\/3\/2024","format":false,"excerpt":"F\u00fcr mich war Twitter immer ein wichtiger Kanal, in dem ich auf lesenswerte aktuelle Texte hingewiesen wurde. In der Nachfolge von Twitter erf\u00fcllt Bluesky immer mehr diese Funktion. Gestern war das f\u00fcr mich der Hinweis von Jonas Schaible (@beimwort) auf seinen im Spiegel ver\u00f6ffentlichten Essay, wie unsere Wahrnehmung der politischen\u2026","rel":"","context":"In &quot;Internet&quot;","block_context":{"text":"Internet","link":"https:\/\/textundblog.de\/?cat=4"},"img":{"alt_text":"","src":"https:\/\/i0.wp.com\/textundblog.de\/wp-content\/IMG_8153-150x150.png?resize=350%2C200&ssl=1","width":350,"height":200},"classes":[]},{"id":10677,"url":"https:\/\/textundblog.de\/?p=10677","url_meta":{"origin":10516,"position":1},"title":"Im Kampf um die Demokratie die Wahlbeteiligung steigern","author":"Markus","date":"3\/3\/2024","format":false,"excerpt":"Alle, die sich berechtigterweise Sorgen um die Demokratie in Deutschland machen, d\u00fcrfte mittlerweile klar sein, dass die ca. 20 Prozent, die in Umfragen angeben, die AfD w\u00e4hlen zu wollen, genau wissen, was sie tun. Sie nehmen Migrations- und Ausl\u00e4nderfeindlichkeit und menschenverachtenden Rechtsextremismus nicht nur billigend in Kauf, sie sind migrations-\u2026","rel":"","context":"In &quot;Internet&quot;","block_context":{"text":"Internet","link":"https:\/\/textundblog.de\/?cat=4"},"img":{"alt_text":"","src":"https:\/\/i0.wp.com\/textundblog.de\/wp-content\/IMG_8153-150x150.png?resize=350%2C200&ssl=1","width":350,"height":200},"classes":[]},{"id":7102,"url":"https:\/\/textundblog.de\/?p=7102","url_meta":{"origin":10516,"position":2},"title":"Demokratie in der T\u00fcrkei faktisch abgeschafft","author":"Markus","date":"20\/5\/2016","format":false,"excerpt":"Auf die besorgniserregende Entwicklung in der T\u00fcrkei kann man fast nur noch mit Sarkasmus reagieren. Tweet der Woche zur Abschaffung der Demokratie in Ankara von @extra3: https:\/\/twitter.com\/extra3\/status\/733638631404015616 Hier geht's zu den vergangenen Tweets der Woche.","rel":"","context":"In &quot;Bluesky&quot;","block_context":{"text":"Bluesky","link":"https:\/\/textundblog.de\/?cat=33"},"img":{"alt_text":"Tweet der Woche","src":"wp-images\/tweetderwoche2-200x96.jpg","width":350,"height":200},"classes":[]},{"id":10648,"url":"https:\/\/textundblog.de\/?p=10648","url_meta":{"origin":10516,"position":3},"title":"\u00dcbersetzung von Propaganda als Aufgabe des Journalismus","author":"Markus","date":"14\/1\/2024","format":false,"excerpt":"Nicht erst seit den Recherchen des Redaktionsnetzwerks Correctiv zum Treffen von Rechtsextremisten in Potsdam (siehe Wikipedia) ist klar, dass die AfD eine faschistische Partei ist, die das Ziel verfolgt, die freiheitliche Grundordnung unserer Demokratie zu beeintr\u00e4chtigen. \u00dcber 600.000 Menschen haben bereits die Petition unterzeichnet, in der dringend darum gebeten wird,\u2026","rel":"","context":"In &quot;Politik&quot;","block_context":{"text":"Politik","link":"https:\/\/textundblog.de\/?cat=9"},"img":{"alt_text":"","src":"https:\/\/i0.wp.com\/textundblog.de\/wp-content\/IMG_8153-150x150.png?resize=350%2C200&ssl=1","width":350,"height":200},"classes":[]},{"id":8739,"url":"https:\/\/textundblog.de\/?p=8739","url_meta":{"origin":10516,"position":4},"title":"Klare Kante gegen Neonazis","author":"Markus","date":"1\/9\/2018","format":false,"excerpt":"An der Sprache der Neonazis und der AfD l\u00e4sst sich ablesen, dass in Chemnitz und weiteren Orten rechter Aufm\u00e4rsche keine sogenannten \u201ebesorgten B\u00fcrger\u201c auf die Stra\u00dfe gehen, sondern Rassisten und eben Neonazis. Die Germanistin Heidrun K\u00e4mper hat untersucht, wie sich die kaschierten Neonazis von der AfD der Sprache der Nationalsozialisten\u2026","rel":"","context":"In &quot;Bluesky&quot;","block_context":{"text":"Bluesky","link":"https:\/\/textundblog.de\/?cat=33"},"img":{"alt_text":"Tweet der Woche","src":"wp-images\/tweetderwoche2-200x96.jpg","width":350,"height":200},"classes":[]},{"id":11124,"url":"https:\/\/textundblog.de\/?p=11124","url_meta":{"origin":10516,"position":5},"title":"Kommentar zum R\u00fcckzug Brosius-Gersdorfs","author":"Markus Trapp","date":"7\/8\/2025","format":false,"excerpt":"Diese Nachricht hat uns heute alle schockiert: Brosius-Gersdorf zieht zur\u00fcck. Sehr treffend finde ich diesen vom DLF gesendeten Kommentar von Gudula Geuther: Schauriges Kapitel politischer Kultur Nachzuh\u00f6ren beim DLF. Leider bietet der DLF zu diesem sehr guten Kommentar keine Transkription an. Deshalb hab ich diese mit dem Programm Aiko erstellt\u2026","rel":"","context":"In &quot;Internet&quot;","block_context":{"text":"Internet","link":"https:\/\/textundblog.de\/?cat=4"},"img":{"alt_text":"","src":"https:\/\/i0.wp.com\/textundblog.de\/wp-content\/IMG_0076-300x169.jpeg?resize=350%2C200&ssl=1","width":350,"height":200},"classes":[]}],"_links":{"self":[{"href":"https:\/\/textundblog.de\/index.php?rest_route=\/wp\/v2\/posts\/10516","targetHints":{"allow":["GET"]}}],"collection":[{"href":"https:\/\/textundblog.de\/index.php?rest_route=\/wp\/v2\/posts"}],"about":[{"href":"https:\/\/textundblog.de\/index.php?rest_route=\/wp\/v2\/types\/post"}],"author":[{"embeddable":true,"href":"https:\/\/textundblog.de\/index.php?rest_route=\/wp\/v2\/users\/1"}],"replies":[{"embeddable":true,"href":"https:\/\/textundblog.de\/index.php?rest_route=%2Fwp%2Fv2%2Fcomments&post=10516"}],"version-history":[{"count":0,"href":"https:\/\/textundblog.de\/index.php?rest_route=\/wp\/v2\/posts\/10516\/revisions"}],"wp:attachment":[{"href":"https:\/\/textundblog.de\/index.php?rest_route=%2Fwp%2Fv2%2Fmedia&parent=10516"}],"wp:term":[{"taxonomy":"category","embeddable":true,"href":"https:\/\/textundblog.de\/index.php?rest_route=%2Fwp%2Fv2%2Fcategories&post=10516"},{"taxonomy":"post_tag","embeddable":true,"href":"https:\/\/textundblog.de\/index.php?rest_route=%2Fwp%2Fv2%2Ftags&post=10516"}],"curies":[{"name":"wp","href":"https:\/\/api.w.org\/{rel}","templated":true}]}}