{"id":10507,"date":"2023-03-19T12:33:02","date_gmt":"2023-03-19T11:33:02","guid":{"rendered":"https:\/\/textundblog.de\/?p=10507"},"modified":"2023-03-19T12:33:32","modified_gmt":"2023-03-19T11:33:32","slug":"analogien-zwischen-mensch-und-tier","status":"publish","type":"post","link":"https:\/\/textundblog.de\/?p=10507","title":{"rendered":"Analogien zwischen Mensch und Tier"},"content":{"rendered":"<p><a href=\"https:\/\/textundblog.de\/?tag=tweetderwoche\"> <img loading=\"lazy\" decoding=\"async\" src=\"wp-images\/tweetderwoche2-200x96.jpg\" alt=\"Tweet der Woche\" title=\"Tweet der Woche\" height=\"96\" width=\"200\" class=\"bildrechts\" \/><\/a> Das Schwein will nicht aufstehen. Twitter ist auch ein begnadeter Fundort f\u00fcr die Analogien zwischen Mensch und Tier. Im Tweet der Woche wundersch\u00f6n aufgezeigt von <a href=\"https:\/\/twitter.com\/buitengebieden\">@buitengebieden<\/a>:<\/p>\n<p>https:\/\/twitter.com\/buitengebieden\/status\/1637366887486046210?s=61&#038;t=lpGtyMHKufz4rj7aDnL9CA<\/p>\n<p>Hier geht&#8217;s zu den vergangenen <a href=\"https:\/\/textundblog.de\/?tag=tweetderwoche\">Tweets der Woche<\/a>.<\/p>\n","protected":false},"excerpt":{"rendered":"<p>Das Schwein will nicht aufstehen. Twitter ist auch ein begnadeter Fundort f\u00fcr die Analogien zwischen Mensch und Tier. Im Tweet der Woche wundersch\u00f6n aufgezeigt von @buitengebieden: https:\/\/twitter.com\/buitengebieden\/status\/1637366887486046210?s=61&#038;t=lpGtyMHKufz4rj7aDnL9CA Hier geht&#8217;s zu den vergangenen Tweets der Woche.<\/p>\n","protected":false},"author":1,"featured_media":0,"comment_status":"open","ping_status":"open","sticky":false,"template":"","format":"standard","meta":{"site-sidebar-layout":"default","site-content-layout":"default","ast-site-content-layout":"default","site-content-style":"default","site-sidebar-style":"default","ast-global-header-display":"","ast-banner-title-visibility":"","ast-main-header-display":"","ast-hfb-above-header-display":"","ast-hfb-below-header-display":"","ast-hfb-mobile-header-display":"","site-post-title":"","ast-breadcrumbs-content":"","ast-featured-img":"","footer-sml-layout":"","theme-transparent-header-meta":"default","adv-header-id-meta":"","stick-header-meta":"","header-above-stick-meta":"","header-main-stick-meta":"","header-below-stick-meta":"","astra-migrate-meta-layouts":"default","ast-page-background-enabled":"default","ast-page-background-meta":{"desktop":{"background-color":"var(--ast-global-color-4)","background-image":"","background-repeat":"repeat","background-position":"center center","background-size":"auto","background-attachment":"scroll","background-type":"","background-media":"","overlay-type":"","overlay-color":"","overlay-opacity":"","overlay-gradient":""},"tablet":{"background-color":"","background-image":"","background-repeat":"repeat","background-position":"center center","background-size":"auto","background-attachment":"scroll","background-type":"","background-media":"","overlay-type":"","overlay-color":"","overlay-opacity":"","overlay-gradient":""},"mobile":{"background-color":"","background-image":"","background-repeat":"repeat","background-position":"center center","background-size":"auto","background-attachment":"scroll","background-type":"","background-media":"","overlay-type":"","overlay-color":"","overlay-opacity":"","overlay-gradient":""}},"ast-content-background-meta":{"desktop":{"background-color":"var(--ast-global-color-5)","background-image":"","background-repeat":"repeat","background-position":"center center","background-size":"auto","background-attachment":"scroll","background-type":"","background-media":"","overlay-type":"","overlay-color":"","overlay-opacity":"","overlay-gradient":""},"tablet":{"background-color":"var(--ast-global-color-5)","background-image":"","background-repeat":"repeat","background-position":"center center","background-size":"auto","background-attachment":"scroll","background-type":"","background-media":"","overlay-type":"","overlay-color":"","overlay-opacity":"","overlay-gradient":""},"mobile":{"background-color":"var(--ast-global-color-5)","background-image":"","background-repeat":"repeat","background-position":"center center","background-size":"auto","background-attachment":"scroll","background-type":"","background-media":"","overlay-type":"","overlay-color":"","overlay-opacity":"","overlay-gradient":""}},"ngg_post_thumbnail":0,"jetpack_post_was_ever_published":false,"_jetpack_newsletter_access":"","_jetpack_dont_email_post_to_subs":false,"_jetpack_newsletter_tier_id":0,"_jetpack_memberships_contains_paywalled_content":false,"_jetpack_memberships_contains_paid_content":false,"footnotes":""},"categories":[33,11],"tags":[77],"class_list":["post-10507","post","type-post","status-publish","format-standard","hentry","category-twitter","category-literatur","tag-tweetderwoche"],"jetpack_featured_media_url":"","jetpack_sharing_enabled":true,"jetpack_shortlink":"https:\/\/wp.me\/p4uzZ-2Jt","jetpack-related-posts":[{"id":7154,"url":"https:\/\/textundblog.de\/?p=7154","url_meta":{"origin":10507,"position":0},"title":"Ohne Jugend verloren","author":"Markus","date":"25\/6\/2016","format":false,"excerpt":"Eine Analogie zwischen dem Brexit und der EM zu ziehen, liegt aus aktuellen Gr\u00fcnden auf der Hand. Am besten gelungen ist das @FieserHahn. Daher mein Tweet der Woche: https:\/\/twitter.com\/FieserHahn\/status\/746240188066594816 Hier geht's zu den vergangenen Tweets der Woche.","rel":"","context":"In &quot;Bluesky&quot;","block_context":{"text":"Bluesky","link":"https:\/\/textundblog.de\/?cat=33"},"img":{"alt_text":"Tweet der Woche","src":"wp-images\/tweetderwoche2-200x96.jpg","width":350,"height":200},"classes":[]},{"id":7119,"url":"https:\/\/textundblog.de\/?p=7119","url_meta":{"origin":10507,"position":1},"title":"Analogie aus Analogem und Digitalem","author":"Markus","date":"4\/6\/2016","format":false,"excerpt":"Twitter steht ja auch f\u00fcr die Analogie aus analogem und digitalem Leben. Bestes Beispiel daf\u00fcr, der Tweet der Woche von @derLehnsherr: https:\/\/twitter.com\/derLehnsherr\/status\/737137537219756033 Hier geht's zu den vergangenen Tweets der Woche.","rel":"","context":"In &quot;Bluesky&quot;","block_context":{"text":"Bluesky","link":"https:\/\/textundblog.de\/?cat=33"},"img":{"alt_text":"Tweet der Woche","src":"wp-images\/tweetderwoche2-200x96.jpg","width":350,"height":200},"classes":[]},{"id":7275,"url":"https:\/\/textundblog.de\/?p=7275","url_meta":{"origin":10507,"position":2},"title":"Das Leben, eine Serie?","author":"Markus","date":"26\/8\/2016","format":false,"excerpt":"Der Tweet der Woche von @DrWaumiau ist einer f\u00fcr die Generation der fr\u00fchen Midlife-Krise. Auch wenn ich niemandem w\u00fcnsche, so ein Leben zu f\u00fchren, musste ich doch schmunzeln ob der Analogie Serien vs Leben: https:\/\/twitter.com\/DrWaumiau\/status\/767961693435654146 Hier geht's zu den vergangenen Tweets der Woche.","rel":"","context":"In &quot;Bluesky&quot;","block_context":{"text":"Bluesky","link":"https:\/\/textundblog.de\/?cat=33"},"img":{"alt_text":"Tweet der Woche","src":"wp-images\/tweetderwoche2-200x96.jpg","width":350,"height":200},"classes":[]},{"id":6679,"url":"https:\/\/textundblog.de\/?p=6679","url_meta":{"origin":10507,"position":3},"title":"Alle f\u00fcr einen und Twitter f\u00fcr alle!","author":"Markus","date":"26\/6\/2015","format":false,"excerpt":"Es ist Alexandre Dumas, der bereits im Jahre 1870 das Zeitliche gesegnet hatte, kein Vorwurf zu machen, in seinem \u0152uvre das Internet nicht vorhergesehen zu haben. Aber es ist dem twitteur @kid37 hoch anzurechnen, die neuzeitliche Analogie des Netzes zum Hauptwerk des franz\u00f6sischen Schriftstellers im Tweet der Woche herzustellen: https:\/\/twitter.com\/_kid37\/status\/614023114024964097\u2026","rel":"","context":"In &quot;Bluesky&quot;","block_context":{"text":"Bluesky","link":"https:\/\/textundblog.de\/?cat=33"},"img":{"alt_text":"Tweet der Woche","src":"wp-images\/tweetderwoche2-200x96.jpg","width":350,"height":200},"classes":[]},{"id":5433,"url":"https:\/\/textundblog.de\/?p=5433","url_meta":{"origin":10507,"position":4},"title":"Tweet der Woche: In Gedanken bei #occupygezi","author":"Markus","date":"16\/6\/2013","format":false,"excerpt":"\u00c4rzte und Anw\u00e4lte, die helfen, werden festgenommen, drohen ihre Lizenz zu verlieren. Hotels, die Menschen auf der Flucht vor den widerrechtlichen Angriffen der Staatsmacht Schutz bieten, werden mit Gas gest\u00fcrmt. Furchtbare Menschenrechtsverletzungen durch die Polizei in Istanbul und weiteren Teilen des Landes machen nicht nur betroffen, sondern auch w\u00fctend. Stellvertretend\u2026","rel":"","context":"In &quot;Bluesky&quot;","block_context":{"text":"Bluesky","link":"https:\/\/textundblog.de\/?cat=33"},"img":{"alt_text":"","src":"https:\/\/i0.wp.com\/textundblog.de\/wp-content\/einaugenschmaus-tdw062013.png?resize=350%2C200&ssl=1","width":350,"height":200},"classes":[]},{"id":5300,"url":"https:\/\/textundblog.de\/?p=5300","url_meta":{"origin":10507,"position":5},"title":"Tweet der Woche: Echtzeitmedium","author":"Markus","date":"15\/3\/2013","format":false,"excerpt":"Es gibt ja Menschen die behaupten, sie w\u00fcrden Twitter nicht nutzen, \"weil sie ja schon bei Facebook sind\". Dabei sind diese beiden sozialen Netze doch so grundverschieden. Mit dem \u00abTweet der Woche\u00bb legt Twitterexperte @Einstueckkaese das Augenmerk auf den wesentlichen Unterschied zwischen den beiden Sozialen Netzwerken. Und er tut das\u2026","rel":"","context":"In &quot;Bluesky&quot;","block_context":{"text":"Bluesky","link":"https:\/\/textundblog.de\/?cat=33"},"img":{"alt_text":"","src":"https:\/\/i0.wp.com\/textundblog.de\/wp-content\/einstueckkaese-tdw032013.png?resize=350%2C200&ssl=1","width":350,"height":200},"classes":[]}],"_links":{"self":[{"href":"https:\/\/textundblog.de\/index.php?rest_route=\/wp\/v2\/posts\/10507","targetHints":{"allow":["GET"]}}],"collection":[{"href":"https:\/\/textundblog.de\/index.php?rest_route=\/wp\/v2\/posts"}],"about":[{"href":"https:\/\/textundblog.de\/index.php?rest_route=\/wp\/v2\/types\/post"}],"author":[{"embeddable":true,"href":"https:\/\/textundblog.de\/index.php?rest_route=\/wp\/v2\/users\/1"}],"replies":[{"embeddable":true,"href":"https:\/\/textundblog.de\/index.php?rest_route=%2Fwp%2Fv2%2Fcomments&post=10507"}],"version-history":[{"count":0,"href":"https:\/\/textundblog.de\/index.php?rest_route=\/wp\/v2\/posts\/10507\/revisions"}],"wp:attachment":[{"href":"https:\/\/textundblog.de\/index.php?rest_route=%2Fwp%2Fv2%2Fmedia&parent=10507"}],"wp:term":[{"taxonomy":"category","embeddable":true,"href":"https:\/\/textundblog.de\/index.php?rest_route=%2Fwp%2Fv2%2Fcategories&post=10507"},{"taxonomy":"post_tag","embeddable":true,"href":"https:\/\/textundblog.de\/index.php?rest_route=%2Fwp%2Fv2%2Ftags&post=10507"}],"curies":[{"name":"wp","href":"https:\/\/api.w.org\/{rel}","templated":true}]}}