{"id":10506,"date":"2023-03-12T12:09:40","date_gmt":"2023-03-12T11:09:40","guid":{"rendered":"https:\/\/textundblog.de\/?p=10506"},"modified":"2023-03-12T12:09:40","modified_gmt":"2023-03-12T11:09:40","slug":"wunder-der-natur","status":"publish","type":"post","link":"https:\/\/textundblog.de\/?p=10506","title":{"rendered":"Wunder der Natur"},"content":{"rendered":"<p><a href=\"https:\/\/textundblog.de\/?tag=tweetderwoche\"> <img loading=\"lazy\" decoding=\"async\" src=\"wp-images\/tweetderwoche2-200x96.jpg\" alt=\"Tweet der Woche\" title=\"Tweet der Woche\" height=\"96\" width=\"200\" class=\"bildrechts\" \/><\/a> Die Natur schafft Dinge, die uns immer wieder zum Staunen bringen. Gut im Tweet der Woche von <a href=\"https:\/\/twitter.com\/flemmyflamingo\">@flemmyflamingo<\/a> zum Ausdruck gebracht, mit seiner Frage in Bezug auf die wundersch\u00f6ne Saarschleife in meiner Heimat:<\/p>\n<blockquote class=\"twitter-tweet\" data-width=\"500\" data-dnt=\"true\">\n<p lang=\"en\" dir=\"ltr\">How on earth did they build this without power tools or modern machinery?? <a href=\"https:\/\/t.co\/869nq8KHJs\">pic.twitter.com\/869nq8KHJs<\/a><\/p>\n<p>&mdash; Atze Engelke (@flemmyflamingo) <a href=\"https:\/\/twitter.com\/flemmyflamingo\/status\/1633545473167441920?ref_src=twsrc%5Etfw\">March 8, 2023<\/a><\/p><\/blockquote>\n<p><script async src=\"https:\/\/platform.twitter.com\/widgets.js\" charset=\"utf-8\"><\/script><\/p>\n<p>Geographisch ist die Saarschleife &#8211; nachzulesen in der <a href=\"https:\/\/de.wikipedia.org\/wiki\/Saarschleife\">Wikipedia<\/a> &#8211; \u201eein Durchbruchstal der Saar durch den Taunusquarzit\u201c.<\/p>\n<p>Hier geht&#8217;s zu den vergangenen <a href=\"https:\/\/textundblog.de\/?tag=tweetderwoche\">Tweets der Woche<\/a>.<\/p>\n","protected":false},"excerpt":{"rendered":"<p>Die Natur schafft Dinge, die uns immer wieder zum Staunen bringen. Gut im Tweet der Woche von @flemmyflamingo zum Ausdruck gebracht, mit seiner Frage in Bezug auf die wundersch\u00f6ne Saarschleife in meiner Heimat: How on earth did they build this without power tools or modern machinery?? pic.twitter.com\/869nq8KHJs &mdash; Atze Engelke (@flemmyflamingo) March 8, 2023 Geographisch [&hellip;]<\/p>\n","protected":false},"author":1,"featured_media":0,"comment_status":"open","ping_status":"open","sticky":false,"template":"","format":"standard","meta":{"site-sidebar-layout":"default","site-content-layout":"default","ast-site-content-layout":"default","site-content-style":"default","site-sidebar-style":"default","ast-global-header-display":"","ast-banner-title-visibility":"","ast-main-header-display":"","ast-hfb-above-header-display":"","ast-hfb-below-header-display":"","ast-hfb-mobile-header-display":"","site-post-title":"","ast-breadcrumbs-content":"","ast-featured-img":"","footer-sml-layout":"","theme-transparent-header-meta":"default","adv-header-id-meta":"","stick-header-meta":"","header-above-stick-meta":"","header-main-stick-meta":"","header-below-stick-meta":"","astra-migrate-meta-layouts":"default","ast-page-background-enabled":"default","ast-page-background-meta":{"desktop":{"background-color":"var(--ast-global-color-4)","background-image":"","background-repeat":"repeat","background-position":"center center","background-size":"auto","background-attachment":"scroll","background-type":"","background-media":"","overlay-type":"","overlay-color":"","overlay-opacity":"","overlay-gradient":""},"tablet":{"background-color":"","background-image":"","background-repeat":"repeat","background-position":"center center","background-size":"auto","background-attachment":"scroll","background-type":"","background-media":"","overlay-type":"","overlay-color":"","overlay-opacity":"","overlay-gradient":""},"mobile":{"background-color":"","background-image":"","background-repeat":"repeat","background-position":"center center","background-size":"auto","background-attachment":"scroll","background-type":"","background-media":"","overlay-type":"","overlay-color":"","overlay-opacity":"","overlay-gradient":""}},"ast-content-background-meta":{"desktop":{"background-color":"var(--ast-global-color-5)","background-image":"","background-repeat":"repeat","background-position":"center center","background-size":"auto","background-attachment":"scroll","background-type":"","background-media":"","overlay-type":"","overlay-color":"","overlay-opacity":"","overlay-gradient":""},"tablet":{"background-color":"var(--ast-global-color-5)","background-image":"","background-repeat":"repeat","background-position":"center center","background-size":"auto","background-attachment":"scroll","background-type":"","background-media":"","overlay-type":"","overlay-color":"","overlay-opacity":"","overlay-gradient":""},"mobile":{"background-color":"var(--ast-global-color-5)","background-image":"","background-repeat":"repeat","background-position":"center center","background-size":"auto","background-attachment":"scroll","background-type":"","background-media":"","overlay-type":"","overlay-color":"","overlay-opacity":"","overlay-gradient":""}},"ngg_post_thumbnail":0,"jetpack_post_was_ever_published":false,"_jetpack_newsletter_access":"","_jetpack_dont_email_post_to_subs":false,"_jetpack_newsletter_tier_id":0,"_jetpack_memberships_contains_paywalled_content":false,"_jetpack_memberships_contains_paid_content":false,"footnotes":""},"categories":[33,11],"tags":[77],"class_list":["post-10506","post","type-post","status-publish","format-standard","hentry","category-twitter","category-literatur","tag-tweetderwoche"],"jetpack_featured_media_url":"","jetpack_sharing_enabled":true,"jetpack_shortlink":"https:\/\/wp.me\/p4uzZ-2Js","jetpack-related-posts":[{"id":8228,"url":"https:\/\/textundblog.de\/?p=8228","url_meta":{"origin":10506,"position":0},"title":"Wetter geht immer","author":"Markus","date":"24\/11\/2017","format":false,"excerpt":"Wetter ist ein allseits beliebtes Thema. In jedem Smalltalk und nat\u00fcrlich auch auf Twitter. Einen besonders sch\u00f6nen Wetter-Tweet hat der @Wortagent verfasst: https:\/\/twitter.com\/wortagent\/status\/932182011032285184 Das Besondere an diesem Tweet ist ja nicht nur der hohe Grad an Wahrhaftigkeit, sondern, dass man ihn ganzj\u00e4hrig einsetzen kann - und das ist ja bei\u2026","rel":"","context":"In &quot;Bluesky&quot;","block_context":{"text":"Bluesky","link":"https:\/\/textundblog.de\/?cat=33"},"img":{"alt_text":"Tweet der Woche","src":"wp-images\/tweetderwoche2-200x96.jpg","width":350,"height":200},"classes":[]},{"id":9610,"url":"https:\/\/textundblog.de\/?p=9610","url_meta":{"origin":10506,"position":1},"title":"Mein Name ist Erwin Lindemann","author":"Markus","date":"20\/9\/2020","format":false,"excerpt":"Wie sehr sich Namen und Szenen aus Sketchen von Loriot in unser Ged\u00e4chtnis gebrannt haben, zeigt Frau @frauenfuss im Tweet der Woche: https:\/\/twitter.com\/frauenfuss\/status\/1306294980881903651?s=21 Nat\u00fcrlich ist das auch eine Generationenfrage. Der wunderbare Sketch des von seinen Nachfolger*innen unerreichten Humoristen Victor von B\u00fclow wurde erstmals 1976 ausgestrahlt und ist somit schon 44\u2026","rel":"","context":"In &quot;Bluesky&quot;","block_context":{"text":"Bluesky","link":"https:\/\/textundblog.de\/?cat=33"},"img":{"alt_text":"Tweet der Woche","src":"wp-images\/tweetderwoche2-200x96.jpg","width":350,"height":200},"classes":[]},{"id":6943,"url":"https:\/\/textundblog.de\/?p=6943","url_meta":{"origin":10506,"position":2},"title":"Misanthropen-Tweet","author":"Markus","date":"8\/1\/2016","format":false,"excerpt":"Passend zur gesellschaftlichen und meteorologischen Gro\u00dfwetter- und -Stimmungslage hat Herr @gallenbitter den Tweet der Woche verfasst. Wunderbar einfach, wunderbar treffend, wunderbar kurz: https:\/\/twitter.com\/gallenbitter\/status\/685123796416770049 Wieder mal kommt der Tweet der Woche damit von dem Mann mit dem gr\u00fcnen Avatar. Wie oft hat der Hund eigentlich schon diese begehrte Auszeichnung erhalten, die\u2026","rel":"","context":"In &quot;Bluesky&quot;","block_context":{"text":"Bluesky","link":"https:\/\/textundblog.de\/?cat=33"},"img":{"alt_text":"Tweet der Woche","src":"wp-images\/tweetderwoche2-200x96.jpg","width":350,"height":200},"classes":[]},{"id":6592,"url":"https:\/\/textundblog.de\/?p=6592","url_meta":{"origin":10506,"position":3},"title":"Eing\u00e4nglicher Tweet der Woche","author":"Markus","date":"27\/3\/2015","format":false,"excerpt":"Was haben Begriffe wie Absatz, Gericht, Wirtschaft, Fliege oder Decke gemeinsam? Es sind alles Begriffe mit Doppelbedeutung. Aus doppeldeutigen Begriffen lassen sich wunderbare Tweets bauen. So etwa auch aus der Doppelbedeutung von \u00abeingehen\u00bb. Sehr sch\u00f6n ist dies Herrn @Formschub gelungen mit einem wunderbar bildhaften Missverst\u00e4ndnis und einer kleinen Geschichte, die\u2026","rel":"","context":"In &quot;Bluesky&quot;","block_context":{"text":"Bluesky","link":"https:\/\/textundblog.de\/?cat=33"},"img":{"alt_text":"","src":"https:\/\/i0.wp.com\/textundblog.de\/wp-content\/eingegangenam.jpg?resize=350%2C200&ssl=1","width":350,"height":200},"classes":[]},{"id":6967,"url":"https:\/\/textundblog.de\/?p=6967","url_meta":{"origin":10506,"position":4},"title":"Neugierde auf h\u00f6chstem Niveau","author":"Markus","date":"23\/1\/2016","format":false,"excerpt":"Der Tweet der Woche ist in dieser Woche ein Bild. Das von @augusrodri geteilte Foto ist nicht nur ein Schnappschuss eines goldigen Babys und eines kleinen Jungen, sondern zeigt so wunderbar die nat\u00fcrliche Affinit\u00e4t der nun heranwachsenden Generation zu digitaler Kultur und mobilen Endger\u00e4ten. Das spanische Wort curiosidad hei\u00dft Neugierde.\u2026","rel":"","context":"In &quot;Bluesky&quot;","block_context":{"text":"Bluesky","link":"https:\/\/textundblog.de\/?cat=33"},"img":{"alt_text":"Tweet der Woche","src":"wp-images\/tweetderwoche2-200x96.jpg","width":350,"height":200},"classes":[]},{"id":4828,"url":"https:\/\/textundblog.de\/?p=4828","url_meta":{"origin":10506,"position":5},"title":"Tweet der Woche im Dunkel der Nacht","author":"Markus","date":"3\/8\/2012","format":false,"excerpt":"Wer dachte, dieser w\u00fcrde der Tweet der Woche werden, hat sich get\u00e4uscht (der wird ja erst interessant bei einer heute oder morgen erschwommenen deutschen Olympia-Medaille). Nein, statt der Chronik eines angek\u00fcndigten #Elbflipper's, geht es um eine praktische Erfahrung mit mobilen Endger\u00e4ten in der Nacht. Jeder, der sich schon mal in\u2026","rel":"","context":"In &quot;Bluesky&quot;","block_context":{"text":"Bluesky","link":"https:\/\/textundblog.de\/?cat=33"},"img":{"alt_text":"Tweet der Woche von @ingapopinga","src":"https:\/\/i0.wp.com\/textundblog.de\/wp-content\/ingapopinga-tdw082012.png?resize=350%2C200&ssl=1","width":350,"height":200},"classes":[]}],"_links":{"self":[{"href":"https:\/\/textundblog.de\/index.php?rest_route=\/wp\/v2\/posts\/10506","targetHints":{"allow":["GET"]}}],"collection":[{"href":"https:\/\/textundblog.de\/index.php?rest_route=\/wp\/v2\/posts"}],"about":[{"href":"https:\/\/textundblog.de\/index.php?rest_route=\/wp\/v2\/types\/post"}],"author":[{"embeddable":true,"href":"https:\/\/textundblog.de\/index.php?rest_route=\/wp\/v2\/users\/1"}],"replies":[{"embeddable":true,"href":"https:\/\/textundblog.de\/index.php?rest_route=%2Fwp%2Fv2%2Fcomments&post=10506"}],"version-history":[{"count":0,"href":"https:\/\/textundblog.de\/index.php?rest_route=\/wp\/v2\/posts\/10506\/revisions"}],"wp:attachment":[{"href":"https:\/\/textundblog.de\/index.php?rest_route=%2Fwp%2Fv2%2Fmedia&parent=10506"}],"wp:term":[{"taxonomy":"category","embeddable":true,"href":"https:\/\/textundblog.de\/index.php?rest_route=%2Fwp%2Fv2%2Fcategories&post=10506"},{"taxonomy":"post_tag","embeddable":true,"href":"https:\/\/textundblog.de\/index.php?rest_route=%2Fwp%2Fv2%2Ftags&post=10506"}],"curies":[{"name":"wp","href":"https:\/\/api.w.org\/{rel}","templated":true}]}}