{"id":10492,"date":"2023-01-08T13:16:10","date_gmt":"2023-01-08T12:16:10","guid":{"rendered":"https:\/\/textundblog.de\/?p=10492"},"modified":"2023-01-08T13:16:10","modified_gmt":"2023-01-08T12:16:10","slug":"die-voegel-zwitschern-den-klimawandel","status":"publish","type":"post","link":"https:\/\/textundblog.de\/?p=10492","title":{"rendered":"Die V\u00f6gel zwitschern den Klimawandel"},"content":{"rendered":"<p><a href=\"https:\/\/textundblog.de\/?tag=tweetderwoche\"> <img loading=\"lazy\" decoding=\"async\" src=\"wp-images\/tweetderwoche2-200x96.jpg\" alt=\"Tweet der Woche\" title=\"Tweet der Woche\" height=\"96\" width=\"200\" class=\"bildrechts\" \/><\/a> 20 Grad zum Jahreswechsel, drau\u00dfen zwitschern die V\u00f6gel, weil sie glauben, der Fr\u00fchling kommt. Der Klimawandel ist nicht mehr zu leugnen. Poetischer bringt es <a href=\"https:\/\/twitter.com\/slowtiger\">@slowtiger<\/a> im Tweet der Woche auf den Punkt:<\/p>\n<blockquote class=\"twitter-tweet\" data-width=\"500\" data-dnt=\"true\">\n<p lang=\"de\" dir=\"ltr\">Ganz fr\u00fch heut morgen zwitscherte ein Vogel mehr als 280 Zeichen. Gegen\u00fcber bl\u00fcht die Hasel. Anfang Januar.<\/p>\n<p>&mdash; slowtiger (@slowtiger) <a href=\"https:\/\/twitter.com\/slowtiger\/status\/1612039399881019393?ref_src=twsrc%5Etfw\">January 8, 2023<\/a><\/p><\/blockquote>\n<p><script async src=\"https:\/\/platform.twitter.com\/widgets.js\" charset=\"utf-8\"><\/script><\/p>\n<p>Hier geht&#8217;s zu den vergangenen <a href=\"https:\/\/textundblog.de\/?tag=tweetderwoche\">Tweets der Woche<\/a>.<\/p>\n","protected":false},"excerpt":{"rendered":"<p>20 Grad zum Jahreswechsel, drau\u00dfen zwitschern die V\u00f6gel, weil sie glauben, der Fr\u00fchling kommt. Der Klimawandel ist nicht mehr zu leugnen. Poetischer bringt es @slowtiger im Tweet der Woche auf den Punkt: Ganz fr\u00fch heut morgen zwitscherte ein Vogel mehr als 280 Zeichen. Gegen\u00fcber bl\u00fcht die Hasel. Anfang Januar. &mdash; slowtiger (@slowtiger) January 8, 2023 [&hellip;]<\/p>\n","protected":false},"author":1,"featured_media":0,"comment_status":"open","ping_status":"open","sticky":false,"template":"","format":"standard","meta":{"site-sidebar-layout":"default","site-content-layout":"default","ast-site-content-layout":"default","site-content-style":"default","site-sidebar-style":"default","ast-global-header-display":"","ast-banner-title-visibility":"","ast-main-header-display":"","ast-hfb-above-header-display":"","ast-hfb-below-header-display":"","ast-hfb-mobile-header-display":"","site-post-title":"","ast-breadcrumbs-content":"","ast-featured-img":"","footer-sml-layout":"","theme-transparent-header-meta":"default","adv-header-id-meta":"","stick-header-meta":"","header-above-stick-meta":"","header-main-stick-meta":"","header-below-stick-meta":"","astra-migrate-meta-layouts":"default","ast-page-background-enabled":"default","ast-page-background-meta":{"desktop":{"background-color":"var(--ast-global-color-4)","background-image":"","background-repeat":"repeat","background-position":"center center","background-size":"auto","background-attachment":"scroll","background-type":"","background-media":"","overlay-type":"","overlay-color":"","overlay-opacity":"","overlay-gradient":""},"tablet":{"background-color":"","background-image":"","background-repeat":"repeat","background-position":"center center","background-size":"auto","background-attachment":"scroll","background-type":"","background-media":"","overlay-type":"","overlay-color":"","overlay-opacity":"","overlay-gradient":""},"mobile":{"background-color":"","background-image":"","background-repeat":"repeat","background-position":"center center","background-size":"auto","background-attachment":"scroll","background-type":"","background-media":"","overlay-type":"","overlay-color":"","overlay-opacity":"","overlay-gradient":""}},"ast-content-background-meta":{"desktop":{"background-color":"var(--ast-global-color-5)","background-image":"","background-repeat":"repeat","background-position":"center center","background-size":"auto","background-attachment":"scroll","background-type":"","background-media":"","overlay-type":"","overlay-color":"","overlay-opacity":"","overlay-gradient":""},"tablet":{"background-color":"var(--ast-global-color-5)","background-image":"","background-repeat":"repeat","background-position":"center center","background-size":"auto","background-attachment":"scroll","background-type":"","background-media":"","overlay-type":"","overlay-color":"","overlay-opacity":"","overlay-gradient":""},"mobile":{"background-color":"var(--ast-global-color-5)","background-image":"","background-repeat":"repeat","background-position":"center center","background-size":"auto","background-attachment":"scroll","background-type":"","background-media":"","overlay-type":"","overlay-color":"","overlay-opacity":"","overlay-gradient":""}},"ngg_post_thumbnail":0,"jetpack_post_was_ever_published":false,"_jetpack_newsletter_access":"","_jetpack_dont_email_post_to_subs":false,"_jetpack_newsletter_tier_id":0,"_jetpack_memberships_contains_paywalled_content":false,"_jetpack_memberships_contains_paid_content":false,"footnotes":""},"categories":[33,11],"tags":[77],"class_list":["post-10492","post","type-post","status-publish","format-standard","hentry","category-twitter","category-literatur","tag-tweetderwoche"],"jetpack_featured_media_url":"","jetpack_sharing_enabled":true,"jetpack_shortlink":"https:\/\/wp.me\/p4uzZ-2Je","jetpack-related-posts":[{"id":6124,"url":"https:\/\/textundblog.de\/?p=6124","url_meta":{"origin":10492,"position":0},"title":"Lernen im digitalen Klimawandel","author":"Markus","date":"15\/7\/2014","format":false,"excerpt":"Die Bildung und das Netz \u2013 Lernen im digitalen Klimawandel from pb21 on Vimeo. Martin Lindner, von dem hier schon mal bei der Vorstellung seines Buchprojektes \u00abDie Bildung und das Netz\u00bb die Rede war, im Interview mit J\u00f6ran Muu\u00df-Merholz. Inhalt des Gespr\u00e4ches ist eine interessante These Lindners: er \u00fcbertr\u00e4gt die\u2026","rel":"","context":"In &quot;Internet&quot;","block_context":{"text":"Internet","link":"https:\/\/textundblog.de\/?cat=4"},"img":{"alt_text":"pl","src":"https:\/\/i0.wp.com\/textundblog.de\/wp-content\/pinguine-lindner.jpg?resize=350%2C200&ssl=1","width":350,"height":200},"classes":[]},{"id":5746,"url":"https:\/\/textundblog.de\/?p=5746","url_meta":{"origin":10492,"position":1},"title":"Amazonasgebiet durch Klimawandel bedroht","author":"Markus","date":"18\/12\/2013","format":false,"excerpt":"Amazonia Security Agenda from Moth on Vimeo. Am Amazonas ist die Wasser-, Energie- und Lebensmittelversorgung durch den Klimawandel in h\u00f6chster Gefahr. Wer nach dem gut gemachten kurzen Film, der diese besorgniserregende Entwicklung im Amazonasgebiet aufzeigt, noch Informationsbedarf hat, wird hier f\u00fcndig: \u00abInnovative report calls for a new security agenda for\u2026","rel":"","context":"In &quot;Politik&quot;","block_context":{"text":"Politik","link":"https:\/\/textundblog.de\/?cat=9"},"img":{"alt_text":"","src":"","width":0,"height":0},"classes":[]},{"id":3396,"url":"https:\/\/textundblog.de\/?p=3396","url_meta":{"origin":10492,"position":2},"title":"Feste Stelle Social Media in der Stabi Hamburg","author":"Markus","date":"24\/2\/2010","format":false,"excerpt":"Die V\u00f6gel zwitscherten es heute bereits von den D\u00e4chern, nun sollen es auch die Leser von Text & Blog erfahren, die es noch nicht auf Twitter gelesen haben: Ich trete zum 1.3.2010 eine unbefristete (!) halbe Stelle \u00abMarketing und Medien\u00bb in der Stabi Hamburg an. Mein Aufgabenbereich wird die \u00d6ffentlichkeitsarbeit\u2026","rel":"","context":"In &quot;Hamburg&quot;","block_context":{"text":"Hamburg","link":"https:\/\/textundblog.de\/?cat=15"},"img":{"alt_text":"Die V\u00f6gel zwitschern es\u2026","src":"https:\/\/i0.wp.com\/textundblog.de\/wp-content\/gezwitscher.jpg?resize=350%2C200&ssl=1","width":350,"height":200},"classes":[]},{"id":1949,"url":"https:\/\/textundblog.de\/?p=1949","url_meta":{"origin":10492,"position":3},"title":"Schwachsinnsaktion \u00abLicht aus!\u00bb","author":"Markus","date":"8\/12\/2007","format":false,"excerpt":"In der Zeit fordert Ludwig Greven \u00abGehirn an!\u00bb statt \u00abLicht aus!\u00bb: Vielleicht, \u00fcberlege ich mir deshalb, w\u00e4re es viel besser, statt symbolisch f\u00fcr f\u00fcnf Minuten im Dunkeln zu sitzen, das Gehirn einzuschalten und zu \u00fcberlegen, wie ich und wie wir alle dauerhaft und nachhaltig etwas gegen den Klimawandel unternehmen k\u00f6nnen.\u2026","rel":"","context":"In &quot;Artikel&quot;","block_context":{"text":"Artikel","link":"https:\/\/textundblog.de\/?cat=5"},"img":{"alt_text":"","src":"","width":0,"height":0},"classes":[]},{"id":7869,"url":"https:\/\/textundblog.de\/?p=7869","url_meta":{"origin":10492,"position":4},"title":"Reden ist Silber, Schreiben ist Gold","author":"Markus","date":"5\/5\/2017","format":false,"excerpt":"Ein starker Tweet von @dasnuf \u00fcber den generationenbedingten Wandel in der medialen Kommunikation. Unbedingt auch den wunderbaren Text dazu lesen, der im Tweet verlinkt ist. Sehr gelacht. Sehr gut verstanden. F\u00fcr mich ganz klar der Tweet der Woche: http:\/\/twitter.com\/dasnuf\/status\/860402149854990336 Hier geht's zu den vergangenen Tweets der Woche.","rel":"","context":"In &quot;Bluesky&quot;","block_context":{"text":"Bluesky","link":"https:\/\/textundblog.de\/?cat=33"},"img":{"alt_text":"Tweet der Woche","src":"wp-images\/tweetderwoche2-200x96.jpg","width":350,"height":200},"classes":[]},{"id":10516,"url":"https:\/\/textundblog.de\/?p=10516","url_meta":{"origin":10492,"position":5},"title":"Klimaschutz UND Demokratie","author":"Markus","date":"2\/4\/2023","format":false,"excerpt":"Der Tweet der Woche ist quasi das Buch der Woche; beides stammt von Jonas Schaible. Das Buch von @beimwort tr\u00e4gt den Titel \u201eDemokratie im Feuer: Warum wir die Freiheit nur bewahren, wenn wir das Klima retten \u2013 und umgekehrt\u201c und wurde diese Woche ver\u00f6ffentlicht. https:\/\/twitter.com\/beimwort\/status\/1642100606650163201?s=61&t=lpGtyMHKufz4rj7aDnL9CA In seinem Tweet weist er\u2026","rel":"","context":"In &quot;Bluesky&quot;","block_context":{"text":"Bluesky","link":"https:\/\/textundblog.de\/?cat=33"},"img":{"alt_text":"Tweet der Woche","src":"wp-images\/tweetderwoche2-200x96.jpg","width":350,"height":200},"classes":[]}],"_links":{"self":[{"href":"https:\/\/textundblog.de\/index.php?rest_route=\/wp\/v2\/posts\/10492","targetHints":{"allow":["GET"]}}],"collection":[{"href":"https:\/\/textundblog.de\/index.php?rest_route=\/wp\/v2\/posts"}],"about":[{"href":"https:\/\/textundblog.de\/index.php?rest_route=\/wp\/v2\/types\/post"}],"author":[{"embeddable":true,"href":"https:\/\/textundblog.de\/index.php?rest_route=\/wp\/v2\/users\/1"}],"replies":[{"embeddable":true,"href":"https:\/\/textundblog.de\/index.php?rest_route=%2Fwp%2Fv2%2Fcomments&post=10492"}],"version-history":[{"count":0,"href":"https:\/\/textundblog.de\/index.php?rest_route=\/wp\/v2\/posts\/10492\/revisions"}],"wp:attachment":[{"href":"https:\/\/textundblog.de\/index.php?rest_route=%2Fwp%2Fv2%2Fmedia&parent=10492"}],"wp:term":[{"taxonomy":"category","embeddable":true,"href":"https:\/\/textundblog.de\/index.php?rest_route=%2Fwp%2Fv2%2Fcategories&post=10492"},{"taxonomy":"post_tag","embeddable":true,"href":"https:\/\/textundblog.de\/index.php?rest_route=%2Fwp%2Fv2%2Ftags&post=10492"}],"curies":[{"name":"wp","href":"https:\/\/api.w.org\/{rel}","templated":true}]}}