{"id":10344,"date":"2022-10-16T16:48:43","date_gmt":"2022-10-16T14:48:43","guid":{"rendered":"https:\/\/textundblog.de\/?p=10344"},"modified":"2022-11-06T22:24:49","modified_gmt":"2022-11-06T21:24:49","slug":"twitter-gefahr-und-chance-in-der-kuerze","status":"publish","type":"post","link":"https:\/\/textundblog.de\/?p=10344","title":{"rendered":"Twitter: Gefahr und Chance in der K\u00fcrze"},"content":{"rendered":"<p><a href=\"https:\/\/textundblog.de\/?tag=tweetderwoche\"> <img loading=\"lazy\" decoding=\"async\" src=\"wp-images\/tweetderwoche2-200x96.jpg\" alt=\"Tweet der Woche\" title=\"Tweet der Woche\" height=\"96\" width=\"200\" class=\"bildrechts\" \/><\/a> Was ich an Twitter liebe, ist die K\u00fcrze. Twitter ist nicht f\u00fcr die lange Information gemacht, dann sollte man auf die Langversion eines Textes verweisen bzw. bloggen und den entsprechenden Text verlinken. Oder in anderen Worten im Tweet der Woche von <a href=\"https:\/\/twitter.com\/florianaigner\">@florianaigner<\/a> ausgedr\u00fcckt:<\/p>\n<blockquote class=\"twitter-tweet\" data-width=\"500\" data-dnt=\"true\">\n<p lang=\"de\" dir=\"ltr\">Wenn man einen Text um 20% k\u00fcrzt, wird er deutlich besser. Wenn man ihn noch weiter k\u00fcrzt, wird er wieder schlechter. Wenn man ihn dann immer noch k\u00fcrzt, ist er irgendwann auch noch falsch. Und wenn man ihn dann weiter k\u00fcrzt, ist er ein Tweet.<\/p>\n<p>&mdash; Florian Aigner (@florianaigner) <a href=\"https:\/\/twitter.com\/florianaigner\/status\/1579924555925422080?ref_src=twsrc%5Etfw\">October 11, 2022<\/a><\/p><\/blockquote>\n<p><script async src=\"https:\/\/platform.twitter.com\/widgets.js\" charset=\"utf-8\"><\/script><\/p>\n<p>Hier geht&#8217;s zu den vergangenen <a href=\"https:\/\/textundblog.de\/?tag=tweetderwoche\">Tweets der Woche<\/a>.<\/p>\n","protected":false},"excerpt":{"rendered":"<p>Was ich an Twitter liebe, ist die K\u00fcrze. Twitter ist nicht f\u00fcr die lange Information gemacht, dann sollte man auf die Langversion eines Textes verweisen bzw. bloggen und den entsprechenden Text verlinken. Oder in anderen Worten im Tweet der Woche von @florianaigner ausgedr\u00fcckt: Wenn man einen Text um 20% k\u00fcrzt, wird er deutlich besser. Wenn [&hellip;]<\/p>\n","protected":false},"author":1,"featured_media":0,"comment_status":"open","ping_status":"open","sticky":false,"template":"","format":"standard","meta":{"site-sidebar-layout":"default","site-content-layout":"","ast-site-content-layout":"default","site-content-style":"default","site-sidebar-style":"default","ast-global-header-display":"","ast-banner-title-visibility":"","ast-main-header-display":"","ast-hfb-above-header-display":"","ast-hfb-below-header-display":"","ast-hfb-mobile-header-display":"","site-post-title":"","ast-breadcrumbs-content":"","ast-featured-img":"","footer-sml-layout":"","theme-transparent-header-meta":"","adv-header-id-meta":"","stick-header-meta":"","header-above-stick-meta":"","header-main-stick-meta":"","header-below-stick-meta":"","astra-migrate-meta-layouts":"default","ast-page-background-enabled":"default","ast-page-background-meta":{"desktop":{"background-color":"var(--ast-global-color-4)","background-image":"","background-repeat":"repeat","background-position":"center center","background-size":"auto","background-attachment":"scroll","background-type":"","background-media":"","overlay-type":"","overlay-color":"","overlay-opacity":"","overlay-gradient":""},"tablet":{"background-color":"","background-image":"","background-repeat":"repeat","background-position":"center center","background-size":"auto","background-attachment":"scroll","background-type":"","background-media":"","overlay-type":"","overlay-color":"","overlay-opacity":"","overlay-gradient":""},"mobile":{"background-color":"","background-image":"","background-repeat":"repeat","background-position":"center center","background-size":"auto","background-attachment":"scroll","background-type":"","background-media":"","overlay-type":"","overlay-color":"","overlay-opacity":"","overlay-gradient":""}},"ast-content-background-meta":{"desktop":{"background-color":"var(--ast-global-color-5)","background-image":"","background-repeat":"repeat","background-position":"center center","background-size":"auto","background-attachment":"scroll","background-type":"","background-media":"","overlay-type":"","overlay-color":"","overlay-opacity":"","overlay-gradient":""},"tablet":{"background-color":"var(--ast-global-color-5)","background-image":"","background-repeat":"repeat","background-position":"center center","background-size":"auto","background-attachment":"scroll","background-type":"","background-media":"","overlay-type":"","overlay-color":"","overlay-opacity":"","overlay-gradient":""},"mobile":{"background-color":"var(--ast-global-color-5)","background-image":"","background-repeat":"repeat","background-position":"center center","background-size":"auto","background-attachment":"scroll","background-type":"","background-media":"","overlay-type":"","overlay-color":"","overlay-opacity":"","overlay-gradient":""}},"ngg_post_thumbnail":0,"jetpack_post_was_ever_published":false,"_jetpack_newsletter_access":"","_jetpack_dont_email_post_to_subs":false,"_jetpack_newsletter_tier_id":0,"_jetpack_memberships_contains_paywalled_content":false,"_jetpack_memberships_contains_paid_content":false,"footnotes":""},"categories":[33,11],"tags":[77],"class_list":["post-10344","post","type-post","status-publish","format-standard","hentry","category-twitter","category-literatur","tag-tweetderwoche"],"jetpack_featured_media_url":"","jetpack_sharing_enabled":true,"jetpack_shortlink":"https:\/\/wp.me\/p4uzZ-2GQ","jetpack-related-posts":[{"id":4724,"url":"https:\/\/textundblog.de\/?p=4724","url_meta":{"origin":10344,"position":0},"title":"Tweet der Woche: Kurz = gut (oder schlecht?)","author":"Markus","date":"1\/6\/2012","format":false,"excerpt":"Ob die Kommunikation auf Kan\u00e4len mit beschr\u00e4nkter Textl\u00e4nge - also etwa via SMS (160 Zeichen) oder auf Twitter (140 Zeichen) \u2013 tats\u00e4chlich den Wortschatz der beteiligten Kommunikatoren vermindert, ist noch nicht ausreichend wissenschaftlich untersucht worden. Eines steht jedoch fest: der Nachrichtenaustausch auf Twitter erfordert in der Regel diszipliniertes Kurzfassen der\u2026","rel":"","context":"In &quot;Bluesky&quot;","block_context":{"text":"Bluesky","link":"https:\/\/textundblog.de\/?cat=33"},"img":{"alt_text":"Tweet der Woche von @assenassenov","src":"https:\/\/i0.wp.com\/textundblog.de\/wp-content\/assenassenov-tdw062012.png?resize=350%2C200&ssl=1","width":350,"height":200},"classes":[]},{"id":8685,"url":"https:\/\/textundblog.de\/?p=8685","url_meta":{"origin":10344,"position":1},"title":"Freundschaft und Respekt","author":"Markus","date":"17\/8\/2018","format":false,"excerpt":"Ein wunderbarer kurzer Text von @deinTherapeut, zu dem ich nicht mehr schreiben kann, als dass es f\u00fcr mich der beste Tweet in dieser Woche war: https:\/\/twitter.com\/deinTherapeut\/status\/1029248308718563329 Hier geht's zu den vergangenen Tweets der Woche.","rel":"","context":"In &quot;Bluesky&quot;","block_context":{"text":"Bluesky","link":"https:\/\/textundblog.de\/?cat=33"},"img":{"alt_text":"Tweet der Woche","src":"wp-images\/tweetderwoche2-200x96.jpg","width":350,"height":200},"classes":[]},{"id":7243,"url":"https:\/\/textundblog.de\/?p=7243","url_meta":{"origin":10344,"position":2},"title":"Frischer Sommertweet","author":"Markus","date":"8\/7\/2016","format":false,"excerpt":"Mit einem frischen Sommertweet ist dem erfahrenen Kurznachrichtenschreiber @Buddenbohm der Tweet der Woche gelungen. Auch wenn sein Text f\u00fcr die Jahreszeit zu k\u00fchl daher kommt, zeichnet er sich doch durch eine wohlige Ironie aus: https:\/\/twitter.com\/Buddenbohm\/status\/750643411527602176 Hier geht's zu den vergangenen Tweets der Woche.","rel":"","context":"In &quot;Bluesky&quot;","block_context":{"text":"Bluesky","link":"https:\/\/textundblog.de\/?cat=33"},"img":{"alt_text":"Tweet der Woche","src":"wp-images\/tweetderwoche2-200x96.jpg","width":350,"height":200},"classes":[]},{"id":5665,"url":"https:\/\/textundblog.de\/?p=5665","url_meta":{"origin":10344,"position":3},"title":"Tweet der Woche: Ein Abschied","author":"Markus","date":"1\/11\/2013","format":false,"excerpt":"Der Tweet der Woche ist eigentlich ein Blogartikel der Woche. Doch weil er viele Menschen \u00fcber diesen Tweet der Autorin - oder Retweets davon - erreicht hat, f\u00e4llt er doch in die Kategorie. Lange nicht mehr hat mich ein pers\u00f6nlicher politischer Text so bewegt wie der von @miinaaa \u2013 \u00abEin\u2026","rel":"","context":"In &quot;Bluesky&quot;","block_context":{"text":"Bluesky","link":"https:\/\/textundblog.de\/?cat=33"},"img":{"alt_text":"Tweet der Woche","src":"wp-images\/tweetderwoche2-200x96.jpg","width":350,"height":200},"classes":[]},{"id":5540,"url":"https:\/\/textundblog.de\/?p=5540","url_meta":{"origin":10344,"position":4},"title":"Twitter ist mehr als das Verfassen von 140 Zeichen","author":"Markus","date":"2\/8\/2013","format":false,"excerpt":"Was kann eine Mutter Besseres tun, als ihrem Sohn ein lebenswichtiges Organ zu spenden? Sie kann zum Beispiel auch noch anfangen zu twittern. Der Westen hat den Hintergrund im Artikel \u00abWie @Fischblog seine Nierentransplantation zum Twitter-Thema macht\u00bb geschildert. Der Tweet der Woche, stellvertretend f\u00fcr die Heldentat von @MuddiFischblog, die ihrem\u2026","rel":"","context":"In &quot;Bluesky&quot;","block_context":{"text":"Bluesky","link":"https:\/\/textundblog.de\/?cat=33"},"img":{"alt_text":"","src":"https:\/\/i0.wp.com\/textundblog.de\/wp-content\/terrorzicke-tdw082013.png?resize=350%2C200&ssl=1","width":350,"height":200},"classes":[]},{"id":7091,"url":"https:\/\/textundblog.de\/?p=7091","url_meta":{"origin":10344,"position":5},"title":"Ich mag &#8222;es&#8220;, wie @sasa_s und @davidhug auf Twitter miteinander kommunizieren","author":"Markus","date":"6\/5\/2016","format":false,"excerpt":"Wie gestern schon auf Twitter gestanden, mag ich die Frage-Antwort-Spielchen von @sasa_s und @davidhug. Die beiden Textakrobaten spielen sich absurde Zitate aus Presse- oder Werbetexten zu. Die Antworten sind dabei mindestens so lesenswert wie die Fragen. Beides ein gro\u00dfer Spa\u00df. Seht selbst, der Tweet der Woche - in diesem Fall\u2026","rel":"","context":"In &quot;Internet&quot;","block_context":{"text":"Internet","link":"https:\/\/textundblog.de\/?cat=4"},"img":{"alt_text":"Tweet der Woche","src":"wp-images\/tweetderwoche2-200x96.jpg","width":350,"height":200},"classes":[]}],"_links":{"self":[{"href":"https:\/\/textundblog.de\/index.php?rest_route=\/wp\/v2\/posts\/10344","targetHints":{"allow":["GET"]}}],"collection":[{"href":"https:\/\/textundblog.de\/index.php?rest_route=\/wp\/v2\/posts"}],"about":[{"href":"https:\/\/textundblog.de\/index.php?rest_route=\/wp\/v2\/types\/post"}],"author":[{"embeddable":true,"href":"https:\/\/textundblog.de\/index.php?rest_route=\/wp\/v2\/users\/1"}],"replies":[{"embeddable":true,"href":"https:\/\/textundblog.de\/index.php?rest_route=%2Fwp%2Fv2%2Fcomments&post=10344"}],"version-history":[{"count":0,"href":"https:\/\/textundblog.de\/index.php?rest_route=\/wp\/v2\/posts\/10344\/revisions"}],"wp:attachment":[{"href":"https:\/\/textundblog.de\/index.php?rest_route=%2Fwp%2Fv2%2Fmedia&parent=10344"}],"wp:term":[{"taxonomy":"category","embeddable":true,"href":"https:\/\/textundblog.de\/index.php?rest_route=%2Fwp%2Fv2%2Fcategories&post=10344"},{"taxonomy":"post_tag","embeddable":true,"href":"https:\/\/textundblog.de\/index.php?rest_route=%2Fwp%2Fv2%2Ftags&post=10344"}],"curies":[{"name":"wp","href":"https:\/\/api.w.org\/{rel}","templated":true}]}}