{"id":10277,"date":"2022-09-04T12:15:07","date_gmt":"2022-09-04T10:15:07","guid":{"rendered":"https:\/\/textundblog.de\/?p=10277"},"modified":"2022-09-04T12:15:07","modified_gmt":"2022-09-04T10:15:07","slug":"max-eberl-weg-vom-fussball","status":"publish","type":"post","link":"https:\/\/textundblog.de\/?p=10277","title":{"rendered":"Max Eberl weg vom Fussball"},"content":{"rendered":"<p><a href=\"https:\/\/textundblog.de\/?tag=tweetderwoche\"> <img loading=\"lazy\" decoding=\"async\" src=\"wp-images\/tweetderwoche2-200x96.jpg\" alt=\"Tweet der Woche\" title=\"Tweet der Woche\" height=\"96\" width=\"200\" class=\"bildrechts\" \/><\/a> Wer sich mit Fussball nicht so gut auskennt, versteht diesen Tweet nur, wenn er die Kritik kennt, die an RB Leipzig ge\u00fcbt wird. Dieser Satz aus der <a href=\"https:\/\/taz.de\/DFB-Pokalsieg-von-RB-Leipzig\/!5853453\/\">taz<\/a> bringt jene Kritik gut auf den Punkt:<\/p>\n<blockquote><p>Der Verein ist schlie\u00dflich nicht gegr\u00fcndet worden, weil irgendwelche jungen Leute gerne kicken, sondern weil der Weltkonzern Red Bull auf Vermarktung via Sport setzt.<\/p><\/blockquote>\n<p>Mit diesem Vorwissen ausger\u00fcstet kann man herzlich \u00fcber den Tweet der Woche von <a href=\"https:\/\/twitter.com\/faiaann\">@faiaann<\/a> zum Wechsel von <a href=\"https:\/\/de.wikipedia.org\/wiki\/Max_Eberl\">Max Eberl<\/a> von Gladbach nach Leipzig lachen:<\/p>\n<blockquote class=\"twitter-tweet\" data-width=\"500\" data-dnt=\"true\">\n<p lang=\"de\" dir=\"ltr\">Konnte ja keiner ahnen, dass Max <a href=\"https:\/\/twitter.com\/hashtag\/Eberl?src=hash&amp;ref_src=twsrc%5Etfw\">#Eberl<\/a> RB Leipzig meinte, als er in Gladbach zum Abschied sagte, er &quot;will mit Fu\u00dfball nichts mehr zu tun haben.&quot;<\/p>\n<p>&mdash; Fabian Scheler (@Faiaann) <a href=\"https:\/\/twitter.com\/Faiaann\/status\/1564554245583654914?ref_src=twsrc%5Etfw\">August 30, 2022<\/a><\/p><\/blockquote>\n<p><script async src=\"https:\/\/platform.twitter.com\/widgets.js\" charset=\"utf-8\"><\/script><\/p>\n<p>Hier geht&#8217;s zu den vergangenen <a href=\"https:\/\/textundblog.de\/?tag=tweetderwoche\">Tweets der Woche<\/a>.<\/p>\n","protected":false},"excerpt":{"rendered":"<p>Wer sich mit Fussball nicht so gut auskennt, versteht diesen Tweet nur, wenn er die Kritik kennt, die an RB Leipzig ge\u00fcbt wird. Dieser Satz aus der taz bringt jene Kritik gut auf den Punkt: Der Verein ist schlie\u00dflich nicht gegr\u00fcndet worden, weil irgendwelche jungen Leute gerne kicken, sondern weil der Weltkonzern Red Bull auf [&hellip;]<\/p>\n","protected":false},"author":1,"featured_media":0,"comment_status":"open","ping_status":"open","sticky":false,"template":"","format":"standard","meta":{"site-sidebar-layout":"default","site-content-layout":"","ast-site-content-layout":"default","site-content-style":"default","site-sidebar-style":"default","ast-global-header-display":"","ast-banner-title-visibility":"","ast-main-header-display":"","ast-hfb-above-header-display":"","ast-hfb-below-header-display":"","ast-hfb-mobile-header-display":"","site-post-title":"","ast-breadcrumbs-content":"","ast-featured-img":"","footer-sml-layout":"","theme-transparent-header-meta":"","adv-header-id-meta":"","stick-header-meta":"","header-above-stick-meta":"","header-main-stick-meta":"","header-below-stick-meta":"","astra-migrate-meta-layouts":"default","ast-page-background-enabled":"default","ast-page-background-meta":{"desktop":{"background-color":"var(--ast-global-color-4)","background-image":"","background-repeat":"repeat","background-position":"center center","background-size":"auto","background-attachment":"scroll","background-type":"","background-media":"","overlay-type":"","overlay-color":"","overlay-opacity":"","overlay-gradient":""},"tablet":{"background-color":"","background-image":"","background-repeat":"repeat","background-position":"center center","background-size":"auto","background-attachment":"scroll","background-type":"","background-media":"","overlay-type":"","overlay-color":"","overlay-opacity":"","overlay-gradient":""},"mobile":{"background-color":"","background-image":"","background-repeat":"repeat","background-position":"center center","background-size":"auto","background-attachment":"scroll","background-type":"","background-media":"","overlay-type":"","overlay-color":"","overlay-opacity":"","overlay-gradient":""}},"ast-content-background-meta":{"desktop":{"background-color":"var(--ast-global-color-5)","background-image":"","background-repeat":"repeat","background-position":"center center","background-size":"auto","background-attachment":"scroll","background-type":"","background-media":"","overlay-type":"","overlay-color":"","overlay-opacity":"","overlay-gradient":""},"tablet":{"background-color":"var(--ast-global-color-5)","background-image":"","background-repeat":"repeat","background-position":"center center","background-size":"auto","background-attachment":"scroll","background-type":"","background-media":"","overlay-type":"","overlay-color":"","overlay-opacity":"","overlay-gradient":""},"mobile":{"background-color":"var(--ast-global-color-5)","background-image":"","background-repeat":"repeat","background-position":"center center","background-size":"auto","background-attachment":"scroll","background-type":"","background-media":"","overlay-type":"","overlay-color":"","overlay-opacity":"","overlay-gradient":""}},"ngg_post_thumbnail":0,"jetpack_post_was_ever_published":false,"_jetpack_newsletter_access":"","_jetpack_dont_email_post_to_subs":false,"_jetpack_newsletter_tier_id":0,"_jetpack_memberships_contains_paywalled_content":false,"_jetpack_memberships_contains_paid_content":false,"footnotes":""},"categories":[33,17,11],"tags":[77],"class_list":["post-10277","post","type-post","status-publish","format-standard","hentry","category-twitter","category-fussball","category-literatur","tag-tweetderwoche"],"jetpack_featured_media_url":"","jetpack_sharing_enabled":true,"jetpack_shortlink":"https:\/\/wp.me\/p4uzZ-2FL","jetpack-related-posts":[{"id":5817,"url":"https:\/\/textundblog.de\/?p=5817","url_meta":{"origin":10277,"position":0},"title":"Tweet der Woche: Volltreffer","author":"Markus","date":"14\/2\/2014","format":false,"excerpt":"Manche Tweets handeln von Politik, bei manch anderen dreht es sich um Fu\u00dfball. Im Tweet der Woche geht's um beides. Um in der Sprache des Ballsports zu bleiben, @kaffeecup hat einen Volltreffer gelandet: https:\/\/twitter.com\/kaffeecup\/status\/432483833121103872 Hier geht's zu den vergangenen Tweets der Woche.","rel":"","context":"In &quot;Bluesky&quot;","block_context":{"text":"Bluesky","link":"https:\/\/textundblog.de\/?cat=33"},"img":{"alt_text":"Tweet der Woche","src":"wp-images\/tweetderwoche2-200x96.jpg","width":350,"height":200},"classes":[]},{"id":5609,"url":"https:\/\/textundblog.de\/?p=5609","url_meta":{"origin":10277,"position":1},"title":"Trainer Baade liest \u00abDrama Queens in kurzen Hosen\u00bb im \u00abLe Kaschemme\u00bb","author":"Markus","date":"3\/10\/2013","format":false,"excerpt":"Das Le Kaschemme in St. Pauli ist nicht nur bekannt f\u00fcr seine wunderbaren Flammkuchen und die originell in alten B\u00fcchern eingearbeiteten Speisekarten, sondern auch f\u00fcr seine Blog-Lesungen und FCSP-Fu\u00dfball-Live\u00fcbertragungen. Wegen der zuletzt genannten beiden Punkte z\u00f6gerte ich keinen Moment, dem Trainer Baade das \u00abLe Kaschemme\u00bb vorzuschlagen, als er neulich nach\u2026","rel":"","context":"In &quot;FC St. Pauli&quot;","block_context":{"text":"FC St. Pauli","link":"https:\/\/textundblog.de\/?cat=76"},"img":{"alt_text":"","src":"https:\/\/i0.wp.com\/textundblog.de\/wp-content\/le-kaschemme.jpg?resize=350%2C200&ssl=1","width":350,"height":200},"classes":[]},{"id":10262,"url":"https:\/\/textundblog.de\/?p=10262","url_meta":{"origin":10277,"position":2},"title":"Bundes-Bahn-Liga","author":"Markus","date":"7\/8\/2022","format":false,"excerpt":"Der Tweet der Woche kommt vom Social-Media-Team der @db_bahn, die mit diesem Thread eine originelle Idee umgesetzt haben: https:\/\/twitter.com\/db_bahn\/status\/1555511759171198979?s=21&t=AHbhWiE9YHu8GFNg_PcIEA Hier geht's zu den vergangenen Tweets der Woche.","rel":"","context":"In &quot;Bluesky&quot;","block_context":{"text":"Bluesky","link":"https:\/\/textundblog.de\/?cat=33"},"img":{"alt_text":"Tweet der Woche","src":"wp-images\/tweetderwoche2-200x96.jpg","width":350,"height":200},"classes":[]},{"id":7154,"url":"https:\/\/textundblog.de\/?p=7154","url_meta":{"origin":10277,"position":3},"title":"Ohne Jugend verloren","author":"Markus","date":"25\/6\/2016","format":false,"excerpt":"Eine Analogie zwischen dem Brexit und der EM zu ziehen, liegt aus aktuellen Gr\u00fcnden auf der Hand. Am besten gelungen ist das @FieserHahn. Daher mein Tweet der Woche: https:\/\/twitter.com\/FieserHahn\/status\/746240188066594816 Hier geht's zu den vergangenen Tweets der Woche.","rel":"","context":"In &quot;Bluesky&quot;","block_context":{"text":"Bluesky","link":"https:\/\/textundblog.de\/?cat=33"},"img":{"alt_text":"Tweet der Woche","src":"wp-images\/tweetderwoche2-200x96.jpg","width":350,"height":200},"classes":[]},{"id":4737,"url":"https:\/\/textundblog.de\/?p=4737","url_meta":{"origin":10277,"position":4},"title":"Tweet der Woche im Zeichen der EM","author":"Markus","date":"8\/6\/2012","format":false,"excerpt":"War ja klar, dass der Tweet der Woche zur gleich zu er\u00f6ffnenden EM kommt. Weniger wegen des Tweettextes als solchem, sondern wegen des Links, den er enth\u00e4lt. Seht selbst: marcel-ist-reif.de. Update 10.06.2012: Der Tweetautor @jensbest setzt noch eins drauf und wird heute selbst als Kommentator beim Spiel Esp-Ita t\u00e4tig. Die\u2026","rel":"","context":"In &quot;Bluesky&quot;","block_context":{"text":"Bluesky","link":"https:\/\/textundblog.de\/?cat=33"},"img":{"alt_text":"Tweet der Woche von @jensbest","src":"https:\/\/i0.wp.com\/textundblog.de\/wp-content\/jensbesttdw062012.png?resize=350%2C200&ssl=1","width":350,"height":200},"classes":[]},{"id":5743,"url":"https:\/\/textundblog.de\/?p=5743","url_meta":{"origin":10277,"position":5},"title":"Tweet der Woche: ZDF versteht Social Media","author":"Markus","date":"13\/12\/2013","format":false,"excerpt":"Der Tweet der Woche kommt dieses Mal vom ZDF. Weil sie verstanden haben, wie Social Media funktioniert. Sozial ist, was spontan ist. Medial ist, was emotional ist. Alles drin in dem kurzen Gef\u00fchlsausbruch zu sp\u00e4ter Stunde (in der 87. Minute der Partie BVB vs. Olympique Marseille): https:\/\/twitter.com\/ZDF\/status\/410884666766282752 Hier geht's zu\u2026","rel":"","context":"In &quot;Bluesky&quot;","block_context":{"text":"Bluesky","link":"https:\/\/textundblog.de\/?cat=33"},"img":{"alt_text":"Tweet der Woche","src":"wp-images\/tweetderwoche2-200x96.jpg","width":350,"height":200},"classes":[]}],"_links":{"self":[{"href":"https:\/\/textundblog.de\/index.php?rest_route=\/wp\/v2\/posts\/10277","targetHints":{"allow":["GET"]}}],"collection":[{"href":"https:\/\/textundblog.de\/index.php?rest_route=\/wp\/v2\/posts"}],"about":[{"href":"https:\/\/textundblog.de\/index.php?rest_route=\/wp\/v2\/types\/post"}],"author":[{"embeddable":true,"href":"https:\/\/textundblog.de\/index.php?rest_route=\/wp\/v2\/users\/1"}],"replies":[{"embeddable":true,"href":"https:\/\/textundblog.de\/index.php?rest_route=%2Fwp%2Fv2%2Fcomments&post=10277"}],"version-history":[{"count":0,"href":"https:\/\/textundblog.de\/index.php?rest_route=\/wp\/v2\/posts\/10277\/revisions"}],"wp:attachment":[{"href":"https:\/\/textundblog.de\/index.php?rest_route=%2Fwp%2Fv2%2Fmedia&parent=10277"}],"wp:term":[{"taxonomy":"category","embeddable":true,"href":"https:\/\/textundblog.de\/index.php?rest_route=%2Fwp%2Fv2%2Fcategories&post=10277"},{"taxonomy":"post_tag","embeddable":true,"href":"https:\/\/textundblog.de\/index.php?rest_route=%2Fwp%2Fv2%2Ftags&post=10277"}],"curies":[{"name":"wp","href":"https:\/\/api.w.org\/{rel}","templated":true}]}}