{"id":10272,"date":"2022-08-14T10:51:19","date_gmt":"2022-08-14T08:51:19","guid":{"rendered":"https:\/\/textundblog.de\/?p=10272"},"modified":"2022-08-28T12:28:29","modified_gmt":"2022-08-28T10:28:29","slug":"christian-lindner-und-die-gratismentalitaet-beratung-und-therapie","status":"publish","type":"post","link":"https:\/\/textundblog.de\/?p=10272","title":{"rendered":"Christian Lindner und die Gratismentalit\u00e4t: Beratung und Therapie"},"content":{"rendered":"<p><a href=\"https:\/\/textundblog.de\/?tag=tweetderwoche\"> <img loading=\"lazy\" decoding=\"async\" src=\"wp-images\/tweetderwoche2-200x96.jpg\" alt=\"Tweet der Woche\" title=\"Tweet der Woche\" height=\"96\" width=\"200\" class=\"bildrechts\" \/><\/a> Ganz unabh\u00e4ngig davon, ob man Christian Lindners Einsch\u00e4tzung, Bef\u00fcrwortern des 9-Euro-Tickets <a href=\"https:\/\/twitter.com\/c_lindner\/status\/1556574226106171394?s=20&#038;t=m1NxKd2K3g9_h5TJQJytgQ\">Gratismentalit\u00e4t<\/a> zu unterstellen, legitim oder menschenverachtend findet, fragt man sich doch, hat dieser Mensch keine politischen Berater? <a href=\"https:\/\/twitter.com\/matthias_renger\">@Matthias_Renger<\/a> geht dieser Frage im Tweet der Woche nach und mimt nicht nur den Berater, sondern auch den Therapeuten. Beides im Falle von Linder offenbar bitter n\u00f6tig: <\/p>\n<blockquote class=\"twitter-tweet\" data-width=\"500\" data-dnt=\"true\">\n<p lang=\"de\" dir=\"ltr\"><a href=\"https:\/\/twitter.com\/hashtag\/Linder?src=hash&amp;ref_src=twsrc%5Etfw\">#Linder<\/a> kriegt keine <a href=\"https:\/\/twitter.com\/hashtag\/PR?src=hash&amp;ref_src=twsrc%5Etfw\">#PR<\/a> Beratung mehr, seine <a href=\"https:\/\/twitter.com\/hashtag\/Gratismentalit%C3%A4t?src=hash&amp;ref_src=twsrc%5Etfw\">#Gratismentalit\u00e4t<\/a> geht einfach gar nicht. Der Therapeut will \u00fcbrigens auch mehr als <a href=\"https:\/\/twitter.com\/hashtag\/9euro?src=hash&amp;ref_src=twsrc%5Etfw\">#9euro<\/a> ? <a href=\"https:\/\/twitter.com\/hashtag\/Comedy?src=hash&amp;ref_src=twsrc%5Etfw\">#Comedy<\/a> <a href=\"https:\/\/twitter.com\/hashtag\/lindnerruecktritt?src=hash&amp;ref_src=twsrc%5Etfw\">#lindnerruecktritt<\/a> <a href=\"https:\/\/t.co\/RUUiLpNP8X\">pic.twitter.com\/RUUiLpNP8X<\/a><\/p>\n<p>&mdash; Matthias Renger (@matthias_renger) <a href=\"https:\/\/twitter.com\/matthias_renger\/status\/1557041241904349184?ref_src=twsrc%5Etfw\">August 9, 2022<\/a><\/p><\/blockquote>\n<p><script async src=\"https:\/\/platform.twitter.com\/widgets.js\" charset=\"utf-8\"><\/script><\/p>\n<p>Hier geht&#8217;s zu den vergangenen <a href=\"https:\/\/textundblog.de\/?tag=tweetderwoche\">Tweets der Woche<\/a>.<\/p>\n","protected":false},"excerpt":{"rendered":"<p>Ganz unabh\u00e4ngig davon, ob man Christian Lindners Einsch\u00e4tzung, Bef\u00fcrwortern des 9-Euro-Tickets Gratismentalit\u00e4t zu unterstellen, legitim oder menschenverachtend findet, fragt man sich doch, hat dieser Mensch keine politischen Berater? @Matthias_Renger geht dieser Frage im Tweet der Woche nach und mimt nicht nur den Berater, sondern auch den Therapeuten. Beides im Falle von Linder offenbar bitter n\u00f6tig: [&hellip;]<\/p>\n","protected":false},"author":1,"featured_media":0,"comment_status":"open","ping_status":"open","sticky":false,"template":"","format":"standard","meta":{"site-sidebar-layout":"default","site-content-layout":"","ast-site-content-layout":"default","site-content-style":"default","site-sidebar-style":"default","ast-global-header-display":"","ast-banner-title-visibility":"","ast-main-header-display":"","ast-hfb-above-header-display":"","ast-hfb-below-header-display":"","ast-hfb-mobile-header-display":"","site-post-title":"","ast-breadcrumbs-content":"","ast-featured-img":"","footer-sml-layout":"","theme-transparent-header-meta":"","adv-header-id-meta":"","stick-header-meta":"","header-above-stick-meta":"","header-main-stick-meta":"","header-below-stick-meta":"","astra-migrate-meta-layouts":"default","ast-page-background-enabled":"default","ast-page-background-meta":{"desktop":{"background-color":"var(--ast-global-color-4)","background-image":"","background-repeat":"repeat","background-position":"center center","background-size":"auto","background-attachment":"scroll","background-type":"","background-media":"","overlay-type":"","overlay-color":"","overlay-opacity":"","overlay-gradient":""},"tablet":{"background-color":"","background-image":"","background-repeat":"repeat","background-position":"center center","background-size":"auto","background-attachment":"scroll","background-type":"","background-media":"","overlay-type":"","overlay-color":"","overlay-opacity":"","overlay-gradient":""},"mobile":{"background-color":"","background-image":"","background-repeat":"repeat","background-position":"center center","background-size":"auto","background-attachment":"scroll","background-type":"","background-media":"","overlay-type":"","overlay-color":"","overlay-opacity":"","overlay-gradient":""}},"ast-content-background-meta":{"desktop":{"background-color":"var(--ast-global-color-5)","background-image":"","background-repeat":"repeat","background-position":"center center","background-size":"auto","background-attachment":"scroll","background-type":"","background-media":"","overlay-type":"","overlay-color":"","overlay-opacity":"","overlay-gradient":""},"tablet":{"background-color":"var(--ast-global-color-5)","background-image":"","background-repeat":"repeat","background-position":"center center","background-size":"auto","background-attachment":"scroll","background-type":"","background-media":"","overlay-type":"","overlay-color":"","overlay-opacity":"","overlay-gradient":""},"mobile":{"background-color":"var(--ast-global-color-5)","background-image":"","background-repeat":"repeat","background-position":"center center","background-size":"auto","background-attachment":"scroll","background-type":"","background-media":"","overlay-type":"","overlay-color":"","overlay-opacity":"","overlay-gradient":""}},"ngg_post_thumbnail":0,"jetpack_post_was_ever_published":false,"_jetpack_newsletter_access":"","_jetpack_dont_email_post_to_subs":false,"_jetpack_newsletter_tier_id":0,"_jetpack_memberships_contains_paywalled_content":false,"_jetpack_memberships_contains_paid_content":false,"footnotes":""},"categories":[33,11,9],"tags":[77],"class_list":["post-10272","post","type-post","status-publish","format-standard","hentry","category-twitter","category-literatur","category-politik","tag-tweetderwoche"],"jetpack_featured_media_url":"","jetpack_sharing_enabled":true,"jetpack_shortlink":"https:\/\/wp.me\/p4uzZ-2FG","jetpack-related-posts":[{"id":10892,"url":"https:\/\/textundblog.de\/?p=10892","url_meta":{"origin":10272,"position":0},"title":"Christian Lindner: Narzissmus statt politischer Kultur","author":"Markus","date":"1\/12\/2024","format":false,"excerpt":"Die FDP hat ihre Glaubw\u00fcrdigkeit mit dem D-Day-Papier und dem von langer Hand geplanten Ausstieg aus der Ampel komplett verspielt. Das einzige, was der ehemals liberalen Partei eines Gerhard Baum, eines Burkhard Hirsch oder einer Hildegard Hamm-Br\u00fccher (die drei wurden zurecht in diesem Skeet genannt) jetzt noch helfen k\u00f6nnte, w\u00e4re\u2026","rel":"","context":"In &quot;Bluesky&quot;","block_context":{"text":"Bluesky","link":"https:\/\/textundblog.de\/?cat=33"},"img":{"alt_text":"","src":"https:\/\/i0.wp.com\/textundblog.de\/wp-content\/IMG_8153-150x150.png?resize=350%2C200&ssl=1","width":350,"height":200},"classes":[]},{"id":10156,"url":"https:\/\/textundblog.de\/?p=10156","url_meta":{"origin":10272,"position":1},"title":"Lindner wollte doch nicht falsch regieren","author":"Markus","date":"10\/4\/2022","format":false,"excerpt":"Mehr muss zur Einsch\u00e4tzung der aktuellen Regierungsbeteiligung der FDP an der Ampel-Koalition nicht gesagt werden. F\u00fcr mich kommt der Tweet der Woche von @mondschaf23: https:\/\/twitter.com\/mondschaf23\/status\/1512340402971500544?s=21&t=31N7hLBt9ZH9aUg3QqNp9A Hier geht's zu den vergangenen Tweets der Woche.","rel":"","context":"In &quot;Literatur&quot;","block_context":{"text":"Literatur","link":"https:\/\/textundblog.de\/?cat=11"},"img":{"alt_text":"Tweet der Woche","src":"wp-images\/tweetderwoche2-200x96.jpg","width":350,"height":200},"classes":[]},{"id":3305,"url":"https:\/\/textundblog.de\/?p=3305","url_meta":{"origin":10272,"position":2},"title":"Frau Frauenfuss zeichnet zum 3. Advent","author":"Markus","date":"13\/12\/2009","format":false,"excerpt":"Direktlink YouTube Frau Frauenfuss zeichnet zum 3. Advent. Wunderbar. Faszinierend zuzuschauen und herrlich am Ende das Kunstwerk in seiner Sch\u00f6nheit zu bestaunen. Die Musik kommt von @HerrTwiggs. Update: \u00dcber die gestrige Ausstellungser\u00f6ffnung von Frau Frauenfuss in K\u00f6ln hat heute Christian Lindner, der Chefredakteur der Rheinzeitung, einen netten Artikel in seinem\u2026","rel":"","context":"In &quot;Bluesky&quot;","block_context":{"text":"Bluesky","link":"https:\/\/textundblog.de\/?cat=33"},"img":{"alt_text":"","src":"","width":0,"height":0},"classes":[]},{"id":5926,"url":"https:\/\/textundblog.de\/?p=5926","url_meta":{"origin":10272,"position":3},"title":"Das Netz ist kein Wahn, es macht Sinn","author":"Markus","date":"25\/4\/2014","format":false,"excerpt":"Den Tweet der Woche hat einer geschrieben, der sich aufrichtig freut, dass das Netz ein Ort ist, der ganz reale Dinge erm\u00f6glichen kann. Zum Beispiel ein Buch zu schreiben: https:\/\/twitter.com\/martinlindner\/status\/459714259669495808 \"Einer\" ist in diesem Fall der Bildungsexperte @martinlindner. Und das \"ganz reale Ding\" k\u00f6nnte \u2013 und wird! \u2013 Kraft des\u2026","rel":"","context":"In &quot;Bluesky&quot;","block_context":{"text":"Bluesky","link":"https:\/\/textundblog.de\/?cat=33"},"img":{"alt_text":"Tweet der Woche","src":"wp-images\/tweetderwoche2-200x96.jpg","width":350,"height":200},"classes":[]},{"id":6602,"url":"https:\/\/textundblog.de\/?p=6602","url_meta":{"origin":10272,"position":4},"title":"Tweet der Woche zu de Maizi\u00e8res gef\u00e4hrlichem Vorsto\u00df","author":"Markus","date":"3\/4\/2015","format":false,"excerpt":"Mit das Widerlichste, was Sicherheitsfanatikern nach Katastrophen und Attentaten einf\u00e4llt, sind Vorschl\u00e4ge, die nicht nur die in der Gesellschaft kursierenden \u00c4ngste weiter sch\u00fcren, sondern gleichzeitig dem Zweck dienen, die Gunst der Stunde zu nutzen und ihre - seien sie noch so widersinnig - politischen Pl\u00e4ne voranzutreiben. Genau so ein Sicherheitsfanatiker\u2026","rel":"","context":"In &quot;Bluesky&quot;","block_context":{"text":"Bluesky","link":"https:\/\/textundblog.de\/?cat=33"},"img":{"alt_text":"Tweet der Woche","src":"wp-images\/tweetderwoche2-200x96.jpg","width":350,"height":200},"classes":[]},{"id":8034,"url":"https:\/\/textundblog.de\/?p=8034","url_meta":{"origin":10272,"position":5},"title":"Taxi!","author":"Markus","date":"15\/9\/2017","format":false,"excerpt":"Jeder, der Unternehmen oder Institutionen in Sachen Web-Strategie und Social Media ber\u00e4t, trichtert Ihnen ein: \u00bbIhr m\u00fcsst die Kunden da abholen, wo sie sind\u00ab. Nun ist Ralf Heimann auf eine Branche gekommen, f\u00fcr die diese Empfehlung geradezu geschaffen scheint: https:\/\/twitter.com\/ralfheimann\/status\/908275253062852608 Hier geht's zu den vergangenen Tweets der Woche.","rel":"","context":"In &quot;Bluesky&quot;","block_context":{"text":"Bluesky","link":"https:\/\/textundblog.de\/?cat=33"},"img":{"alt_text":"Tweet der Woche","src":"wp-images\/tweetderwoche2-200x96.jpg","width":350,"height":200},"classes":[]}],"_links":{"self":[{"href":"https:\/\/textundblog.de\/index.php?rest_route=\/wp\/v2\/posts\/10272","targetHints":{"allow":["GET"]}}],"collection":[{"href":"https:\/\/textundblog.de\/index.php?rest_route=\/wp\/v2\/posts"}],"about":[{"href":"https:\/\/textundblog.de\/index.php?rest_route=\/wp\/v2\/types\/post"}],"author":[{"embeddable":true,"href":"https:\/\/textundblog.de\/index.php?rest_route=\/wp\/v2\/users\/1"}],"replies":[{"embeddable":true,"href":"https:\/\/textundblog.de\/index.php?rest_route=%2Fwp%2Fv2%2Fcomments&post=10272"}],"version-history":[{"count":0,"href":"https:\/\/textundblog.de\/index.php?rest_route=\/wp\/v2\/posts\/10272\/revisions"}],"wp:attachment":[{"href":"https:\/\/textundblog.de\/index.php?rest_route=%2Fwp%2Fv2%2Fmedia&parent=10272"}],"wp:term":[{"taxonomy":"category","embeddable":true,"href":"https:\/\/textundblog.de\/index.php?rest_route=%2Fwp%2Fv2%2Fcategories&post=10272"},{"taxonomy":"post_tag","embeddable":true,"href":"https:\/\/textundblog.de\/index.php?rest_route=%2Fwp%2Fv2%2Ftags&post=10272"}],"curies":[{"name":"wp","href":"https:\/\/api.w.org\/{rel}","templated":true}]}}