{"id":10209,"date":"2022-07-03T11:50:39","date_gmt":"2022-07-03T09:50:39","guid":{"rendered":"https:\/\/textundblog.de\/?p=10209"},"modified":"2022-07-03T11:53:20","modified_gmt":"2022-07-03T09:53:20","slug":"kuriose-gestalten-aus-mittelalterlichen-handschriften","status":"publish","type":"post","link":"https:\/\/textundblog.de\/?p=10209","title":{"rendered":"Kuriose Gestalten aus mittelalterlichen Handschriften"},"content":{"rendered":"<p><a href=\"https:\/\/textundblog.de\/?tag=tweetderwoche\"> <img loading=\"lazy\" decoding=\"async\" src=\"wp-images\/tweetderwoche2-200x96.jpg\" alt=\"Tweet der Woche\" title=\"Tweet der Woche\" height=\"96\" width=\"200\" class=\"bildrechts\" \/><\/a> Auf <a href=\"https:\/\/twitter.com\/weirdmedieval\">@weirdmedieval<\/a> werden t\u00e4glich kuriose Gestalten aus mittelalterlichen Handschriften (5.-15. Jhd) gezeigt. Wie zum Beispiel dieser wundersch\u00f6ne Kentaur (ein Mischwesen der griechischen Mythologie aus Pferd und Mensch) aus den <em><a href=\"https:\/\/gallica.bnf.fr\/ark:\/12148\/btv1b84386043\/f476.image\">Chroniques sire JEHAN FROISSART<\/a><\/em> (dort zu entdecken in Folio 72r). F\u00fcr mich der Tweet der Woche:<\/p>\n<blockquote class=\"twitter-tweet\" data-width=\"500\" data-dnt=\"true\">\n<p lang=\"en\" dir=\"ltr\">centaur, france, 15th century <a href=\"https:\/\/t.co\/lGbbztixLW\">pic.twitter.com\/lGbbztixLW<\/a><\/p>\n<p>&mdash; weird medieval guys BOOK OUT NOW !! (@WeirdMedieval) <a href=\"https:\/\/twitter.com\/WeirdMedieval\/status\/1542848043384446980?ref_src=twsrc%5Etfw\">July 1, 2022<\/a><\/p><\/blockquote>\n<p><script async src=\"https:\/\/platform.twitter.com\/widgets.js\" charset=\"utf-8\"><\/script><br \/>\n<!--more--><\/p>\n<p>Der oder die Autorin (fragt <a href=\"https:\/\/twitter.com\/weirdmedieval\/status\/1542907593823240193?s=21&#038;t=Bu3cGbVWZZJK9GRRjQL-Aw\">hier<\/a>, wie er\/sie von seinen Follower:innen wahrgenommen wird, d.h. welches Geschlecht oder Alter vermutet wird) gibt immer seine\/ihre Quellen an. Die DMs sind ge\u00f6ffnet, d.h. man kann Vorschl\u00e4ge f\u00fcr weitere kuriose Gestalten aus mittelalterlichen Handschriften schicken.<\/p>\n<p>Hier geht&#8217;s zu den vergangenen <a href=\"https:\/\/textundblog.de\/?tag=tweetderwoche\">Tweets der Woche<\/a>.<\/p>\n","protected":false},"excerpt":{"rendered":"<p>Auf @weirdmedieval werden t\u00e4glich kuriose Gestalten aus mittelalterlichen Handschriften (5.-15. Jhd) gezeigt. Wie zum Beispiel dieser wundersch\u00f6ne Kentaur (ein Mischwesen der griechischen Mythologie aus Pferd und Mensch) aus den Chroniques sire JEHAN FROISSART (dort zu entdecken in Folio 72r). F\u00fcr mich der Tweet der Woche: centaur, france, 15th century pic.twitter.com\/lGbbztixLW &mdash; weird medieval guys BOOK [&hellip;]<\/p>\n","protected":false},"author":1,"featured_media":0,"comment_status":"open","ping_status":"open","sticky":false,"template":"","format":"standard","meta":{"site-sidebar-layout":"default","site-content-layout":"","ast-site-content-layout":"default","site-content-style":"default","site-sidebar-style":"default","ast-global-header-display":"","ast-banner-title-visibility":"","ast-main-header-display":"","ast-hfb-above-header-display":"","ast-hfb-below-header-display":"","ast-hfb-mobile-header-display":"","site-post-title":"","ast-breadcrumbs-content":"","ast-featured-img":"","footer-sml-layout":"","theme-transparent-header-meta":"","adv-header-id-meta":"","stick-header-meta":"","header-above-stick-meta":"","header-main-stick-meta":"","header-below-stick-meta":"","astra-migrate-meta-layouts":"default","ast-page-background-enabled":"default","ast-page-background-meta":{"desktop":{"background-color":"var(--ast-global-color-4)","background-image":"","background-repeat":"repeat","background-position":"center center","background-size":"auto","background-attachment":"scroll","background-type":"","background-media":"","overlay-type":"","overlay-color":"","overlay-opacity":"","overlay-gradient":""},"tablet":{"background-color":"","background-image":"","background-repeat":"repeat","background-position":"center center","background-size":"auto","background-attachment":"scroll","background-type":"","background-media":"","overlay-type":"","overlay-color":"","overlay-opacity":"","overlay-gradient":""},"mobile":{"background-color":"","background-image":"","background-repeat":"repeat","background-position":"center center","background-size":"auto","background-attachment":"scroll","background-type":"","background-media":"","overlay-type":"","overlay-color":"","overlay-opacity":"","overlay-gradient":""}},"ast-content-background-meta":{"desktop":{"background-color":"var(--ast-global-color-5)","background-image":"","background-repeat":"repeat","background-position":"center center","background-size":"auto","background-attachment":"scroll","background-type":"","background-media":"","overlay-type":"","overlay-color":"","overlay-opacity":"","overlay-gradient":""},"tablet":{"background-color":"var(--ast-global-color-5)","background-image":"","background-repeat":"repeat","background-position":"center center","background-size":"auto","background-attachment":"scroll","background-type":"","background-media":"","overlay-type":"","overlay-color":"","overlay-opacity":"","overlay-gradient":""},"mobile":{"background-color":"var(--ast-global-color-5)","background-image":"","background-repeat":"repeat","background-position":"center center","background-size":"auto","background-attachment":"scroll","background-type":"","background-media":"","overlay-type":"","overlay-color":"","overlay-opacity":"","overlay-gradient":""}},"ngg_post_thumbnail":0,"jetpack_post_was_ever_published":false,"_jetpack_newsletter_access":"","_jetpack_dont_email_post_to_subs":false,"_jetpack_newsletter_tier_id":0,"_jetpack_memberships_contains_paywalled_content":false,"_jetpack_memberships_contains_paid_content":false,"footnotes":""},"categories":[33,11],"tags":[77],"class_list":["post-10209","post","type-post","status-publish","format-standard","hentry","category-twitter","category-literatur","tag-tweetderwoche"],"jetpack_featured_media_url":"","jetpack_sharing_enabled":true,"jetpack_shortlink":"https:\/\/wp.me\/p4uzZ-2EF","jetpack-related-posts":[{"id":2487,"url":"https:\/\/textundblog.de\/?p=2487","url_meta":{"origin":10209,"position":0},"title":"Sch\u00f6ne Handschrift im Posteingang","author":"Markus","date":"4\/9\/2008","format":false,"excerpt":"Als wissenschaftlicher Mitarbeiter in der Virtuellen Fachbibliothek cibera erhalte ich ja in der Stabi eher elektronische als handgeschriebene Post. Um so mehr habe ich mich heute Morgen \u00fcber diesen Posteingang aus Berlin gefreut. Was f\u00fcr eine sch\u00f6ne HandschriftViel sch\u00f6ner als meine Handschrift, die es ja hier mal in einem handgeschriebenen\u2026","rel":"","context":"In &quot;Allgemeines&quot;","block_context":{"text":"Allgemeines","link":"https:\/\/textundblog.de\/?cat=1"},"img":{"alt_text":"Sch\u00f6ne Handschrift auf eingegangenem Brief","src":"https:\/\/i0.wp.com\/textundblog.de\/wp-content\/brief-ifws-handschrift.jpg?resize=350%2C200&ssl=1","width":350,"height":200},"classes":[]},{"id":531,"url":"https:\/\/textundblog.de\/?p=531","url_meta":{"origin":10209,"position":1},"title":"Einstein-Handschrift gefunden","author":"Markus","date":"21\/8\/2005","format":false,"excerpt":"\u00bbOriginalmanuskript von Einstein wiedergefunden\u00ab, meldet heise. Das Lorentz-Institut der Universit\u00e4t Leiden stellt die handschriftlichen Dokumente von Dezember 1924 mit dem Titel \u00bbQuantentheorie des einatomigen idealen Gases\u00ab in hoher Aufl\u00f6sung bereit.","rel":"","context":"In &quot;Literatur&quot;","block_context":{"text":"Literatur","link":"https:\/\/textundblog.de\/?cat=11"},"img":{"alt_text":"Quantentheorie des einatomigen idealen Gases","src":".\/wp-content\/einsteinmanuskript.jpg","width":350,"height":200},"classes":[]},{"id":2490,"url":"https:\/\/textundblog.de\/?p=2490","url_meta":{"origin":10209,"position":2},"title":"Blow up in Brandenburg","author":"Markus","date":"6\/9\/2008","format":false,"excerpt":"Foto auf Flickr in gro\u00df Wegen der gestern unternommenen Draisinentour durch Brandenburg bin ich \u00fcbers Wochenende in Berlin. Ein Blogartikel \u00fcber die sehr nette und interessante Tour folgt noch, aber ein kurioses Fotodetail gibt es schon mal vorneweg. In J\u00fcterbog hatte ich auf einer menschenleeren Stra\u00dfe dieses Foto eines ebenso\u2026","rel":"","context":"In &quot;Foto&quot;","block_context":{"text":"Foto","link":"https:\/\/textundblog.de\/?cat=10"},"img":{"alt_text":"Haus in J\u00fcterbog","src":"https:\/\/i0.wp.com\/textundblog.de\/wp-content\/jueterboghaus.jpg?resize=350%2C200&ssl=1","width":350,"height":200},"classes":[]},{"id":7732,"url":"https:\/\/textundblog.de\/?p=7732","url_meta":{"origin":10209,"position":3},"title":"Twitterern geht das @ gut von der Hand","author":"Markus","date":"3\/2\/2017","format":false,"excerpt":"Da unser aller Name auf Twitter mit einem \"@\" beginnt, und wir st\u00e4ndig handschriftlich unsere Twitternamen weiter geben oder bei Konferenzen und TweetUps auf unsere Namensschildchen krakeln, k\u00f6nnte was dran sein an der vielleicht gar nicht so steilen These des Tweets der Woche von @JuleGrasz: https:\/\/twitter.com\/JuleGrasz\/status\/825369803170922496 Ich wei\u00df ja nicht,\u2026","rel":"","context":"In &quot;Bluesky&quot;","block_context":{"text":"Bluesky","link":"https:\/\/textundblog.de\/?cat=33"},"img":{"alt_text":"Handgeschriebenes @","src":"https:\/\/i0.wp.com\/textundblog.de\/wp-content\/at.jpg?resize=350%2C200&ssl=1","width":350,"height":200},"classes":[]},{"id":4313,"url":"https:\/\/textundblog.de\/?p=4313","url_meta":{"origin":10209,"position":4},"title":"Hamburger Kuriosit\u00e4ten hier und da","author":"Markus","date":"30\/8\/2011","format":false,"excerpt":"Frau Indica war zu Besuch im sch\u00f6nen Wandsbek. Hier und in weiteren Stadtteilen der Hansestadt sind ihr dabei kuriose Stra\u00dfennamen aufgefallen, die sie hochwertig bebildert und bestens betextet hat. Diese beiden nicht mit hochwertiger Kamera, sondern gerade eben mit dem Handy auf dem Heimweg von der Arbeit aufgenommenen, Fotos zeigen\u2026","rel":"","context":"In &quot;Foto&quot;","block_context":{"text":"Foto","link":"https:\/\/textundblog.de\/?cat=10"},"img":{"alt_text":"Lengerckestieg","src":"https:\/\/i0.wp.com\/textundblog.de\/wp-content\/lengerckestieg2011.jpg?resize=350%2C200&ssl=1","width":350,"height":200},"classes":[]},{"id":494,"url":"https:\/\/textundblog.de\/?p=494","url_meta":{"origin":10209,"position":5},"title":"Andersens M\u00e4rchen im Spiegel der Illustration","author":"Markus","date":"3\/8\/2005","format":false,"excerpt":"Hans Christian Andersen w\u00e4re dieses Jahr 200 Jahre alt geworden. Die spanische Tageszeitung El Pa\u00eds beschreibt in ihrer heutigen Ausgabe, wie die D\u00e4nen das Andersenjahr begehen. Die Staats- und Universit\u00e4tsbibliothek Hamburg (seit drei Monaten mein neuer Arbeitgeber) zeigt ab kommendem Freitag, den 5. August 2005, eine Ausstellung mit Illustrationen zu\u2026","rel":"","context":"In &quot;Hamburg&quot;","block_context":{"text":"Hamburg","link":"https:\/\/textundblog.de\/?cat=15"},"img":{"alt_text":"Andersens M\u00e4rchen im Spiegel der Illustration","src":".\/wp-content\/andersen.jpg","width":350,"height":200},"classes":[]}],"_links":{"self":[{"href":"https:\/\/textundblog.de\/index.php?rest_route=\/wp\/v2\/posts\/10209","targetHints":{"allow":["GET"]}}],"collection":[{"href":"https:\/\/textundblog.de\/index.php?rest_route=\/wp\/v2\/posts"}],"about":[{"href":"https:\/\/textundblog.de\/index.php?rest_route=\/wp\/v2\/types\/post"}],"author":[{"embeddable":true,"href":"https:\/\/textundblog.de\/index.php?rest_route=\/wp\/v2\/users\/1"}],"replies":[{"embeddable":true,"href":"https:\/\/textundblog.de\/index.php?rest_route=%2Fwp%2Fv2%2Fcomments&post=10209"}],"version-history":[{"count":0,"href":"https:\/\/textundblog.de\/index.php?rest_route=\/wp\/v2\/posts\/10209\/revisions"}],"wp:attachment":[{"href":"https:\/\/textundblog.de\/index.php?rest_route=%2Fwp%2Fv2%2Fmedia&parent=10209"}],"wp:term":[{"taxonomy":"category","embeddable":true,"href":"https:\/\/textundblog.de\/index.php?rest_route=%2Fwp%2Fv2%2Fcategories&post=10209"},{"taxonomy":"post_tag","embeddable":true,"href":"https:\/\/textundblog.de\/index.php?rest_route=%2Fwp%2Fv2%2Ftags&post=10209"}],"curies":[{"name":"wp","href":"https:\/\/api.w.org\/{rel}","templated":true}]}}