{"id":10208,"date":"2022-06-26T11:27:00","date_gmt":"2022-06-26T09:27:00","guid":{"rendered":"https:\/\/textundblog.de\/?p=10208"},"modified":"2022-08-28T12:28:05","modified_gmt":"2022-08-28T10:28:05","slug":"9-euro-ticket-spart-nerven-und-zeit","status":"publish","type":"post","link":"https:\/\/textundblog.de\/?p=10208","title":{"rendered":"9-Euro-Ticket spart Nerven und Zeit"},"content":{"rendered":"<p><a href=\"https:\/\/textundblog.de\/?tag=tweetderwoche\"> <img loading=\"lazy\" decoding=\"async\" src=\"wp-images\/tweetderwoche2-200x96.jpg\" alt=\"Tweet der Woche\" title=\"Tweet der Woche\" height=\"96\" width=\"200\" class=\"bildrechts\" \/><\/a> Bleibt zu hoffen, dass das 9-Euro-Ticket den \u00d6PNV nachhaltig st\u00e4rken wird. Seinen gr\u00f6\u00dften Vorteil stellt <a href=\"https:\/\/twitter.com\/joel_aktuell\">@joel_aktuell<\/a> im Tweet der Woche heraus:<\/p>\n<blockquote class=\"twitter-tweet\" data-width=\"500\" data-dnt=\"true\">\n<p lang=\"de\" dir=\"ltr\">F\u00fcr viele Menschen w\u00e4re selbst ein 365\u20ac-Ticket eine gro\u00dfe Entlastung, wenn sie damit \u00fcberall den \u00d6PNV- und Regionalverkehr nutzen k\u00f6nnten. F\u00fcr den Haushalt des Bundes w\u00e4re das auch g\u00fcnstiger als das 9\u20ac-Ticket. F\u00fcr kleinere Einkommen sollten 9\u20ac-Tickets erhalten bleiben.<\/p>\n<p>&mdash; Joel (@joel_aktuell) <a href=\"https:\/\/twitter.com\/joel_aktuell\/status\/1538627147899752449?ref_src=twsrc%5Etfw\">June 19, 2022<\/a><\/p><\/blockquote>\n<p><script async src=\"https:\/\/platform.twitter.com\/widgets.js\" charset=\"utf-8\"><\/script><\/p>\n<p>Hier geht&#8217;s zu den vergangenen <a href=\"https:\/\/textundblog.de\/?tag=tweetderwoche\">Tweets der Woche<\/a>.<\/p>\n","protected":false},"excerpt":{"rendered":"<p>Bleibt zu hoffen, dass das 9-Euro-Ticket den \u00d6PNV nachhaltig st\u00e4rken wird. Seinen gr\u00f6\u00dften Vorteil stellt @joel_aktuell im Tweet der Woche heraus: F\u00fcr viele Menschen w\u00e4re selbst ein 365\u20ac-Ticket eine gro\u00dfe Entlastung, wenn sie damit \u00fcberall den \u00d6PNV- und Regionalverkehr nutzen k\u00f6nnten. F\u00fcr den Haushalt des Bundes w\u00e4re das auch g\u00fcnstiger als das 9\u20ac-Ticket. F\u00fcr kleinere [&hellip;]<\/p>\n","protected":false},"author":1,"featured_media":0,"comment_status":"open","ping_status":"open","sticky":false,"template":"","format":"standard","meta":{"site-sidebar-layout":"default","site-content-layout":"","ast-site-content-layout":"default","site-content-style":"default","site-sidebar-style":"default","ast-global-header-display":"","ast-banner-title-visibility":"","ast-main-header-display":"","ast-hfb-above-header-display":"","ast-hfb-below-header-display":"","ast-hfb-mobile-header-display":"","site-post-title":"","ast-breadcrumbs-content":"","ast-featured-img":"","footer-sml-layout":"","theme-transparent-header-meta":"","adv-header-id-meta":"","stick-header-meta":"","header-above-stick-meta":"","header-main-stick-meta":"","header-below-stick-meta":"","astra-migrate-meta-layouts":"default","ast-page-background-enabled":"default","ast-page-background-meta":{"desktop":{"background-color":"var(--ast-global-color-4)","background-image":"","background-repeat":"repeat","background-position":"center center","background-size":"auto","background-attachment":"scroll","background-type":"","background-media":"","overlay-type":"","overlay-color":"","overlay-opacity":"","overlay-gradient":""},"tablet":{"background-color":"","background-image":"","background-repeat":"repeat","background-position":"center center","background-size":"auto","background-attachment":"scroll","background-type":"","background-media":"","overlay-type":"","overlay-color":"","overlay-opacity":"","overlay-gradient":""},"mobile":{"background-color":"","background-image":"","background-repeat":"repeat","background-position":"center center","background-size":"auto","background-attachment":"scroll","background-type":"","background-media":"","overlay-type":"","overlay-color":"","overlay-opacity":"","overlay-gradient":""}},"ast-content-background-meta":{"desktop":{"background-color":"var(--ast-global-color-5)","background-image":"","background-repeat":"repeat","background-position":"center center","background-size":"auto","background-attachment":"scroll","background-type":"","background-media":"","overlay-type":"","overlay-color":"","overlay-opacity":"","overlay-gradient":""},"tablet":{"background-color":"var(--ast-global-color-5)","background-image":"","background-repeat":"repeat","background-position":"center center","background-size":"auto","background-attachment":"scroll","background-type":"","background-media":"","overlay-type":"","overlay-color":"","overlay-opacity":"","overlay-gradient":""},"mobile":{"background-color":"var(--ast-global-color-5)","background-image":"","background-repeat":"repeat","background-position":"center center","background-size":"auto","background-attachment":"scroll","background-type":"","background-media":"","overlay-type":"","overlay-color":"","overlay-opacity":"","overlay-gradient":""}},"ngg_post_thumbnail":0,"jetpack_post_was_ever_published":false,"_jetpack_newsletter_access":"","_jetpack_dont_email_post_to_subs":false,"_jetpack_newsletter_tier_id":0,"_jetpack_memberships_contains_paywalled_content":false,"_jetpack_memberships_contains_paid_content":false,"footnotes":""},"categories":[33,11],"tags":[77],"class_list":["post-10208","post","type-post","status-publish","format-standard","hentry","category-twitter","category-literatur","tag-tweetderwoche"],"jetpack_featured_media_url":"","jetpack_sharing_enabled":true,"jetpack_shortlink":"https:\/\/wp.me\/p4uzZ-2EE","jetpack-related-posts":[{"id":10272,"url":"https:\/\/textundblog.de\/?p=10272","url_meta":{"origin":10208,"position":0},"title":"Christian Lindner und die Gratismentalit\u00e4t: Beratung und Therapie","author":"Markus","date":"14\/8\/2022","format":false,"excerpt":"Ganz unabh\u00e4ngig davon, ob man Christian Lindners Einsch\u00e4tzung, Bef\u00fcrwortern des 9-Euro-Tickets Gratismentalit\u00e4t zu unterstellen, legitim oder menschenverachtend findet, fragt man sich doch, hat dieser Mensch keine politischen Berater? @Matthias_Renger geht dieser Frage im Tweet der Woche nach und mimt nicht nur den Berater, sondern auch den Therapeuten. Beides im Falle\u2026","rel":"","context":"In &quot;Bluesky&quot;","block_context":{"text":"Bluesky","link":"https:\/\/textundblog.de\/?cat=33"},"img":{"alt_text":"Tweet der Woche","src":"wp-images\/tweetderwoche2-200x96.jpg","width":350,"height":200},"classes":[]},{"id":5075,"url":"https:\/\/textundblog.de\/?p=5075","url_meta":{"origin":10208,"position":1},"title":"Tweet der Woche tadelt teure Tickets","author":"Markus","date":"26\/10\/2012","format":false,"excerpt":"Dass der Erwerb von Konzertkarten bekannter Interpreten eine kostspielige Angelegenheit ist, d\u00fcrfte allgemein bekannt sein. Warum aber die Karten mancher Bands besonders teuer sind, das hat nun @UteWeber herausgefunden. H\u00e4tte man auch selbst drauf kommen k\u00f6nnen. Voil\u00e1, der \u00abTweet der Woche\u00bb kl\u00e4rt auf: Die vergangenen Tweets der Woche findet ihr\u2026","rel":"","context":"In &quot;Bluesky&quot;","block_context":{"text":"Bluesky","link":"https:\/\/textundblog.de\/?cat=33"},"img":{"alt_text":"Tweet der Woche von @UteWeber","src":"https:\/\/i0.wp.com\/textundblog.de\/wp-content\/uteweber-tdw102012.png?resize=350%2C200&ssl=1","width":350,"height":200},"classes":[]},{"id":6823,"url":"https:\/\/textundblog.de\/?p=6823","url_meta":{"origin":10208,"position":2},"title":"Niemals vergessen","author":"Markus","date":"13\/11\/2015","format":false,"excerpt":"Wer sagt denn, dass der \u00abTweet der Woche\u00bb immer ein witziger sein muss? So sehr ich gerade den Humor auf Twitter sch\u00e4tze, so gut finde ich es, wenn's mal ein bisschen nachdenklicher wird. Die am 9. November gepostete Mahnung von @RafSteinberger ist leider aktueller denn je: https:\/\/twitter.com\/RafSteinberger\/status\/663611956704772096 Hier geht's zu\u2026","rel":"","context":"In &quot;Bluesky&quot;","block_context":{"text":"Bluesky","link":"https:\/\/textundblog.de\/?cat=33"},"img":{"alt_text":"Tweet der Woche","src":"wp-images\/tweetderwoche2-200x96.jpg","width":350,"height":200},"classes":[]},{"id":4545,"url":"https:\/\/textundblog.de\/?p=4545","url_meta":{"origin":10208,"position":3},"title":"Tweet der Woche: Die Internationale in der Elbchaussee","author":"Markus","date":"24\/2\/2012","format":false,"excerpt":"Die Elbchaussee (Bilder) ist eine der nobelsten Stra\u00dfen Hamburgs. Da stehen keine H\u00e4user, das sind Villen, teilweise kleine Schl\u00f6sser sind das. So viel muss man wissen, um den Tweet der Woche zu verstehen, der in dieser Woche von @peterbreuer kommt: Ich hab ja sehr gute Erinnerungen an die Elbchaussee, die\u2026","rel":"","context":"In &quot;Bluesky&quot;","block_context":{"text":"Bluesky","link":"https:\/\/textundblog.de\/?cat=33"},"img":{"alt_text":"Tweet der Woche von @peterbreuer","src":"https:\/\/i0.wp.com\/textundblog.de\/wp-content\/peterbreuer02-2012.png?resize=350%2C200&ssl=1","width":350,"height":200},"classes":[]},{"id":6338,"url":"https:\/\/textundblog.de\/?p=6338","url_meta":{"origin":10208,"position":4},"title":"Vernetzung durch Veranstaltungs-Hashtags","author":"Markus","date":"4\/10\/2014","format":false,"excerpt":"Jeder Twitter-Nutzende, der schon einmal auf einer Veranstaltung (egal ob Konferenz, Tagung, Versammlung oder Workshop etc.) war, auf der mit einem zuvor vereinbarten Hashtag getwittert wurde, wei\u00df dieses Vorgehen zu sch\u00e4tzen. Und erst recht die Daheimgebliebenen, die zwar verhindert, aber durchaus sehr an der Veranstaltung interessiert sind, k\u00f6nnen sich so\u2026","rel":"","context":"In &quot;Bluesky&quot;","block_context":{"text":"Bluesky","link":"https:\/\/textundblog.de\/?cat=33"},"img":{"alt_text":"Tweet der Woche","src":"wp-images\/tweetderwoche2-200x96.jpg","width":350,"height":200},"classes":[]},{"id":6542,"url":"https:\/\/textundblog.de\/?p=6542","url_meta":{"origin":10208,"position":5},"title":"08\/15-Tweet","author":"Markus","date":"16\/2\/2015","format":false,"excerpt":"Ich habe heute Morgen einen 08\/15-Tweet geschrieben. Es ist bis dato, was Retweets (288) und Favoriten (353) anbelangt, der erfolgreichste: https:\/\/twitter.com\/textundblog\/status\/567218851986018304 Der beste ist es nicht. Gestern Abend bin ich von der Berlinale zur\u00fcckgekehrt. Das erkl\u00e4rt auch die lange Stille im Blog. Habe 47 Filme in 9 Tagen gesehen, da\u2026","rel":"","context":"In &quot;Bluesky&quot;","block_context":{"text":"Bluesky","link":"https:\/\/textundblog.de\/?cat=33"},"img":{"alt_text":"","src":"","width":0,"height":0},"classes":[]}],"_links":{"self":[{"href":"https:\/\/textundblog.de\/index.php?rest_route=\/wp\/v2\/posts\/10208","targetHints":{"allow":["GET"]}}],"collection":[{"href":"https:\/\/textundblog.de\/index.php?rest_route=\/wp\/v2\/posts"}],"about":[{"href":"https:\/\/textundblog.de\/index.php?rest_route=\/wp\/v2\/types\/post"}],"author":[{"embeddable":true,"href":"https:\/\/textundblog.de\/index.php?rest_route=\/wp\/v2\/users\/1"}],"replies":[{"embeddable":true,"href":"https:\/\/textundblog.de\/index.php?rest_route=%2Fwp%2Fv2%2Fcomments&post=10208"}],"version-history":[{"count":0,"href":"https:\/\/textundblog.de\/index.php?rest_route=\/wp\/v2\/posts\/10208\/revisions"}],"wp:attachment":[{"href":"https:\/\/textundblog.de\/index.php?rest_route=%2Fwp%2Fv2%2Fmedia&parent=10208"}],"wp:term":[{"taxonomy":"category","embeddable":true,"href":"https:\/\/textundblog.de\/index.php?rest_route=%2Fwp%2Fv2%2Fcategories&post=10208"},{"taxonomy":"post_tag","embeddable":true,"href":"https:\/\/textundblog.de\/index.php?rest_route=%2Fwp%2Fv2%2Ftags&post=10208"}],"curies":[{"name":"wp","href":"https:\/\/api.w.org\/{rel}","templated":true}]}}