{"id":10206,"date":"2022-06-19T11:56:11","date_gmt":"2022-06-19T09:56:11","guid":{"rendered":"https:\/\/textundblog.de\/?p=10206"},"modified":"2022-06-19T11:56:11","modified_gmt":"2022-06-19T09:56:11","slug":"rammstein-und-die-schallwellen","status":"publish","type":"post","link":"https:\/\/textundblog.de\/?p=10206","title":{"rendered":"Rammstein und die Schallwellen"},"content":{"rendered":"<p><a href=\"https:\/\/textundblog.de\/?tag=tweetderwoche\"> <img loading=\"lazy\" decoding=\"async\" src=\"wp-images\/tweetderwoche2-200x96.jpg\" alt=\"Tweet der Woche\" title=\"Tweet der Woche\" height=\"96\" width=\"200\" class=\"bildrechts\" \/><\/a> Diese Woche hat Rammstein im Volkspark-Stadion zwei Konzerte gegeben, die so laut waren, dass man sie in <a href=\"https:\/\/twitter.com\/textundblog\/status\/1537175282259480583\">Bahrenfeld<\/a> und sogar noch weiter hinein nach Altona h\u00f6ren konnte. Das <a href=\"https:\/\/twitter.com\/desy\/\">@Desy<\/a> (Beschleunigerzentrum Deutsche Elektronen-Synchrotron) hat zu den Auswirkungen der Rammstein\u2019schen Schallwellen auf den Teilchenbeschleuniger getwittert, f\u00fcr mich der Tweet der Woche:<\/p>\n<blockquote class=\"twitter-tweet\" data-width=\"500\" data-dnt=\"true\">\n<p lang=\"de\" dir=\"ltr\">Hallo <a href=\"https:\/\/twitter.com\/hashtag\/Rammstein?src=hash&amp;ref_src=twsrc%5Etfw\">#Rammstein<\/a>! Ihr habt unseren Teilchenbeschleuniger gerockt! So heftig waren die Seismometer-Ausschl\u00e4ge noch bei keinem Konzert nebenan im Volkspark in diesem Jahr. ? <a href=\"https:\/\/twitter.com\/RSprachrohr?ref_src=twsrc%5Etfw\">@RSprachrohr<\/a> <br \/>(Es misst routinem\u00e4\u00dfig Bodenschwingungen &#8211; nicht Schallwellen! &#8211; am Beschleuniger PETRA III.) <a href=\"https:\/\/t.co\/rMVVuGZk2O\">pic.twitter.com\/rMVVuGZk2O<\/a><\/p>\n<p>&mdash; DESY (Deutsch) (@desy) <a href=\"https:\/\/twitter.com\/desy\/status\/1537799422972776449?ref_src=twsrc%5Etfw\">June 17, 2022<\/a><\/p><\/blockquote>\n<p><script async src=\"https:\/\/platform.twitter.com\/widgets.js\" charset=\"utf-8\"><\/script><\/p>\n<p>Hier geht&#8217;s zu den vergangenen <a href=\"https:\/\/textundblog.de\/?tag=tweetderwoche\">Tweets der Woche<\/a>.<\/p>\n","protected":false},"excerpt":{"rendered":"<p>Diese Woche hat Rammstein im Volkspark-Stadion zwei Konzerte gegeben, die so laut waren, dass man sie in Bahrenfeld und sogar noch weiter hinein nach Altona h\u00f6ren konnte. Das @Desy (Beschleunigerzentrum Deutsche Elektronen-Synchrotron) hat zu den Auswirkungen der Rammstein\u2019schen Schallwellen auf den Teilchenbeschleuniger getwittert, f\u00fcr mich der Tweet der Woche: Hallo #Rammstein! Ihr habt unseren Teilchenbeschleuniger [&hellip;]<\/p>\n","protected":false},"author":1,"featured_media":0,"comment_status":"open","ping_status":"open","sticky":false,"template":"","format":"standard","meta":{"site-sidebar-layout":"default","site-content-layout":"","ast-site-content-layout":"default","site-content-style":"default","site-sidebar-style":"default","ast-global-header-display":"","ast-banner-title-visibility":"","ast-main-header-display":"","ast-hfb-above-header-display":"","ast-hfb-below-header-display":"","ast-hfb-mobile-header-display":"","site-post-title":"","ast-breadcrumbs-content":"","ast-featured-img":"","footer-sml-layout":"","theme-transparent-header-meta":"","adv-header-id-meta":"","stick-header-meta":"","header-above-stick-meta":"","header-main-stick-meta":"","header-below-stick-meta":"","astra-migrate-meta-layouts":"default","ast-page-background-enabled":"default","ast-page-background-meta":{"desktop":{"background-color":"var(--ast-global-color-4)","background-image":"","background-repeat":"repeat","background-position":"center center","background-size":"auto","background-attachment":"scroll","background-type":"","background-media":"","overlay-type":"","overlay-color":"","overlay-opacity":"","overlay-gradient":""},"tablet":{"background-color":"","background-image":"","background-repeat":"repeat","background-position":"center center","background-size":"auto","background-attachment":"scroll","background-type":"","background-media":"","overlay-type":"","overlay-color":"","overlay-opacity":"","overlay-gradient":""},"mobile":{"background-color":"","background-image":"","background-repeat":"repeat","background-position":"center center","background-size":"auto","background-attachment":"scroll","background-type":"","background-media":"","overlay-type":"","overlay-color":"","overlay-opacity":"","overlay-gradient":""}},"ast-content-background-meta":{"desktop":{"background-color":"var(--ast-global-color-5)","background-image":"","background-repeat":"repeat","background-position":"center center","background-size":"auto","background-attachment":"scroll","background-type":"","background-media":"","overlay-type":"","overlay-color":"","overlay-opacity":"","overlay-gradient":""},"tablet":{"background-color":"var(--ast-global-color-5)","background-image":"","background-repeat":"repeat","background-position":"center center","background-size":"auto","background-attachment":"scroll","background-type":"","background-media":"","overlay-type":"","overlay-color":"","overlay-opacity":"","overlay-gradient":""},"mobile":{"background-color":"var(--ast-global-color-5)","background-image":"","background-repeat":"repeat","background-position":"center center","background-size":"auto","background-attachment":"scroll","background-type":"","background-media":"","overlay-type":"","overlay-color":"","overlay-opacity":"","overlay-gradient":""}},"ngg_post_thumbnail":0,"jetpack_post_was_ever_published":false,"_jetpack_newsletter_access":"","_jetpack_dont_email_post_to_subs":false,"_jetpack_newsletter_tier_id":0,"_jetpack_memberships_contains_paywalled_content":false,"_jetpack_memberships_contains_paid_content":false,"footnotes":""},"categories":[33,11,7],"tags":[77],"class_list":["post-10206","post","type-post","status-publish","format-standard","hentry","category-twitter","category-literatur","category-musik","tag-tweetderwoche"],"jetpack_featured_media_url":"","jetpack_sharing_enabled":true,"jetpack_shortlink":"https:\/\/wp.me\/p4uzZ-2EC","jetpack-related-posts":[{"id":2439,"url":"https:\/\/textundblog.de\/?p=2439","url_meta":{"origin":10206,"position":0},"title":"Schrottige Schaufensterdeko im Schabernack","author":"Markus","date":"10\/8\/2008","format":false,"excerpt":"Bilder auf Flickr in gro\u00df, bitte anklicken. Auf dem Weg zum Badminton (Cabriosport, nur ein paar hundert Meter von mir entfernt, deshalb kann ich dort immer locker zu Fu\u00df hingehen) bin ich heute Nachmittag in der Wandsbeker Zollstra\u00dfe auf diese Schaufensterdeko gesto\u00dfen, die wirklich das Schrottigste ist, was ich jemals\u2026","rel":"","context":"In &quot;Internet&quot;","block_context":{"text":"Internet","link":"https:\/\/textundblog.de\/?cat=4"},"img":{"alt_text":"Schabernack Wandsbek","src":"https:\/\/i0.wp.com\/textundblog.de\/wp-content\/schabernack1.jpg?resize=350%2C200&ssl=1","width":350,"height":200},"classes":[]},{"id":6228,"url":"https:\/\/textundblog.de\/?p=6228","url_meta":{"origin":10206,"position":1},"title":"Tweet der Woche: Konsequente W\u00fcrdigung","author":"Markus","date":"8\/8\/2014","format":false,"excerpt":"Vom nicht gew\u00e4hrten Asyl f\u00fcr Snowden war ja diese Woche schon mal die Rede im Artikel \u00abNothilfe f\u00fcr das Recht\u00bb. Schon ein paar Tage vor dem lesenswerten Debattenbeitrag von Heribert Prantl hat sich auf Twitter jemand zu dem Thema ge\u00e4u\u00dfert und einen so bedingungslosen wie wahren Satz ver\u00f6ffentlicht. Leider ist\u2026","rel":"","context":"In &quot;Bluesky&quot;","block_context":{"text":"Bluesky","link":"https:\/\/textundblog.de\/?cat=33"},"img":{"alt_text":"Tweet der Woche von @esteinhauer","src":"https:\/\/i0.wp.com\/textundblog.de\/wp-content\/tweetderwocheesteinhauer.jpg?resize=350%2C200&ssl=1","width":350,"height":200,"srcset":"https:\/\/i0.wp.com\/textundblog.de\/wp-content\/tweetderwocheesteinhauer.jpg?resize=350%2C200&ssl=1 1x, https:\/\/i0.wp.com\/textundblog.de\/wp-content\/tweetderwocheesteinhauer.jpg?resize=525%2C300&ssl=1 1.5x"},"classes":[]},{"id":10259,"url":"https:\/\/textundblog.de\/?p=10259","url_meta":{"origin":10206,"position":2},"title":"Wieder was gelernt","author":"Markus","date":"24\/7\/2022","format":false,"excerpt":"Nach der Lekt\u00fcre mancher Tweets denke ich \u201eWieder was gelernt\u201c. Der Tweet der Woche von SZ-Journalist und Autor @RonenSteinke geh\u00f6rt in diese Kategorie: https:\/\/twitter.com\/ronensteinke\/status\/1550969026796453890?s=21&t=BM_BxS0dp6YiBnXQrdO9RA Hier geht's zu den vergangenen Tweets der Woche.","rel":"","context":"In &quot;Bluesky&quot;","block_context":{"text":"Bluesky","link":"https:\/\/textundblog.de\/?cat=33"},"img":{"alt_text":"Tweet der Woche","src":"wp-images\/tweetderwoche2-200x96.jpg","width":350,"height":200},"classes":[]},{"id":4524,"url":"https:\/\/textundblog.de\/?p=4524","url_meta":{"origin":10206,"position":3},"title":"Tweet der Woche bringt es auf den Punkt: Wir treten vom Bundespr\u00e4sidenten zur\u00fcck","author":"Markus","date":"3\/2\/2012","format":false,"excerpt":"Wir haben mit Guido Westerwelle einen Au\u00dfenminister, der wie kaum ein anderer deutscher Politiker f\u00fcr Unf\u00e4higkeit und \u00dcberforderung im Amt steht. Was die Bev\u00f6lkerung von Westerwelle h\u00e4lt, zeigt sich auch an dessen kontinuierlichem Umfragetief. Im Ranking der Politiker im ARD Deutschlandtrend h\u00e4lt Guido stets die Rote Laterne fest im Griff.\u2026","rel":"","context":"In &quot;Bluesky&quot;","block_context":{"text":"Bluesky","link":"https:\/\/textundblog.de\/?cat=33"},"img":{"alt_text":"Tweet der Woche von @pbbmarx","src":"https:\/\/i0.wp.com\/textundblog.de\/wp-content\/pbbmarx.png?resize=350%2C200&ssl=1","width":350,"height":200},"classes":[]},{"id":6823,"url":"https:\/\/textundblog.de\/?p=6823","url_meta":{"origin":10206,"position":4},"title":"Niemals vergessen","author":"Markus","date":"13\/11\/2015","format":false,"excerpt":"Wer sagt denn, dass der \u00abTweet der Woche\u00bb immer ein witziger sein muss? So sehr ich gerade den Humor auf Twitter sch\u00e4tze, so gut finde ich es, wenn's mal ein bisschen nachdenklicher wird. Die am 9. November gepostete Mahnung von @RafSteinberger ist leider aktueller denn je: https:\/\/twitter.com\/RafSteinberger\/status\/663611956704772096 Hier geht's zu\u2026","rel":"","context":"In &quot;Bluesky&quot;","block_context":{"text":"Bluesky","link":"https:\/\/textundblog.de\/?cat=33"},"img":{"alt_text":"Tweet der Woche","src":"wp-images\/tweetderwoche2-200x96.jpg","width":350,"height":200},"classes":[]},{"id":6448,"url":"https:\/\/textundblog.de\/?p=6448","url_meta":{"origin":10206,"position":5},"title":"Menschen, die auf Kacheln starren","author":"Markus","date":"28\/11\/2014","format":false,"excerpt":"Geh\u00f6rt ihr auch zu denen, die Dinge z\u00e4hlen, die im Alltag auftauchen? Treppenstufen, Tasten und Kn\u00f6pfe auf Tastaturen? Oder gar Bordsteinsteine? Unglaublich, was Menschen mit Z\u00e4hlzwang so alles z\u00e4hlen. Fachbegriff f\u00fcr diese Zwangsst\u00f6rung ist - wieder was gelernt - Arithmomanie, siehe Wikipedia. Im Tweet der Woche benennt @stporombka eine besonders\u2026","rel":"","context":"In &quot;Bluesky&quot;","block_context":{"text":"Bluesky","link":"https:\/\/textundblog.de\/?cat=33"},"img":{"alt_text":"Tweet der Woche","src":"wp-images\/tweetderwoche2-200x96.jpg","width":350,"height":200},"classes":[]}],"_links":{"self":[{"href":"https:\/\/textundblog.de\/index.php?rest_route=\/wp\/v2\/posts\/10206","targetHints":{"allow":["GET"]}}],"collection":[{"href":"https:\/\/textundblog.de\/index.php?rest_route=\/wp\/v2\/posts"}],"about":[{"href":"https:\/\/textundblog.de\/index.php?rest_route=\/wp\/v2\/types\/post"}],"author":[{"embeddable":true,"href":"https:\/\/textundblog.de\/index.php?rest_route=\/wp\/v2\/users\/1"}],"replies":[{"embeddable":true,"href":"https:\/\/textundblog.de\/index.php?rest_route=%2Fwp%2Fv2%2Fcomments&post=10206"}],"version-history":[{"count":0,"href":"https:\/\/textundblog.de\/index.php?rest_route=\/wp\/v2\/posts\/10206\/revisions"}],"wp:attachment":[{"href":"https:\/\/textundblog.de\/index.php?rest_route=%2Fwp%2Fv2%2Fmedia&parent=10206"}],"wp:term":[{"taxonomy":"category","embeddable":true,"href":"https:\/\/textundblog.de\/index.php?rest_route=%2Fwp%2Fv2%2Fcategories&post=10206"},{"taxonomy":"post_tag","embeddable":true,"href":"https:\/\/textundblog.de\/index.php?rest_route=%2Fwp%2Fv2%2Ftags&post=10206"}],"curies":[{"name":"wp","href":"https:\/\/api.w.org\/{rel}","templated":true}]}}