{"id":10166,"date":"2022-04-24T12:33:08","date_gmt":"2022-04-24T10:33:08","guid":{"rendered":"https:\/\/textundblog.de\/?p=10166"},"modified":"2022-04-24T12:37:04","modified_gmt":"2022-04-24T10:37:04","slug":"wenn-ich-einen-schwan-seh","status":"publish","type":"post","link":"https:\/\/textundblog.de\/?p=10166","title":{"rendered":"Wenn ich einen Schwan seh"},"content":{"rendered":"<p><a href=\"https:\/\/textundblog.de\/?tag=tweetderwoche\"> <img loading=\"lazy\" decoding=\"async\" src=\"wp-images\/tweetderwoche2-200x96.jpg\" alt=\"Tweet der Woche\" title=\"Tweet der Woche\" height=\"96\" width=\"200\" class=\"bildrechts\" \/><\/a> Der Tweet der Woche kommt dieses Mal von <a href=\"https:\/\/twitter.com\/gorgone971\">@gorgone971<\/a>. Es ist ein Foto. Und was f\u00fcr eins! Herrlich, das konkret darauf Abgebildete mit dem kulturellen Hintergrund von uns Betrachtenden abzugleichen (gilt aber nicht f\u00fcr die Vorschau des eingebetteten Tweets, die ein wichtiges Detail des Fotos im unteren Teil unterschl\u00e4gt, deshalb bitte den <a href=\"https:\/\/twitter.com\/gorgone971\/status\/1516817300028071938?s=21&#038;t=UuGKAP1tPqCMjLWzql7olg\">Tweet unter diesem Link<\/a> betrachten):<\/p>\n<blockquote class=\"twitter-tweet\" data-width=\"500\" data-dnt=\"true\">\n<p lang=\"qme\" dir=\"ltr\">? <a href=\"https:\/\/t.co\/7Bt6whbCFe\">pic.twitter.com\/7Bt6whbCFe<\/a><\/p>\n<p>&mdash; Patrick (@gorgone971) <a href=\"https:\/\/twitter.com\/gorgone971\/status\/1516817300028071938?ref_src=twsrc%5Etfw\">April 20, 2022<\/a><\/p><\/blockquote>\n<p><script async src=\"https:\/\/platform.twitter.com\/widgets.js\" charset=\"utf-8\"><\/script><\/p>\n<p>Hier geht&#8217;s zu den vergangenen <a href=\"https:\/\/textundblog.de\/?tag=tweetderwoche\">Tweets der Woche<\/a>.<\/p>\n","protected":false},"excerpt":{"rendered":"<p>Der Tweet der Woche kommt dieses Mal von @gorgone971. Es ist ein Foto. Und was f\u00fcr eins! Herrlich, das konkret darauf Abgebildete mit dem kulturellen Hintergrund von uns Betrachtenden abzugleichen (gilt aber nicht f\u00fcr die Vorschau des eingebetteten Tweets, die ein wichtiges Detail des Fotos im unteren Teil unterschl\u00e4gt, deshalb bitte den Tweet unter diesem [&hellip;]<\/p>\n","protected":false},"author":1,"featured_media":0,"comment_status":"open","ping_status":"open","sticky":false,"template":"","format":"standard","meta":{"site-sidebar-layout":"default","site-content-layout":"","ast-site-content-layout":"default","site-content-style":"default","site-sidebar-style":"default","ast-global-header-display":"","ast-banner-title-visibility":"","ast-main-header-display":"","ast-hfb-above-header-display":"","ast-hfb-below-header-display":"","ast-hfb-mobile-header-display":"","site-post-title":"","ast-breadcrumbs-content":"","ast-featured-img":"","footer-sml-layout":"","theme-transparent-header-meta":"","adv-header-id-meta":"","stick-header-meta":"","header-above-stick-meta":"","header-main-stick-meta":"","header-below-stick-meta":"","astra-migrate-meta-layouts":"default","ast-page-background-enabled":"default","ast-page-background-meta":{"desktop":{"background-color":"var(--ast-global-color-4)","background-image":"","background-repeat":"repeat","background-position":"center center","background-size":"auto","background-attachment":"scroll","background-type":"","background-media":"","overlay-type":"","overlay-color":"","overlay-opacity":"","overlay-gradient":""},"tablet":{"background-color":"","background-image":"","background-repeat":"repeat","background-position":"center center","background-size":"auto","background-attachment":"scroll","background-type":"","background-media":"","overlay-type":"","overlay-color":"","overlay-opacity":"","overlay-gradient":""},"mobile":{"background-color":"","background-image":"","background-repeat":"repeat","background-position":"center center","background-size":"auto","background-attachment":"scroll","background-type":"","background-media":"","overlay-type":"","overlay-color":"","overlay-opacity":"","overlay-gradient":""}},"ast-content-background-meta":{"desktop":{"background-color":"var(--ast-global-color-5)","background-image":"","background-repeat":"repeat","background-position":"center center","background-size":"auto","background-attachment":"scroll","background-type":"","background-media":"","overlay-type":"","overlay-color":"","overlay-opacity":"","overlay-gradient":""},"tablet":{"background-color":"var(--ast-global-color-5)","background-image":"","background-repeat":"repeat","background-position":"center center","background-size":"auto","background-attachment":"scroll","background-type":"","background-media":"","overlay-type":"","overlay-color":"","overlay-opacity":"","overlay-gradient":""},"mobile":{"background-color":"var(--ast-global-color-5)","background-image":"","background-repeat":"repeat","background-position":"center center","background-size":"auto","background-attachment":"scroll","background-type":"","background-media":"","overlay-type":"","overlay-color":"","overlay-opacity":"","overlay-gradient":""}},"ngg_post_thumbnail":0,"jetpack_post_was_ever_published":false,"_jetpack_newsletter_access":"","_jetpack_dont_email_post_to_subs":false,"_jetpack_newsletter_tier_id":0,"_jetpack_memberships_contains_paywalled_content":false,"_jetpack_memberships_contains_paid_content":false,"footnotes":""},"categories":[33,11],"tags":[77],"class_list":["post-10166","post","type-post","status-publish","format-standard","hentry","category-twitter","category-literatur","tag-tweetderwoche"],"jetpack_featured_media_url":"","jetpack_sharing_enabled":true,"jetpack_shortlink":"https:\/\/wp.me\/p4uzZ-2DY","jetpack-related-posts":[{"id":9781,"url":"https:\/\/textundblog.de\/?p=9781","url_meta":{"origin":10166,"position":0},"title":"Tierische Selfies","author":"Markus","date":"25\/4\/2021","format":false,"excerpt":"Gerade in diesen Zeiten ist Lachen wichtiger denn je. Und ich hab schon lange nicht mehr so viel gelacht wie beim Betrachten der Bilder dieses Threads. Deshalb ist das Posting von @joaquimcampa f\u00fcr mich der Tweet der Woche: https:\/\/twitter.com\/joaquimcampa\/status\/1386030529250832388?s=21 Hier geht's zu den vergangenen Tweets der Woche.","rel":"","context":"In &quot;Bluesky&quot;","block_context":{"text":"Bluesky","link":"https:\/\/textundblog.de\/?cat=33"},"img":{"alt_text":"Tweet der Woche","src":"wp-images\/tweetderwoche2-200x96.jpg","width":350,"height":200},"classes":[]},{"id":5238,"url":"https:\/\/textundblog.de\/?p=5238","url_meta":{"origin":10166,"position":1},"title":"Tweet der Woche: Politisches pers\u00f6nlich erfahren","author":"Markus","date":"25\/1\/2013","format":false,"excerpt":"Politische oder historische Prozesse kann man immer von zwei Seiten betrachten: von der offiziellen, staatlichen Seite aus, oder aus der privaten Realit\u00e4t derer, die diese Politik oder Geschichte ganz real erleben. In dieser Woche ist das wieder deutlich geworden, durch die Divergenz von staatlichen Erinnerungsfeiern zu 50 Jahre Elys\u00e9e-Vertrag und\u2026","rel":"","context":"In &quot;Bluesky&quot;","block_context":{"text":"Bluesky","link":"https:\/\/textundblog.de\/?cat=33"},"img":{"alt_text":"","src":"https:\/\/i0.wp.com\/textundblog.de\/wp-content\/manumelm.png?resize=350%2C200&ssl=1","width":350,"height":200},"classes":[]},{"id":6348,"url":"https:\/\/textundblog.de\/?p=6348","url_meta":{"origin":10166,"position":2},"title":"Ein Bild sagt mehr als 140 Zeichen","author":"Markus","date":"10\/10\/2014","format":false,"excerpt":"Crossmedialit\u00e4t hin oder her, es ist die tiefe Traurigkeit des erwachsenen Snoopy, im schleppenden Schritt zur\u00fcckdenkend an die sch\u00f6nen Tage auf der Hundeh\u00fctte, das uns so ber\u00fchrt. Ein Bild sagt mehr als 140 Zeichen. Und das Bild, das Frau @Fragmente heute auf Twitter geteilt hat, sagt uns Betrachtern eben besonders\u2026","rel":"","context":"In &quot;Bluesky&quot;","block_context":{"text":"Bluesky","link":"https:\/\/textundblog.de\/?cat=33"},"img":{"alt_text":"Tweet der Woche","src":"wp-images\/tweetderwoche2-200x96.jpg","width":350,"height":200},"classes":[]},{"id":7123,"url":"https:\/\/textundblog.de\/?p=7123","url_meta":{"origin":10166,"position":3},"title":"Medienkritik","author":"Markus","date":"10\/6\/2016","format":false,"excerpt":"Wie so viele von uns, bin auch ich begeistert von Netflix. Wie so viele von uns, mag ich die epische Breite des Erz\u00e4hlens im Serienformat. Wie so viele von uns, freue ich mich, dass bald die 4. Staffel von Orange is the New Black ausgestrahlt wird. Man kann und muss\u2026","rel":"","context":"In &quot;Kino&quot;","block_context":{"text":"Kino","link":"https:\/\/textundblog.de\/?cat=2"},"img":{"alt_text":"Tweet der Woche","src":"wp-images\/tweetderwoche2-200x96.jpg","width":350,"height":200},"classes":[]},{"id":6262,"url":"https:\/\/textundblog.de\/?p=6262","url_meta":{"origin":10166,"position":4},"title":"Pareidolia \u2013 eine eigene Welt auf Twitter","author":"Markus","date":"15\/8\/2014","format":false,"excerpt":"Wisst ihr, was Pareidolie ist? Nein? Ich wusste es bis gestern auch nicht. Darauf gesto\u00dfen bin ich bei der Recherche nach dem Hashtag #pareidoliaproject. In der Wikipedia lernen wir: Pareidolie \u2026 bezeichnet das Ph\u00e4nomen, in Dingen und Mustern vermeintliche Gesichter und vertraute Wesen oder Gegenst\u00e4nde zu erkennen. Statt Tweet der\u2026","rel":"","context":"In &quot;Bluesky&quot;","block_context":{"text":"Bluesky","link":"https:\/\/textundblog.de\/?cat=33"},"img":{"alt_text":"Tweet der Woche","src":"wp-images\/tweetderwoche2-200x96.jpg","width":350,"height":200},"classes":[]},{"id":5109,"url":"https:\/\/textundblog.de\/?p=5109","url_meta":{"origin":10166,"position":5},"title":"Tweet der Woche mit medialem Aufkl\u00e4rungspotenzial","author":"Markus","date":"16\/11\/2012","format":false,"excerpt":"Im Kampf gegen schn\u00f6des Abwarten auf Kino- und\/oder TV-Ausstrahlung im Free-TV versuchen DVDs uns dadurch vom Kauf ihrer selbst zu \u00fcberzeugen, indem sie mit jeder Menge Bonus-Features an den Start gehen. Zum zus\u00e4tzlichen Material geh\u00f6ren neben Interviews mit den Filmschaffenden, jede Menge Extra-Szenen und OFF-Kommentare zum Gezeigten, Director's cut, eingesprochene\u2026","rel":"","context":"In &quot;Bluesky&quot;","block_context":{"text":"Bluesky","link":"https:\/\/textundblog.de\/?cat=33"},"img":{"alt_text":"Tweet der Woche von @Kaltmamsell","src":"https:\/\/i0.wp.com\/textundblog.de\/wp-content\/kaltmamsell-tdw-112012.jpg?resize=350%2C200&ssl=1","width":350,"height":200},"classes":[]}],"_links":{"self":[{"href":"https:\/\/textundblog.de\/index.php?rest_route=\/wp\/v2\/posts\/10166","targetHints":{"allow":["GET"]}}],"collection":[{"href":"https:\/\/textundblog.de\/index.php?rest_route=\/wp\/v2\/posts"}],"about":[{"href":"https:\/\/textundblog.de\/index.php?rest_route=\/wp\/v2\/types\/post"}],"author":[{"embeddable":true,"href":"https:\/\/textundblog.de\/index.php?rest_route=\/wp\/v2\/users\/1"}],"replies":[{"embeddable":true,"href":"https:\/\/textundblog.de\/index.php?rest_route=%2Fwp%2Fv2%2Fcomments&post=10166"}],"version-history":[{"count":0,"href":"https:\/\/textundblog.de\/index.php?rest_route=\/wp\/v2\/posts\/10166\/revisions"}],"wp:attachment":[{"href":"https:\/\/textundblog.de\/index.php?rest_route=%2Fwp%2Fv2%2Fmedia&parent=10166"}],"wp:term":[{"taxonomy":"category","embeddable":true,"href":"https:\/\/textundblog.de\/index.php?rest_route=%2Fwp%2Fv2%2Fcategories&post=10166"},{"taxonomy":"post_tag","embeddable":true,"href":"https:\/\/textundblog.de\/index.php?rest_route=%2Fwp%2Fv2%2Ftags&post=10166"}],"curies":[{"name":"wp","href":"https:\/\/api.w.org\/{rel}","templated":true}]}}