{"id":10156,"date":"2022-04-10T14:42:48","date_gmt":"2022-04-10T12:42:48","guid":{"rendered":"https:\/\/textundblog.de\/?p=10156"},"modified":"2022-04-10T14:44:58","modified_gmt":"2022-04-10T12:44:58","slug":"lindner-wollte-doch-nicht-falsch-regieren","status":"publish","type":"post","link":"https:\/\/textundblog.de\/?p=10156","title":{"rendered":"Lindner wollte doch nicht falsch regieren"},"content":{"rendered":"<p><a href=\"https:\/\/textundblog.de\/?tag=tweetderwoche\"> <img loading=\"lazy\" decoding=\"async\" src=\"wp-images\/tweetderwoche2-200x96.jpg\" alt=\"Tweet der Woche\" title=\"Tweet der Woche\" height=\"96\" width=\"200\" class=\"bildrechts\" \/><\/a> Mehr muss zur Einsch\u00e4tzung der aktuellen Regierungsbeteiligung der FDP an der Ampel-Koalition nicht gesagt werden. F\u00fcr mich kommt der Tweet der Woche von <a href=\"https:\/\/twitter.com\/mondschaf23\">@mondschaf23<\/a>:<\/p>\n<blockquote class=\"twitter-tweet\" data-width=\"500\" data-dnt=\"true\">\n<p lang=\"de\" dir=\"ltr\">&quot;Lieber gar nicht regieren, als falsch regieren&quot;, sagte Lindner 2017.<\/p>\n<p>Offensichtlich hat er seine Meinung ge\u00e4ndert.<\/p>\n<p>&mdash; Sebastian 23 (@mondschaf23) <a href=\"https:\/\/twitter.com\/mondschaf23\/status\/1512340402971500544?ref_src=twsrc%5Etfw\">April 8, 2022<\/a><\/p><\/blockquote>\n<p><script async src=\"https:\/\/platform.twitter.com\/widgets.js\" charset=\"utf-8\"><\/script><\/p>\n<p>Hier geht&#8217;s zu den vergangenen <a href=\"https:\/\/textundblog.de\/?tag=tweetderwoche\">Tweets der Woche<\/a>.<\/p>\n","protected":false},"excerpt":{"rendered":"<p>Mehr muss zur Einsch\u00e4tzung der aktuellen Regierungsbeteiligung der FDP an der Ampel-Koalition nicht gesagt werden. F\u00fcr mich kommt der Tweet der Woche von @mondschaf23: &quot;Lieber gar nicht regieren, als falsch regieren&quot;, sagte Lindner 2017. Offensichtlich hat er seine Meinung ge\u00e4ndert. &mdash; Sebastian 23 (@mondschaf23) April 8, 2022 Hier geht&#8217;s zu den vergangenen Tweets der Woche.<\/p>\n","protected":false},"author":1,"featured_media":0,"comment_status":"open","ping_status":"open","sticky":false,"template":"","format":"standard","meta":{"site-sidebar-layout":"default","site-content-layout":"","ast-site-content-layout":"default","site-content-style":"default","site-sidebar-style":"default","ast-global-header-display":"","ast-banner-title-visibility":"","ast-main-header-display":"","ast-hfb-above-header-display":"","ast-hfb-below-header-display":"","ast-hfb-mobile-header-display":"","site-post-title":"","ast-breadcrumbs-content":"","ast-featured-img":"","footer-sml-layout":"","theme-transparent-header-meta":"","adv-header-id-meta":"","stick-header-meta":"","header-above-stick-meta":"","header-main-stick-meta":"","header-below-stick-meta":"","astra-migrate-meta-layouts":"default","ast-page-background-enabled":"default","ast-page-background-meta":{"desktop":{"background-color":"var(--ast-global-color-4)","background-image":"","background-repeat":"repeat","background-position":"center center","background-size":"auto","background-attachment":"scroll","background-type":"","background-media":"","overlay-type":"","overlay-color":"","overlay-opacity":"","overlay-gradient":""},"tablet":{"background-color":"","background-image":"","background-repeat":"repeat","background-position":"center center","background-size":"auto","background-attachment":"scroll","background-type":"","background-media":"","overlay-type":"","overlay-color":"","overlay-opacity":"","overlay-gradient":""},"mobile":{"background-color":"","background-image":"","background-repeat":"repeat","background-position":"center center","background-size":"auto","background-attachment":"scroll","background-type":"","background-media":"","overlay-type":"","overlay-color":"","overlay-opacity":"","overlay-gradient":""}},"ast-content-background-meta":{"desktop":{"background-color":"var(--ast-global-color-5)","background-image":"","background-repeat":"repeat","background-position":"center center","background-size":"auto","background-attachment":"scroll","background-type":"","background-media":"","overlay-type":"","overlay-color":"","overlay-opacity":"","overlay-gradient":""},"tablet":{"background-color":"var(--ast-global-color-5)","background-image":"","background-repeat":"repeat","background-position":"center center","background-size":"auto","background-attachment":"scroll","background-type":"","background-media":"","overlay-type":"","overlay-color":"","overlay-opacity":"","overlay-gradient":""},"mobile":{"background-color":"var(--ast-global-color-5)","background-image":"","background-repeat":"repeat","background-position":"center center","background-size":"auto","background-attachment":"scroll","background-type":"","background-media":"","overlay-type":"","overlay-color":"","overlay-opacity":"","overlay-gradient":""}},"ngg_post_thumbnail":0,"jetpack_post_was_ever_published":false,"_jetpack_newsletter_access":"","_jetpack_dont_email_post_to_subs":false,"_jetpack_newsletter_tier_id":0,"_jetpack_memberships_contains_paywalled_content":false,"_jetpack_memberships_contains_paid_content":false,"footnotes":""},"categories":[11,9],"tags":[],"class_list":["post-10156","post","type-post","status-publish","format-standard","hentry","category-literatur","category-politik"],"jetpack_featured_media_url":"","jetpack_sharing_enabled":true,"jetpack_shortlink":"https:\/\/wp.me\/p4uzZ-2DO","jetpack-related-posts":[{"id":5349,"url":"https:\/\/textundblog.de\/?p=5349","url_meta":{"origin":10156,"position":0},"title":"Tweet der Woche: Am Tweet der Zeit","author":"Markus","date":"26\/4\/2013","format":false,"excerpt":"Der Tweet der Woche ist in dieser Woche ein Reply. Mit Assist aus dem fernen Osten quasi. Herr @giardino (Account gesch\u00fctzt) weilte auf der Seite der Weltkugel, wo die Sonne zuerst aufgeht. Um sich einen \u00dcberblick dar\u00fcber zu verschaffen, welche Uhrzeit es gerade in seiner Heimat ist, befragte er die\u2026","rel":"","context":"In &quot;Bluesky&quot;","block_context":{"text":"Bluesky","link":"https:\/\/textundblog.de\/?cat=33"},"img":{"alt_text":"","src":"https:\/\/i0.wp.com\/textundblog.de\/wp-content\/buddenbohm-tdw042013.png?resize=350%2C200&ssl=1","width":350,"height":200},"classes":[]},{"id":7102,"url":"https:\/\/textundblog.de\/?p=7102","url_meta":{"origin":10156,"position":1},"title":"Demokratie in der T\u00fcrkei faktisch abgeschafft","author":"Markus","date":"20\/5\/2016","format":false,"excerpt":"Auf die besorgniserregende Entwicklung in der T\u00fcrkei kann man fast nur noch mit Sarkasmus reagieren. Tweet der Woche zur Abschaffung der Demokratie in Ankara von @extra3: https:\/\/twitter.com\/extra3\/status\/733638631404015616 Hier geht's zu den vergangenen Tweets der Woche.","rel":"","context":"In &quot;Bluesky&quot;","block_context":{"text":"Bluesky","link":"https:\/\/textundblog.de\/?cat=33"},"img":{"alt_text":"Tweet der Woche","src":"wp-images\/tweetderwoche2-200x96.jpg","width":350,"height":200},"classes":[]},{"id":6881,"url":"https:\/\/textundblog.de\/?p=6881","url_meta":{"origin":10156,"position":2},"title":"Vertrauensvoll zum Br\u00f6tchen","author":"Markus","date":"4\/12\/2015","format":false,"excerpt":"Wer eine teure Anschaffung plant, muss auch seine Kreditw\u00fcrdigkeit nachweisen k\u00f6nnen. Gerade auf Reisen ein schwieriges Unterfangen. Doch dank Schufa (\u00abWir schaffen Vertrauen\u00bb) nicht unm\u00f6glich, wie @silvereisen im Tweet der Woche zu berichten wei\u00df: https:\/\/twitter.com\/silvereisen\/status\/672502175889809408 Hier geht's zu den vergangenen Tweets der Woche.","rel":"","context":"In &quot;Bluesky&quot;","block_context":{"text":"Bluesky","link":"https:\/\/textundblog.de\/?cat=33"},"img":{"alt_text":"Tweet der Woche","src":"wp-images\/tweetderwoche2-200x96.jpg","width":350,"height":200},"classes":[]},{"id":8485,"url":"https:\/\/textundblog.de\/?p=8485","url_meta":{"origin":10156,"position":3},"title":"Advent, Advent\u2026 die Kupferstiche brennen","author":"Markus","date":"10\/12\/2017","format":false,"excerpt":"Was @BirgitLippeck mit den Kupferstichen der @StabiHH geschaffen hat, ist wirklich bewundernswert. Ein frecher, h\u00f6chst kreativer Adventskalender, f\u00fcr den als pars pro toto das 7. T\u00fcrchen als Tweet der Woche ausgezeichnet werden soll: https:\/\/twitter.com\/BirgitLippeck\/status\/938677385418944512 Danke Birgit f\u00fcr diesen kreativen Umgang mit Kulturdaten. Ganz im Sinne Deines und unseres Engagements in\u2026","rel":"","context":"In &quot;Bluesky&quot;","block_context":{"text":"Bluesky","link":"https:\/\/textundblog.de\/?cat=33"},"img":{"alt_text":"Tweet der Woche","src":"wp-images\/tweetderwoche2-200x96.jpg","width":350,"height":200},"classes":[]},{"id":8518,"url":"https:\/\/textundblog.de\/?p=8518","url_meta":{"origin":10156,"position":4},"title":"Alter","author":"Markus","date":"26\/1\/2018","format":false,"excerpt":"Twitter ist auch ein Medium, in dem sich mit dem \u00c4lterwerden besch\u00e4ftigt wird. Dem eigenen, und dem der anderen. Eine sehr sch\u00f6ne Selbstbeobachtung auf diesem Gebiet hat @der_handwerk gemacht: https:\/\/twitter.com\/der_handwerk\/status\/956792789022531585 Hier geht's zu den vergangenen Tweets der Woche.","rel":"","context":"In &quot;Bluesky&quot;","block_context":{"text":"Bluesky","link":"https:\/\/textundblog.de\/?cat=33"},"img":{"alt_text":"Tweet der Woche","src":"wp-images\/tweetderwoche2-200x96.jpg","width":350,"height":200},"classes":[]},{"id":5109,"url":"https:\/\/textundblog.de\/?p=5109","url_meta":{"origin":10156,"position":5},"title":"Tweet der Woche mit medialem Aufkl\u00e4rungspotenzial","author":"Markus","date":"16\/11\/2012","format":false,"excerpt":"Im Kampf gegen schn\u00f6des Abwarten auf Kino- und\/oder TV-Ausstrahlung im Free-TV versuchen DVDs uns dadurch vom Kauf ihrer selbst zu \u00fcberzeugen, indem sie mit jeder Menge Bonus-Features an den Start gehen. Zum zus\u00e4tzlichen Material geh\u00f6ren neben Interviews mit den Filmschaffenden, jede Menge Extra-Szenen und OFF-Kommentare zum Gezeigten, Director's cut, eingesprochene\u2026","rel":"","context":"In &quot;Bluesky&quot;","block_context":{"text":"Bluesky","link":"https:\/\/textundblog.de\/?cat=33"},"img":{"alt_text":"Tweet der Woche von @Kaltmamsell","src":"https:\/\/i0.wp.com\/textundblog.de\/wp-content\/kaltmamsell-tdw-112012.jpg?resize=350%2C200&ssl=1","width":350,"height":200},"classes":[]}],"_links":{"self":[{"href":"https:\/\/textundblog.de\/index.php?rest_route=\/wp\/v2\/posts\/10156","targetHints":{"allow":["GET"]}}],"collection":[{"href":"https:\/\/textundblog.de\/index.php?rest_route=\/wp\/v2\/posts"}],"about":[{"href":"https:\/\/textundblog.de\/index.php?rest_route=\/wp\/v2\/types\/post"}],"author":[{"embeddable":true,"href":"https:\/\/textundblog.de\/index.php?rest_route=\/wp\/v2\/users\/1"}],"replies":[{"embeddable":true,"href":"https:\/\/textundblog.de\/index.php?rest_route=%2Fwp%2Fv2%2Fcomments&post=10156"}],"version-history":[{"count":0,"href":"https:\/\/textundblog.de\/index.php?rest_route=\/wp\/v2\/posts\/10156\/revisions"}],"wp:attachment":[{"href":"https:\/\/textundblog.de\/index.php?rest_route=%2Fwp%2Fv2%2Fmedia&parent=10156"}],"wp:term":[{"taxonomy":"category","embeddable":true,"href":"https:\/\/textundblog.de\/index.php?rest_route=%2Fwp%2Fv2%2Fcategories&post=10156"},{"taxonomy":"post_tag","embeddable":true,"href":"https:\/\/textundblog.de\/index.php?rest_route=%2Fwp%2Fv2%2Ftags&post=10156"}],"curies":[{"name":"wp","href":"https:\/\/api.w.org\/{rel}","templated":true}]}}