{"id":10140,"date":"2022-02-27T11:36:35","date_gmt":"2022-02-27T10:36:35","guid":{"rendered":"https:\/\/textundblog.de\/?p=10140"},"modified":"2022-02-27T11:36:35","modified_gmt":"2022-02-27T10:36:35","slug":"putin-ist-ein-kriegsverbrecher","status":"publish","type":"post","link":"https:\/\/textundblog.de\/?p=10140","title":{"rendered":"Putin ist ein Kriegsverbrecher"},"content":{"rendered":"<p><a href=\"https:\/\/textundblog.de\/?tag=tweetderwoche\"> <img loading=\"lazy\" decoding=\"async\" src=\"wp-images\/tweetderwoche2-200x96.jpg\" alt=\"Tweet der Woche\" title=\"Tweet der Woche\" height=\"96\" width=\"200\" class=\"bildrechts\" \/><\/a> Der russische Pr\u00e4sident Putin ist ein Kriegsverbrecher und muss f\u00fcr die von ihm mit dem Angriff auf die Ukraine initiierten Verbrechen gegen die Menschlichkeit verurteilt werden. Im Tweet der Woche bringt das <a href=\"https:\/\/twitter.com\/mathiasrichel\">@mathiasrichel<\/a> zum Ausdruck:<\/p>\n<p>https:\/\/twitter.com\/mathiasrichel\/status\/1497841625879519232?s=21<\/p>\n<p>Hintergrund: In Den Haag hat der Internationale Strafgerichtshof seinen Sitz. Seine Funktion wird laut <a href=\"https:\/\/de.wikipedia.org\/wiki\/Internationaler_Strafgerichtshof\">Wikipedia<\/a> so beschrieben:<\/p>\n<blockquote><p>Der Internationale Strafgerichtshof ist ein st\u00e4ndiges internationales Strafgericht mit Sitz in Den Haag (Niederlande) au\u00dferhalb der Vereinten Nationen.<\/p>\n<p>Seine Zust\u00e4ndigkeit umfasst die vier Kernverbrechen des V\u00f6lkerstrafrechts, n\u00e4mlich V\u00f6lkermord, Verbrechen gegen die Menschlichkeit, Verbrechen der Aggression und Kriegsverbrechen, soweit sie nach seiner Gr\u00fcndung begangen wurden.<\/p><\/blockquote>\n<p>Hier geht&#8217;s zu den vergangenen <a href=\"https:\/\/textundblog.de\/?tag=tweetderwoche\">Tweets der Woche<\/a>.<\/p>\n","protected":false},"excerpt":{"rendered":"<p>Der russische Pr\u00e4sident Putin ist ein Kriegsverbrecher und muss f\u00fcr die von ihm mit dem Angriff auf die Ukraine initiierten Verbrechen gegen die Menschlichkeit verurteilt werden. Im Tweet der Woche bringt das @mathiasrichel zum Ausdruck: https:\/\/twitter.com\/mathiasrichel\/status\/1497841625879519232?s=21 Hintergrund: In Den Haag hat der Internationale Strafgerichtshof seinen Sitz. Seine Funktion wird laut Wikipedia so beschrieben: Der Internationale [&hellip;]<\/p>\n","protected":false},"author":1,"featured_media":0,"comment_status":"open","ping_status":"open","sticky":false,"template":"","format":"standard","meta":{"site-sidebar-layout":"default","site-content-layout":"","ast-site-content-layout":"default","site-content-style":"default","site-sidebar-style":"default","ast-global-header-display":"","ast-banner-title-visibility":"","ast-main-header-display":"","ast-hfb-above-header-display":"","ast-hfb-below-header-display":"","ast-hfb-mobile-header-display":"","site-post-title":"","ast-breadcrumbs-content":"","ast-featured-img":"","footer-sml-layout":"","theme-transparent-header-meta":"","adv-header-id-meta":"","stick-header-meta":"","header-above-stick-meta":"","header-main-stick-meta":"","header-below-stick-meta":"","astra-migrate-meta-layouts":"default","ast-page-background-enabled":"default","ast-page-background-meta":{"desktop":{"background-color":"var(--ast-global-color-4)","background-image":"","background-repeat":"repeat","background-position":"center center","background-size":"auto","background-attachment":"scroll","background-type":"","background-media":"","overlay-type":"","overlay-color":"","overlay-opacity":"","overlay-gradient":""},"tablet":{"background-color":"","background-image":"","background-repeat":"repeat","background-position":"center center","background-size":"auto","background-attachment":"scroll","background-type":"","background-media":"","overlay-type":"","overlay-color":"","overlay-opacity":"","overlay-gradient":""},"mobile":{"background-color":"","background-image":"","background-repeat":"repeat","background-position":"center center","background-size":"auto","background-attachment":"scroll","background-type":"","background-media":"","overlay-type":"","overlay-color":"","overlay-opacity":"","overlay-gradient":""}},"ast-content-background-meta":{"desktop":{"background-color":"var(--ast-global-color-5)","background-image":"","background-repeat":"repeat","background-position":"center center","background-size":"auto","background-attachment":"scroll","background-type":"","background-media":"","overlay-type":"","overlay-color":"","overlay-opacity":"","overlay-gradient":""},"tablet":{"background-color":"var(--ast-global-color-5)","background-image":"","background-repeat":"repeat","background-position":"center center","background-size":"auto","background-attachment":"scroll","background-type":"","background-media":"","overlay-type":"","overlay-color":"","overlay-opacity":"","overlay-gradient":""},"mobile":{"background-color":"var(--ast-global-color-5)","background-image":"","background-repeat":"repeat","background-position":"center center","background-size":"auto","background-attachment":"scroll","background-type":"","background-media":"","overlay-type":"","overlay-color":"","overlay-opacity":"","overlay-gradient":""}},"ngg_post_thumbnail":0,"jetpack_post_was_ever_published":false,"_jetpack_newsletter_access":"","_jetpack_dont_email_post_to_subs":false,"_jetpack_newsletter_tier_id":0,"_jetpack_memberships_contains_paywalled_content":false,"_jetpack_memberships_contains_paid_content":false,"footnotes":""},"categories":[33,11,9],"tags":[],"class_list":["post-10140","post","type-post","status-publish","format-standard","hentry","category-twitter","category-literatur","category-politik"],"jetpack_featured_media_url":"","jetpack_sharing_enabled":true,"jetpack_shortlink":"https:\/\/wp.me\/p4uzZ-2Dy","jetpack-related-posts":[{"id":6267,"url":"https:\/\/textundblog.de\/?p=6267","url_meta":{"origin":10140,"position":0},"title":"Ferdinand von Schirach: Der Anwalt und die Sprache","author":"Markus","date":"20\/8\/2014","format":false,"excerpt":"Am Sonntag-Morgen hab ich wieder mal meine Lieblingssendung im Radio geh\u00f6rt: Spreeblick auf Flux.fm (die kommt immer sonntags von 10 bis 12 Uhr). Dieses Mal hatte Johnny Haeusler, der morgen \u00fcbrigens 50 wird, in seiner Interview-Sendung den Anwalt und Schriftsteller Ferdinand von Schirach zu Gast: Mit seinen Erz\u00e4hlb\u00e4nden \u2013 neben\u2026","rel":"","context":"In &quot;Literatur&quot;","block_context":{"text":"Literatur","link":"https:\/\/textundblog.de\/?cat=11"},"img":{"alt_text":"Ferdinand von Schirach","src":"https:\/\/i0.wp.com\/textundblog.de\/wp-content\/ferdinandvonschirach.jpg?resize=350%2C200&ssl=1","width":350,"height":200,"srcset":"https:\/\/i0.wp.com\/textundblog.de\/wp-content\/ferdinandvonschirach.jpg?resize=350%2C200&ssl=1 1x, https:\/\/i0.wp.com\/textundblog.de\/wp-content\/ferdinandvonschirach.jpg?resize=525%2C300&ssl=1 1.5x, https:\/\/i0.wp.com\/textundblog.de\/wp-content\/ferdinandvonschirach.jpg?resize=700%2C400&ssl=1 2x"},"classes":[]},{"id":6217,"url":"https:\/\/textundblog.de\/?p=6217","url_meta":{"origin":10140,"position":1},"title":"Prantl zum Asyl f\u00fcr Snowden: Nothilfe f\u00fcr das Recht","author":"Markus","date":"5\/8\/2014","format":false,"excerpt":"Die Haltung der deutschen Bundesregierung in Sachen Asyl f\u00fcr Edward Snowden ist einfach nur besch\u00e4mend. Der Ratschlag von Justizminister Maas, Snowden solle sich doch in den USA einem Verfahren stellen, ist nicht nur naiv sondern eine geradezu bodenlose Frechheit. Heribert Prantl hat in der SZ einen klugen Artikel dazu geschrieben,\u2026","rel":"","context":"In &quot;Artikel&quot;","block_context":{"text":"Artikel","link":"https:\/\/textundblog.de\/?cat=5"},"img":{"alt_text":"Asyl f\u00fcr Snowden","src":"https:\/\/i0.wp.com\/textundblog.de\/wp-content\/snowden-asyl.jpg?resize=350%2C200&ssl=1","width":350,"height":200,"srcset":"https:\/\/i0.wp.com\/textundblog.de\/wp-content\/snowden-asyl.jpg?resize=350%2C200&ssl=1 1x, https:\/\/i0.wp.com\/textundblog.de\/wp-content\/snowden-asyl.jpg?resize=525%2C300&ssl=1 1.5x, https:\/\/i0.wp.com\/textundblog.de\/wp-content\/snowden-asyl.jpg?resize=700%2C400&ssl=1 2x"},"classes":[]},{"id":3495,"url":"https:\/\/textundblog.de\/?p=3495","url_meta":{"origin":10140,"position":2},"title":"Dominik Graf: Im Angesicht des Verbrechens","author":"Markus","date":"27\/4\/2010","format":false,"excerpt":"Direktlink YouTube Nicht verpassen oder wenigstens aufzeichnen und zu gegebener Zeit schauen: Heute startet auf arte die Ausstrahlung von Dominik Grafs von allen in den Himmel gelobter TV-Serie \u00abIm Angesicht des Verbrechens\u00bb. Auf der Berlinale wurde das Mammutwerk ja in 2 Teilen gezeigt (2x5 Stunden, das hab ich mir aber\u2026","rel":"","context":"In &quot;Kino&quot;","block_context":{"text":"Kino","link":"https:\/\/textundblog.de\/?cat=2"},"img":{"alt_text":"Szenenfoto. \u00a9 ARD\/Julia von Vietinghoff","src":"https:\/\/i0.wp.com\/textundblog.de\/wp-content\/imangesichtdesverbrechens.jpg?resize=350%2C200&ssl=1","width":350,"height":200},"classes":[]},{"id":6893,"url":"https:\/\/textundblog.de\/?p=6893","url_meta":{"origin":10140,"position":3},"title":"Verfassungsschutzchef Maa\u00dfen verspricht Job in Straffreiheit","author":"Markus","date":"11\/12\/2015","format":false,"excerpt":"Der Tweet der Woche ist mal wieder ein Hashtag der Woche. Was @KatharinaKoenig angesto\u00dfen und gemeinsam mit anderen unter dem Hashtag #machwasduimmerwolltest fortgef\u00fchrt hat, ist so kreativ und gleichsam traurig, wie das Werben von Verfassungsschutzpr\u00e4sident Maa\u00dfen f\u00fcr einen Job in Straffreiheit unglaublich ist: https:\/\/twitter.com\/KatharinaKoenig\/status\/675274005419569152 Erst den O-Ton Maa\u00dfen anh\u00f6ren \u2013\u2026","rel":"","context":"In &quot;Bluesky&quot;","block_context":{"text":"Bluesky","link":"https:\/\/textundblog.de\/?cat=33"},"img":{"alt_text":"Tweet der Woche","src":"wp-images\/tweetderwoche2-200x96.jpg","width":350,"height":200},"classes":[]},{"id":4776,"url":"https:\/\/textundblog.de\/?p=4776","url_meta":{"origin":10140,"position":4},"title":"Tweet der Woche: Verbreche ud Retsel","author":"Markus","date":"6\/7\/2012","format":false,"excerpt":"Herr @Gllebitter ht eie Tweet geschriebe, der us icht ur Zeuge eies furchtbre Verbreches werde lesst, soder der - ud ds etbehrt icht eier gewisse Iroie \u2013 us uch och ei \u00fcber ds Krimilistische hiusgehedes Retsel ufgibt. Ei klrer Fll f\u00fcr de Tweet der Woche: Mit dem Retsel ist icht\u2026","rel":"","context":"In &quot;Bluesky&quot;","block_context":{"text":"Bluesky","link":"https:\/\/textundblog.de\/?cat=33"},"img":{"alt_text":"Tweet der Woche von @Gallenbitter","src":"https:\/\/i0.wp.com\/textundblog.de\/wp-content\/gallenbitter-tdw072012.png?resize=350%2C200&ssl=1","width":350,"height":200},"classes":[]},{"id":3801,"url":"https:\/\/textundblog.de\/?p=3801","url_meta":{"origin":10140,"position":5},"title":"Ganz gro\u00dfes Kino im TV: Dominik Graf &#8211; Im Angesicht des Verbrechens","author":"Markus","date":"22\/10\/2010","format":false,"excerpt":"Direktlink YouTube Mit das Beste, was es in diesem Jahr im Kino (auf der Berlinale) und im TV (auf arte) zu sehen gab, kommt ab heute Abend in der ARD. Die erste Doppelfolge wird ab 21.45 Uhr ausgestrahlt. Wer's noch nicht gesehen hat, unbedingt anschauen. Alle Ausstrahlungstermine der 10-teiligen Serie\u2026","rel":"","context":"In &quot;Kino&quot;","block_context":{"text":"Kino","link":"https:\/\/textundblog.de\/?cat=2"},"img":{"alt_text":"","src":"","width":0,"height":0},"classes":[]}],"_links":{"self":[{"href":"https:\/\/textundblog.de\/index.php?rest_route=\/wp\/v2\/posts\/10140","targetHints":{"allow":["GET"]}}],"collection":[{"href":"https:\/\/textundblog.de\/index.php?rest_route=\/wp\/v2\/posts"}],"about":[{"href":"https:\/\/textundblog.de\/index.php?rest_route=\/wp\/v2\/types\/post"}],"author":[{"embeddable":true,"href":"https:\/\/textundblog.de\/index.php?rest_route=\/wp\/v2\/users\/1"}],"replies":[{"embeddable":true,"href":"https:\/\/textundblog.de\/index.php?rest_route=%2Fwp%2Fv2%2Fcomments&post=10140"}],"version-history":[{"count":0,"href":"https:\/\/textundblog.de\/index.php?rest_route=\/wp\/v2\/posts\/10140\/revisions"}],"wp:attachment":[{"href":"https:\/\/textundblog.de\/index.php?rest_route=%2Fwp%2Fv2%2Fmedia&parent=10140"}],"wp:term":[{"taxonomy":"category","embeddable":true,"href":"https:\/\/textundblog.de\/index.php?rest_route=%2Fwp%2Fv2%2Fcategories&post=10140"},{"taxonomy":"post_tag","embeddable":true,"href":"https:\/\/textundblog.de\/index.php?rest_route=%2Fwp%2Fv2%2Ftags&post=10140"}],"curies":[{"name":"wp","href":"https:\/\/api.w.org\/{rel}","templated":true}]}}