{"id":10134,"date":"2022-02-06T12:30:17","date_gmt":"2022-02-06T11:30:17","guid":{"rendered":"https:\/\/textundblog.de\/?p=10134"},"modified":"2022-02-08T08:05:12","modified_gmt":"2022-02-08T07:05:12","slug":"mediale-generationensorge","status":"publish","type":"post","link":"https:\/\/textundblog.de\/?p=10134","title":{"rendered":"Mediale Generationensorge"},"content":{"rendered":"<p><a href=\"https:\/\/textundblog.de\/?tag=tweetderwoche\"> <img loading=\"lazy\" decoding=\"async\" src=\"wp-images\/tweetderwoche2-200x96.jpg\" alt=\"Tweet der Woche\" title=\"Tweet der Woche\" height=\"96\" width=\"200\" class=\"bildrechts\" \/><\/a> Im Lauf des Lebens dreht sich die Richtung der Erziehung von Eltern und Kindern irgendwann um. Die Eltern-Generation, die gerade noch einen sorgenvollen Blick auf den exzessiven Umgang mit mobilen Endger\u00e4ten der Jugend geworfen hatte, hinterfragt nun kritisch den Smartphone-Einsatz der \u00c4lteren. Beispielhaft beobachtet im Tweet der Woche vom <a href=\"https:\/\/twitter.com\/diktator\">@diktator<\/a>:<\/p>\n<blockquote class=\"twitter-tweet\" data-width=\"500\" data-dnt=\"true\">\n<p lang=\"de\" dir=\"ltr\">Die zwei Siebzigj\u00e4hrigen neben mir im Wartezimmer sind so sehr mit ihrem Smartphone besch\u00e4ftigt, dass ich mich schon frage, was aus dieser Generation sp\u00e4ter mal werden soll!<\/p>\n<p>&mdash; Peter Wittkamp ?? (@diktator) <a href=\"https:\/\/twitter.com\/diktator\/status\/1489521019635261441?ref_src=twsrc%5Etfw\">February 4, 2022<\/a><\/p><\/blockquote>\n<p><script async src=\"https:\/\/platform.twitter.com\/widgets.js\" charset=\"utf-8\"><\/script><\/p>\n<p>Hier geht&#8217;s zu den vergangenen <a href=\"https:\/\/textundblog.de\/?tag=tweetderwoche\">Tweets der Woche<\/a>.<\/p>\n","protected":false},"excerpt":{"rendered":"<p>Im Lauf des Lebens dreht sich die Richtung der Erziehung von Eltern und Kindern irgendwann um. Die Eltern-Generation, die gerade noch einen sorgenvollen Blick auf den exzessiven Umgang mit mobilen Endger\u00e4ten der Jugend geworfen hatte, hinterfragt nun kritisch den Smartphone-Einsatz der \u00c4lteren. Beispielhaft beobachtet im Tweet der Woche vom @diktator: Die zwei Siebzigj\u00e4hrigen neben mir [&hellip;]<\/p>\n","protected":false},"author":1,"featured_media":0,"comment_status":"open","ping_status":"open","sticky":false,"template":"","format":"standard","meta":{"site-sidebar-layout":"default","site-content-layout":"","ast-site-content-layout":"default","site-content-style":"default","site-sidebar-style":"default","ast-global-header-display":"","ast-banner-title-visibility":"","ast-main-header-display":"","ast-hfb-above-header-display":"","ast-hfb-below-header-display":"","ast-hfb-mobile-header-display":"","site-post-title":"","ast-breadcrumbs-content":"","ast-featured-img":"","footer-sml-layout":"","theme-transparent-header-meta":"","adv-header-id-meta":"","stick-header-meta":"","header-above-stick-meta":"","header-main-stick-meta":"","header-below-stick-meta":"","astra-migrate-meta-layouts":"default","ast-page-background-enabled":"default","ast-page-background-meta":{"desktop":{"background-color":"var(--ast-global-color-4)","background-image":"","background-repeat":"repeat","background-position":"center center","background-size":"auto","background-attachment":"scroll","background-type":"","background-media":"","overlay-type":"","overlay-color":"","overlay-opacity":"","overlay-gradient":""},"tablet":{"background-color":"","background-image":"","background-repeat":"repeat","background-position":"center center","background-size":"auto","background-attachment":"scroll","background-type":"","background-media":"","overlay-type":"","overlay-color":"","overlay-opacity":"","overlay-gradient":""},"mobile":{"background-color":"","background-image":"","background-repeat":"repeat","background-position":"center center","background-size":"auto","background-attachment":"scroll","background-type":"","background-media":"","overlay-type":"","overlay-color":"","overlay-opacity":"","overlay-gradient":""}},"ast-content-background-meta":{"desktop":{"background-color":"var(--ast-global-color-5)","background-image":"","background-repeat":"repeat","background-position":"center center","background-size":"auto","background-attachment":"scroll","background-type":"","background-media":"","overlay-type":"","overlay-color":"","overlay-opacity":"","overlay-gradient":""},"tablet":{"background-color":"var(--ast-global-color-5)","background-image":"","background-repeat":"repeat","background-position":"center center","background-size":"auto","background-attachment":"scroll","background-type":"","background-media":"","overlay-type":"","overlay-color":"","overlay-opacity":"","overlay-gradient":""},"mobile":{"background-color":"var(--ast-global-color-5)","background-image":"","background-repeat":"repeat","background-position":"center center","background-size":"auto","background-attachment":"scroll","background-type":"","background-media":"","overlay-type":"","overlay-color":"","overlay-opacity":"","overlay-gradient":""}},"ngg_post_thumbnail":0,"jetpack_post_was_ever_published":false,"_jetpack_newsletter_access":"","_jetpack_dont_email_post_to_subs":false,"_jetpack_newsletter_tier_id":0,"_jetpack_memberships_contains_paywalled_content":false,"_jetpack_memberships_contains_paid_content":false,"footnotes":""},"categories":[33,11],"tags":[77],"class_list":["post-10134","post","type-post","status-publish","format-standard","hentry","category-twitter","category-literatur","tag-tweetderwoche"],"jetpack_featured_media_url":"","jetpack_sharing_enabled":true,"jetpack_shortlink":"https:\/\/wp.me\/p4uzZ-2Ds","jetpack-related-posts":[{"id":9001,"url":"https:\/\/textundblog.de\/?p=9001","url_meta":{"origin":10134,"position":0},"title":"Sprache im Fluss &#8211; Bingen bei Netflix oder am Rhein","author":"Markus","date":"2\/2\/2019","format":false,"excerpt":"Sprache ist ein lebendiges Konstrukt. Neue W\u00f6rter kommen hinzu, oder bestehende Begriffe erhalten eine neue, zus\u00e4tzliche Bedeutung. Sehr sch\u00f6n veranschaulicht im Tweet der Woche von @diktator: https:\/\/twitter.com\/diktator\/status\/1090551427389370368?s=21 Und wer so alt ist, dass er Bingen nur als Stadt kennt, bitte hier entlang. Hier geht's zu den vergangenen Tweets der Woche.","rel":"","context":"In &quot;Bluesky&quot;","block_context":{"text":"Bluesky","link":"https:\/\/textundblog.de\/?cat=33"},"img":{"alt_text":"Tweet der Woche","src":"wp-images\/tweetderwoche2-200x96.jpg","width":350,"height":200},"classes":[]},{"id":9622,"url":"https:\/\/textundblog.de\/?p=9622","url_meta":{"origin":10134,"position":1},"title":"Debattierlust","author":"Markus","date":"4\/10\/2020","format":false,"excerpt":"Schon Karl Valentin hat die bei Vielen vorhandene Debattierlust trefflich beschrieben mit seinem Spruch \u201eEs ist schon alles gesagt, nur noch nicht von allen\u201c. Wer bei der Lekt\u00fcre seiner Twitter-Timeline zum 25. Mal den gleichen Kommentar liest, muss unweigerlich an Valentins Weisheit denken. Der @diktator hat in dieser Angelegenheit mal\u2026","rel":"","context":"In &quot;Bluesky&quot;","block_context":{"text":"Bluesky","link":"https:\/\/textundblog.de\/?cat=33"},"img":{"alt_text":"Tweet der Woche","src":"wp-images\/tweetderwoche2-200x96.jpg","width":350,"height":200},"classes":[]},{"id":10141,"url":"https:\/\/textundblog.de\/?p=10141","url_meta":{"origin":10134,"position":2},"title":"Der russische Diktator am L\u00fcgentisch","author":"Markus","date":"6\/3\/2022","format":false,"excerpt":"Diese absurden Bilder von Putin, der entweder mit seinen G\u00e4sten aus der westlichen Welt oder mit seinen Gener\u00e4len an extrem langen Tischen sitzt, werden wir wohl so schnell nicht aus den K\u00f6pfen bekommen. Und dann die Orwell in den Schatten stellende sprachpolitisch umgestaltete Sprache, mit der bizarren Verdrehung der Wahrheit\u2026","rel":"","context":"In &quot;Bluesky&quot;","block_context":{"text":"Bluesky","link":"https:\/\/textundblog.de\/?cat=33"},"img":{"alt_text":"Tweet der Woche","src":"wp-images\/tweetderwoche2-200x96.jpg","width":350,"height":200},"classes":[]},{"id":9709,"url":"https:\/\/textundblog.de\/?p=9709","url_meta":{"origin":10134,"position":3},"title":"Corona-Frisuren","author":"Markus","date":"17\/1\/2021","format":false,"excerpt":"Dieser Eltern-Kind-Dialog in Zeiten des Lockdowns ist f\u00fcr mich der Tweet der Woche: https:\/\/twitter.com\/alexe1789\/status\/1349980303880843265?s=21 Und hier noch ein Tipp f\u00fcr Papa. Hier geht's zu den vergangenen Tweets der Woche.","rel":"","context":"In &quot;Bluesky&quot;","block_context":{"text":"Bluesky","link":"https:\/\/textundblog.de\/?cat=33"},"img":{"alt_text":"Tweet der Woche","src":"wp-images\/tweetderwoche2-200x96.jpg","width":350,"height":200},"classes":[]},{"id":5046,"url":"https:\/\/textundblog.de\/?p=5046","url_meta":{"origin":10134,"position":4},"title":"Tweet der Woche: Herbst-Tweet von @percanta","author":"Markus","date":"12\/10\/2012","format":false,"excerpt":"Fr\u00fchling, Sommer, Herbst und Winter bringen ihre eigenen Tweets zum Vorschein. Vor allem in den Zeiten des \u00dcbergangs von einer Saison zur anderen. Twitter eignet sich trefflich, jahreszeitbedingt aus dem Alltag zu berichten. Den Wechsel der Jahreszeiten erkennt man zum Beispiel am Licht, wie heute morgen von mir auf dem\u2026","rel":"","context":"In &quot;Bluesky&quot;","block_context":{"text":"Bluesky","link":"https:\/\/textundblog.de\/?cat=33"},"img":{"alt_text":"Tweet der Woche von @percanta","src":"https:\/\/i0.wp.com\/textundblog.de\/wp-content\/percanta-tdw102012.png?resize=350%2C200&ssl=1","width":350,"height":200},"classes":[]},{"id":6487,"url":"https:\/\/textundblog.de\/?p=6487","url_meta":{"origin":10134,"position":5},"title":"Generationen\u00fcbergreifendes Lernen","author":"Markus","date":"2\/1\/2015","format":false,"excerpt":"Viele kennen das, an Weihnachten f\u00e4hrt man nach hause und die Eltern und\/oder andere Familienangeh\u00f6rige bitten um L\u00f6sung ihrer Computer-Probleme. In diesen besinnlichen Tagen hat @UteWeber das Ph\u00e4nomen in einem wunderbaren Tweet beleuchtet. Da steckt so viel Wahrheit drin, deshalb (m)ein klarer Tweet der Woche: https:\/\/twitter.com\/UteWeber\/status\/548417267902713856 Hier geht's zu den\u2026","rel":"","context":"In &quot;Bluesky&quot;","block_context":{"text":"Bluesky","link":"https:\/\/textundblog.de\/?cat=33"},"img":{"alt_text":"Tweet der Woche","src":"wp-images\/tweetderwoche2-200x96.jpg","width":350,"height":200},"classes":[]}],"_links":{"self":[{"href":"https:\/\/textundblog.de\/index.php?rest_route=\/wp\/v2\/posts\/10134","targetHints":{"allow":["GET"]}}],"collection":[{"href":"https:\/\/textundblog.de\/index.php?rest_route=\/wp\/v2\/posts"}],"about":[{"href":"https:\/\/textundblog.de\/index.php?rest_route=\/wp\/v2\/types\/post"}],"author":[{"embeddable":true,"href":"https:\/\/textundblog.de\/index.php?rest_route=\/wp\/v2\/users\/1"}],"replies":[{"embeddable":true,"href":"https:\/\/textundblog.de\/index.php?rest_route=%2Fwp%2Fv2%2Fcomments&post=10134"}],"version-history":[{"count":0,"href":"https:\/\/textundblog.de\/index.php?rest_route=\/wp\/v2\/posts\/10134\/revisions"}],"wp:attachment":[{"href":"https:\/\/textundblog.de\/index.php?rest_route=%2Fwp%2Fv2%2Fmedia&parent=10134"}],"wp:term":[{"taxonomy":"category","embeddable":true,"href":"https:\/\/textundblog.de\/index.php?rest_route=%2Fwp%2Fv2%2Fcategories&post=10134"},{"taxonomy":"post_tag","embeddable":true,"href":"https:\/\/textundblog.de\/index.php?rest_route=%2Fwp%2Fv2%2Ftags&post=10134"}],"curies":[{"name":"wp","href":"https:\/\/api.w.org\/{rel}","templated":true}]}}