{"id":10122,"date":"2022-01-28T09:45:06","date_gmt":"2022-01-28T08:45:06","guid":{"rendered":"https:\/\/textundblog.de\/?p=10122"},"modified":"2022-01-29T17:55:47","modified_gmt":"2022-01-29T16:55:47","slug":"biblioteconecta-bibliotecarios-por-el-mundo-alemania","status":"publish","type":"post","link":"https:\/\/textundblog.de\/?p=10122","title":{"rendered":"BiblioTeConecta: Bibliotecarios por el mundo &#8211; Alemania"},"content":{"rendered":"<p><a href=\"https:\/\/youtu.be\/WhbYbEoFwq4\"><img data-recalc-dims=\"1\" loading=\"lazy\" decoding=\"async\" data-attachment-id=\"10123\" data-permalink=\"https:\/\/textundblog.de\/?attachment_id=10123\" data-orig-file=\"https:\/\/i0.wp.com\/textundblog.de\/wp-content\/biblioteconecta.jpg?fit=650%2C361&amp;ssl=1\" data-orig-size=\"650,361\" data-comments-opened=\"1\" data-image-meta=\"{&quot;aperture&quot;:&quot;0&quot;,&quot;credit&quot;:&quot;&quot;,&quot;camera&quot;:&quot;&quot;,&quot;caption&quot;:&quot;&quot;,&quot;created_timestamp&quot;:&quot;0&quot;,&quot;copyright&quot;:&quot;&quot;,&quot;focal_length&quot;:&quot;0&quot;,&quot;iso&quot;:&quot;0&quot;,&quot;shutter_speed&quot;:&quot;0&quot;,&quot;title&quot;:&quot;&quot;,&quot;orientation&quot;:&quot;0&quot;}\" data-image-title=\"biblioteconecta\" data-image-description=\"\" data-image-caption=\"\" data-large-file=\"https:\/\/i0.wp.com\/textundblog.de\/wp-content\/biblioteconecta.jpg?fit=650%2C361&amp;ssl=1\" title=\"biblioteconecta\"  src=\"https:\/\/i0.wp.com\/textundblog.de\/wp-content\/biblioteconecta.jpg?resize=650%2C361&#038;ssl=1\" alt=\"\" width=\"650\" height=\"361\" class=\"aligncenter size-full wp-image-10123\" srcset=\"https:\/\/i0.wp.com\/textundblog.de\/wp-content\/biblioteconecta.jpg?w=650&amp;ssl=1 650w, https:\/\/i0.wp.com\/textundblog.de\/wp-content\/biblioteconecta.jpg?resize=300%2C167&amp;ssl=1 300w\" sizes=\"auto, (max-width: 650px) 100vw, 650px\" \/><\/a><\/p>\n<p>In der gestern ver\u00f6ffentlichten Folge &#8222;Bibliotecarios por el mundo &#8211; Alemania&#8220; des spanischen bibliothekarischen YouTube-Kanals <em>BiblioTeConecta<\/em> war ich eingeladen, mit den spanischen Kolleg*innen \u00fcber das deutsche Bibliothekssystem zu sprechen. Ich haben ihnen in einem lockeren Gespr\u00e4ch von meiner Arbeit in der Stabi Hamburg erz\u00e4hlt, sowohl \u00fcber das deutsche System der Fachinformationsdienste als auch \u00fcber die Kommunikation in den Sozialen Medien:<br \/>\n<!--more--><\/p>\n<p><span class=\"embed-youtube\" style=\"text-align:center; display: block;\"><iframe loading=\"lazy\" class=\"youtube-player\" width=\"640\" height=\"360\" src=\"https:\/\/www.youtube.com\/embed\/WhbYbEoFwq4?version=3&#038;rel=1&#038;showsearch=0&#038;showinfo=1&#038;iv_load_policy=1&#038;fs=1&#038;hl=de-DE&#038;autohide=2&#038;wmode=transparent\" allowfullscreen=\"true\" style=\"border:0;\" sandbox=\"allow-scripts allow-same-origin allow-popups allow-presentation allow-popups-to-escape-sandbox\"><\/iframe><\/span><\/p>\n<p>Das war ein sehr nettes Gespr\u00e4ch mit Jos\u00e9 Antonio Teodoro (<a href=\"https:\/\/www.twitter.com\/BiblioMontijo\">B.P.M. Montijo<\/a>), Mar\u00eda Ben\u00edtez (<a href=\"https:\/\/www.twitter.com\/bibourense\">B.P. Ourense<\/a>) und Yolanda Vallejo (<a href=\"https:\/\/www.twitter.com\/BMCadiz\">Red de B.M. C\u00e1diz<\/a>). Die drei engagierten Bibliothekar*innen ver\u00f6ffentlichen ungef\u00e4hr im Wochenrhythmus Videos, tauschen sich dabei stets \u00fcber bibiothekarische Themen aus und laden in der Reihe <em>Bibliotecarios por el mundo<\/em> Bibliothekar*innen aus anderen L\u00e4ndern ein, so wie neulich die portugiesische Kollegin Paula Santos von der Biblioteca Municipal de Beja (en el Alentejo): <a href=\"https:\/\/www.youtube.com\/watch?v=1aubuQsxJNA\">BiblioTeConecta 56 &#8211; Bibliotecarios por el mundo &#8211; Portugal<\/a>. <\/p>\n<p>Eine sehr sch\u00f6ne Idee der Vernetzung und des lockeren kollegialen Austauschs f\u00fcr alle an Bibliotheksarbeit Interessierte. Der Kanal kann unter <a href=\"https:\/\/www.youtube.com\/channel\/UC9Np85khCkLE1-YZ6YrasNA\">dieser Adresse<\/a> abonniert und auf Twitter unter <a href=\"https:\/\/twitter.com\/biblioteconecta\/\">@biblioteconecta<\/a> verfolgt werden.<\/p>\n","protected":false},"excerpt":{"rendered":"<p>In der gestern ver\u00f6ffentlichten Folge &#8222;Bibliotecarios por el mundo &#8211; Alemania&#8220; des spanischen bibliothekarischen YouTube-Kanals BiblioTeConecta war ich eingeladen, mit den spanischen Kolleg*innen \u00fcber das deutsche Bibliothekssystem zu sprechen. Ich haben ihnen in einem lockeren Gespr\u00e4ch von meiner Arbeit in der Stabi Hamburg erz\u00e4hlt, sowohl \u00fcber das deutsche System der Fachinformationsdienste als auch \u00fcber die [&hellip;]<\/p>\n","protected":false},"author":1,"featured_media":0,"comment_status":"open","ping_status":"open","sticky":false,"template":"","format":"standard","meta":{"site-sidebar-layout":"default","site-content-layout":"","ast-site-content-layout":"default","site-content-style":"default","site-sidebar-style":"default","ast-global-header-display":"","ast-banner-title-visibility":"","ast-main-header-display":"","ast-hfb-above-header-display":"","ast-hfb-below-header-display":"","ast-hfb-mobile-header-display":"","site-post-title":"","ast-breadcrumbs-content":"","ast-featured-img":"","footer-sml-layout":"","theme-transparent-header-meta":"","adv-header-id-meta":"","stick-header-meta":"","header-above-stick-meta":"","header-main-stick-meta":"","header-below-stick-meta":"","astra-migrate-meta-layouts":"default","ast-page-background-enabled":"default","ast-page-background-meta":{"desktop":{"background-color":"var(--ast-global-color-4)","background-image":"","background-repeat":"repeat","background-position":"center center","background-size":"auto","background-attachment":"scroll","background-type":"","background-media":"","overlay-type":"","overlay-color":"","overlay-opacity":"","overlay-gradient":""},"tablet":{"background-color":"","background-image":"","background-repeat":"repeat","background-position":"center center","background-size":"auto","background-attachment":"scroll","background-type":"","background-media":"","overlay-type":"","overlay-color":"","overlay-opacity":"","overlay-gradient":""},"mobile":{"background-color":"","background-image":"","background-repeat":"repeat","background-position":"center center","background-size":"auto","background-attachment":"scroll","background-type":"","background-media":"","overlay-type":"","overlay-color":"","overlay-opacity":"","overlay-gradient":""}},"ast-content-background-meta":{"desktop":{"background-color":"var(--ast-global-color-5)","background-image":"","background-repeat":"repeat","background-position":"center center","background-size":"auto","background-attachment":"scroll","background-type":"","background-media":"","overlay-type":"","overlay-color":"","overlay-opacity":"","overlay-gradient":""},"tablet":{"background-color":"var(--ast-global-color-5)","background-image":"","background-repeat":"repeat","background-position":"center center","background-size":"auto","background-attachment":"scroll","background-type":"","background-media":"","overlay-type":"","overlay-color":"","overlay-opacity":"","overlay-gradient":""},"mobile":{"background-color":"var(--ast-global-color-5)","background-image":"","background-repeat":"repeat","background-position":"center center","background-size":"auto","background-attachment":"scroll","background-type":"","background-media":"","overlay-type":"","overlay-color":"","overlay-opacity":"","overlay-gradient":""}},"ngg_post_thumbnail":0,"jetpack_post_was_ever_published":false,"_jetpack_newsletter_access":"","_jetpack_dont_email_post_to_subs":false,"_jetpack_newsletter_tier_id":0,"_jetpack_memberships_contains_paywalled_content":false,"_jetpack_memberships_contains_paid_content":false,"footnotes":""},"categories":[11,8,18],"tags":[],"class_list":["post-10122","post","type-post","status-publish","format-standard","hentry","category-literatur","category-spanisch","category-video"],"jetpack_featured_media_url":"","jetpack_sharing_enabled":true,"jetpack_shortlink":"https:\/\/wp.me\/p4uzZ-2Dg","jetpack-related-posts":[{"id":4830,"url":"https:\/\/textundblog.de\/?p=4830","url_meta":{"origin":10122,"position":0},"title":"Mordillo zum Achtzigsten","author":"Markus","date":"4\/8\/2012","format":false,"excerpt":"The getaway from Guillermo Mordillo on Vimeo. Herzlichen Gl\u00fcckwunsch zum 80., Guillermo Mordillo. In zwei Jahren d\u00fcrfen wir den ersten Kinofilm des Meisters der ansonsten ultra-kurzen Spots (meist 15-20 Sek.) erwarten. \u00abCrazy Island\u00bb soll \u2013 wie er kurz vor seinem 80. Geburtstag bekannt gab \u2013 70 Minuten lang dauern. Zum\u2026","rel":"","context":"In &quot;Literatur&quot;","block_context":{"text":"Literatur","link":"https:\/\/textundblog.de\/?cat=11"},"img":{"alt_text":"","src":"","width":0,"height":0},"classes":[]},{"id":1990,"url":"https:\/\/textundblog.de\/?p=1990","url_meta":{"origin":10122,"position":1},"title":"Wikilengua &#8211; Auf dem Weg zur Spanischen Sprache","author":"Markus","date":"11\/1\/2008","format":false,"excerpt":"Gestern wurde in Spanien ein ambitioniertes Projekt der \u00d6ffentlichkeit vorgestellt: Wikilengua, ein Wiki zur Spanischen Sprache. Weltweit sollen alle an der Spanischen Sprache Interessierten mithelfen, Informationen zu Grammatik, Orthographie und Aussprache des Spanischen zusammen zu tragen. Bleibt zu hoffen, dass es bei dem Projekt nicht bei der m\u00e4nnlichen Dominanz bleibt,\u2026","rel":"","context":"In &quot;Internet&quot;","block_context":{"text":"Internet","link":"https:\/\/textundblog.de\/?cat=4"},"img":{"alt_text":"Wikilengua","src":"https:\/\/i0.wp.com\/textundblog.de\/wp-content\/wikilengua.jpg?resize=350%2C200&ssl=1","width":350,"height":200},"classes":[]},{"id":1190,"url":"https:\/\/textundblog.de\/?p=1190","url_meta":{"origin":10122,"position":2},"title":"Dilemma des europ\u00e4ischen Kinos","author":"Markus","date":"11\/9\/2006","format":false,"excerpt":"Daniel C\u00e9sar Mart\u00edn Br\u00fchl Gonz\u00e1lez Domingo, vielen auch bekannt unter seinem Kurznamen Daniel Br\u00fchl im Chat-Interview heute in ElPa\u00eds: Entrevistas. Der Schauspieler ist als Sohn eines Deutschen und einer Spanierin in beiden L\u00e4ndern und Sprachen zuhause und steht den Lesern und Leserinnen der spanischen Tageszeitung in perfektem Spanisch Rede und\u2026","rel":"","context":"In &quot;Artikel&quot;","block_context":{"text":"Artikel","link":"https:\/\/textundblog.de\/?cat=5"},"img":{"alt_text":"Daniel Br\u00fchl","src":"https:\/\/i0.wp.com\/www.textundblog.de\/wp-content\/danielbruehl.jpg?resize=350%2C200","width":350,"height":200},"classes":[]},{"id":587,"url":"https:\/\/textundblog.de\/?p=587","url_meta":{"origin":10122,"position":3},"title":"Utopie einer Weltsprache","author":"Markus","date":"17\/10\/2005","format":false,"excerpt":"Arsenio Escolar von der Interntezeitung \u00bb20 minutos\u00ab: schreibt in seinem Blog \u00fcber die These, dass in einem Jahrhundert drei Viertel aller Sprachen auf der Welt verschwunden sein k\u00f6nnten: \u00bbLa utop\u00eda de la lengua universal\u00ab. Casi todos los expertos en ling\u00fc\u00edstica coinciden en que en un siglo habr\u00e1n desaparecido tres cuartas\u2026","rel":"","context":"In &quot;Artikel&quot;","block_context":{"text":"Artikel","link":"https:\/\/textundblog.de\/?cat=5"},"img":{"alt_text":"","src":"","width":0,"height":0},"classes":[]},{"id":1228,"url":"https:\/\/textundblog.de\/?p=1228","url_meta":{"origin":10122,"position":4},"title":"Spanischer Nationalfeiertag: Galerie der Hispanidad","author":"Markus","date":"12\/10\/2006","format":false,"excerpt":"Der heutige 12. Oktober ist Spanischer Nationalfeiertag (D\u00eda de la Hispanidad). Spanien feiert aber an diesem Tag nicht nur die Entdeckung Amerikas durch Christoph Kolumbus, sondern - wie aus der Bezeichnung \u00abD\u00eda de Hispanidad\u00bb hervorgeht, die hispanistische Kulturgemeinschaft. Das spanische Blog \u00abLa Coctelera: UN MUNDO POR CIVILIZAR\u00bb stellt aus diesem\u2026","rel":"","context":"In &quot;Foto&quot;","block_context":{"text":"Foto","link":"https:\/\/textundblog.de\/?cat=10"},"img":{"alt_text":"Flaggen der Hispanidad","src":"https:\/\/i0.wp.com\/www.textundblog.de\/wp-content\/hispanidad.jpg?resize=350%2C200","width":350,"height":200},"classes":[]},{"id":102,"url":"https:\/\/textundblog.de\/?p=102","url_meta":{"origin":10122,"position":5},"title":"Macht der Information in Zeiten der Katastrophe","author":"Markus","date":"29\/12\/2004","format":false,"excerpt":"Spanischer Artikel \u00fcber Blogs als Hilfsmittel im Katastrophenfall: A partir de la inimaginable mortandad causada por tsunamis en el Sudeste Asi\u00e1tico han surgido en la Red una serie de p\u00e1ginas 'web' con formato de 'blog' para contar lo ocurrido de primera mano, para hacer comprender la dimensi\u00f3n de la tragedia\u2026","rel":"","context":"In &quot;Artikel&quot;","block_context":{"text":"Artikel","link":"https:\/\/textundblog.de\/?cat=5"},"img":{"alt_text":"","src":"","width":0,"height":0},"classes":[]}],"_links":{"self":[{"href":"https:\/\/textundblog.de\/index.php?rest_route=\/wp\/v2\/posts\/10122","targetHints":{"allow":["GET"]}}],"collection":[{"href":"https:\/\/textundblog.de\/index.php?rest_route=\/wp\/v2\/posts"}],"about":[{"href":"https:\/\/textundblog.de\/index.php?rest_route=\/wp\/v2\/types\/post"}],"author":[{"embeddable":true,"href":"https:\/\/textundblog.de\/index.php?rest_route=\/wp\/v2\/users\/1"}],"replies":[{"embeddable":true,"href":"https:\/\/textundblog.de\/index.php?rest_route=%2Fwp%2Fv2%2Fcomments&post=10122"}],"version-history":[{"count":0,"href":"https:\/\/textundblog.de\/index.php?rest_route=\/wp\/v2\/posts\/10122\/revisions"}],"wp:attachment":[{"href":"https:\/\/textundblog.de\/index.php?rest_route=%2Fwp%2Fv2%2Fmedia&parent=10122"}],"wp:term":[{"taxonomy":"category","embeddable":true,"href":"https:\/\/textundblog.de\/index.php?rest_route=%2Fwp%2Fv2%2Fcategories&post=10122"},{"taxonomy":"post_tag","embeddable":true,"href":"https:\/\/textundblog.de\/index.php?rest_route=%2Fwp%2Fv2%2Ftags&post=10122"}],"curies":[{"name":"wp","href":"https:\/\/api.w.org\/{rel}","templated":true}]}}